{"id":419130,"date":"2025-09-26T14:40:16","date_gmt":"2025-09-26T14:40:16","guid":{"rendered":"https:\/\/www.europesays.com\/fr\/419130\/"},"modified":"2025-09-26T14:40:16","modified_gmt":"2025-09-26T14:40:16","slug":"le-musee-thyssen-de-madrid-expose-une-serie-de-photos-pour-reveiller-les-consciences","status":"publish","type":"post","link":"https:\/\/www.europesays.com\/fr\/419130\/","title":{"rendered":"le mus\u00e9e Thyssen de Madrid expose une s\u00e9rie de photos pour \u00ab\u00a0r\u00e9veiller les consciences\u00a0\u00bb"},"content":{"rendered":"\n<p class=\"c-chapo \">\n  Cette exposition en acc\u00e8s libre dans la capitale espagnole \u00ab\u00a0est un appel \u00e0 ne pas d\u00e9tourner le regard\u00a0\u00bb de ce qu&rsquo;il se passe dans la bande de Gaza.\n<\/p>\n<p>            lire plus tard<\/p>\n<p id=\"dialog__title\" class=\"dialog__title\">Pour sauvegarder cet article, connectez-vous ou cr\u00e9ez un compte franceinfo<\/p>\n<p class=\"dialog__description\">Sans paiement. Sans abonnement.<\/p>\n<p>        Fermer la fen\u00eatre d\u2019activation des notifications France Info<\/p>\n<p>            cr\u00e9er votre compte<\/p>\n<p>            se connecter<\/p>\n<p>        Fermer la fen\u00eatre de pr\u00e9sentation<\/p>\n<p>    <img loading=\"lazy\" decoding=\"async\" class=\"signature__image lazyload\" width=\"100\" height=\"100\" data- alt=\"\" src=\"https:\/\/www.europesays.com\/fr\/wp-content\/uploads\/2025\/05\/64abd44855ee1_placeholder-36b69ec8.png\"\/><\/p>\n<p>          France T\u00e9l\u00e9visions &#8211; R\u00e9daction Culture<\/p>\n<p>    Publi\u00e9 le 26\/09\/2025 12:52<\/p>\n<p>        Temps de lecture : 3min<\/p>\n<p>    <img decoding=\"async\"  alt=\"Files d'attente pour la faim \u00e0 Gaza, f\u00e9vrier\u00a02024. La famine a \u00e9t\u00e9 confirm\u00e9e dans la ville de Gaza, repr\u00e9sentant une crise d\u00e9lib\u00e9r\u00e9e, cr\u00e9\u00e9e par l'homme et provoqu\u00e9e par le gouvernement isra\u00e9lien. (THYSSEN MUSEO MADRID)\" width=\"432\" height=\"243\" src=\"https:\/\/www.europesays.com\/fr\/wp-content\/uploads\/2025\/09\/gaza-distribucion-alimentos-68d657add6aeb498506251.jpg\" fetchpriority=\"high\"\/><\/p>\n<p>      Files d&rsquo;attente pour la faim \u00e0 Gaza, f\u00e9vrier\u00a02024. La famine a \u00e9t\u00e9 confirm\u00e9e dans la ville de Gaza, repr\u00e9sentant une crise d\u00e9lib\u00e9r\u00e9e, cr\u00e9\u00e9e par l&rsquo;homme et provoqu\u00e9e par le gouvernement isra\u00e9lien. (THYSSEN MUSEO MADRID)<\/p>\n<p>Dans l&rsquo;espoir de \u00ab\u00a0r\u00e9veiller les consciences endormies\u00a0\u00bb, <a href=\"https:\/\/www.museothyssen.org\/exposiciones\/gaza-traves-sus-ojos\" target=\"_blank\" rel=\"noopener nofollow\">le mus\u00e9e Thyssen-Bornemisza de Madrid<\/a>, l&rsquo;un des plus c\u00e9l\u00e8bres de la capitale espagnole, expose depuis mardi\u00a023\u00a0septembre des clich\u00e9s r\u00e9alis\u00e9s par des photojournalistes dans la bande de Gaza assi\u00e9g\u00e9e depuis octobre\u00a02023. \u00ab\u00a0La destruction de Gaza est apocalyptique\u00a0\u00bb, \u00e9crit le mus\u00e9e dans sa pr\u00e9sentation, \u00ab\u00a0des quartiers et des villes entiers ont \u00e9t\u00e9 ras\u00e9s\u00a0\u00bb.<\/p>\n<p>R\u00e9unissant vingt-sept photographies, l&rsquo;exposition Gaza a trav\u00e9s de sus ojos (Gaza \u00e0 travers leurs yeux), en acc\u00e8s libre jusqu&rsquo;au 19\u00a0octobre, occupe le hall principal du mus\u00e9e madril\u00e8ne. Elle montre des sc\u00e8nes de Gazaouis recevant eau et nourriture distribu\u00e9es par l&rsquo;aide humanitaire ou d&rsquo;enfants se rendant dans des \u00e9coles improvis\u00e9es parmi les d\u00e9combres de b\u00e2timents d\u00e9truits.<\/p>\n<p>    <img decoding=\"async\" class=\"cms-media-image lazyload\" alt=\"L'UNRWA g\u00e8re la collecte des d\u00e9chets pour freiner la propagation des maladies dans un contexte de surpopulation, de chaleur et de p\u00e9nurie de fournitures m\u00e9dicales. (THYSSEN MUSEO MADRID)\" width=\"720\" height=\"479.93142857143\" data- src=\"https:\/\/www.europesays.com\/fr\/wp-content\/uploads\/2025\/09\/gaza-residuos-68d6564eb00d6053166187.jpg\"\/><\/p>\n<p>      L&rsquo;UNRWA g\u00e8re la collecte des d\u00e9chets pour freiner la propagation des maladies dans un contexte de surpopulation, de chaleur et de p\u00e9nurie de fournitures m\u00e9dicales. (THYSSEN MUSEO MADRID)<\/p>\n<p>\u00ab\u00a0Ces photos documentent les bombardements et la destruction de la bande de Gaza, le d\u00e9placement forc\u00e9 de la population, les bombardements des infrastructures civiles telles que les h\u00f4pitaux et les \u00e9coles des Nations unies, mais aussi la famine\u00a0\u00bb, d\u00e9crit Raquel Marti, directrice ex\u00e9cutive de l&rsquo;UNRWA Espagne, l&rsquo;agence de l&rsquo;ONU pour les r\u00e9fugi\u00e9s palestiniens, partenaire de l&rsquo;exposition.<\/p>\n<p>\u00ab\u00a0Ce ne sont pas des images lointaines, ce sont des regards humains qui nous obligent \u00e0 reconna\u00eetre la dignit\u00e9 d&rsquo;un peuple qui souffre\u00a0\u00bb, a salu\u00e9 le ministre de la Culture Ernest Urtasun lors d&rsquo;une conf\u00e9rence de presse.<\/p>\n<p>    <img decoding=\"async\" class=\"cms-media-image lazyload\" alt=\"Environ 1,4\u00a0million de personnes ont \u00e9t\u00e9 d\u00e9plac\u00e9es du jour au lendemain, forc\u00e9es de fuir avec tout ce qu'elles pouvaient emporter, en mai\u00a02024. (THYSSEN MUSEO MADRID)\" width=\"720\" height=\"479.93142857143\" data- src=\"https:\/\/www.europesays.com\/fr\/wp-content\/uploads\/2025\/09\/gaza-rafah-desplazamientos-68d65862db25e709249408.jpg\"\/><\/p>\n<p>      Environ 1,4\u00a0million de personnes ont \u00e9t\u00e9 d\u00e9plac\u00e9es du jour au lendemain, forc\u00e9es de fuir avec tout ce qu&rsquo;elles pouvaient emporter, en mai\u00a02024. (THYSSEN MUSEO MADRID)<\/p>\n<p>Le directeur artistique du mus\u00e9e, Guillermo Solana, a de son c\u00f4t\u00e9 exprim\u00e9 l&rsquo;ambition qu&rsquo;elle \u00ab\u00a0serve de r\u00e9veil pour les consciences endormies, comme un moyen d&rsquo;ouvrir les yeux \u00e0 ceux qui refusent encore de voir et d\u00e9tournent le regard de ce qui se passe\u00a0\u00bb.<\/p>\n<p>Sous les vingt-sept photographies ne figure aucun nom\u00a0: \u00ab\u00a0Nous n&rsquo;avons pas voulu mettre leurs noms (aux photojournalistes) pour pr\u00e9server leur int\u00e9grit\u00e9 et \u00e9viter qu&rsquo;ils ne soient assassin\u00e9s\u00a0\u00bb, assure Raquel Marti, qui consid\u00e8re cet anonymat r\u00e9v\u00e9lateur d&rsquo;une \u00ab\u00a0triste r\u00e9alit\u00e9 qui caract\u00e9rise la situation des journalistes \u00e0 Gaza\u00a0\u00bb, qui risquent leur vie pour t\u00e9moigner de ce qu&rsquo;il s&rsquo;y passe.<\/p>\n<p>    <img decoding=\"async\" class=\"cms-media-image lazyload\" alt=\"Un membre de l'\u00e9quipe de l'UNRWA transporte un enfant bless\u00e9 \u00e0 travers une \u00e9cole transform\u00e9e en abri dans le centre de Gaza, l'un des 150\u00a0abris d'urgence g\u00e9r\u00e9s par l'UNRWA, en janvier\u00a02024. (THYSSEN MUSEO MADRID)\" width=\"720\" height=\"479.93142857143\" data- src=\"https:\/\/www.europesays.com\/fr\/wp-content\/uploads\/2025\/09\/gaza-miembro-unrwa-68d658d980fbc720928668.jpg\"\/><\/p>\n<p>      Un membre de l&rsquo;\u00e9quipe de l&rsquo;UNRWA transporte un enfant bless\u00e9 \u00e0 travers une \u00e9cole transform\u00e9e en abri dans le centre de Gaza, l&rsquo;un des 150\u00a0abris d&rsquo;urgence g\u00e9r\u00e9s par l&rsquo;UNRWA, en janvier\u00a02024. (THYSSEN MUSEO MADRID)<\/p>\n<p>Alors que les autorit\u00e9s isra\u00e9liennes continuent d&rsquo;interdire l&rsquo;acc\u00e8s \u00e0 Gaza aux m\u00e9dias internationaux, Reporter Sans Fronti\u00e8res (RSF) a d\u00e9compt\u00e9 plus de 210\u00a0journalistes tu\u00e9s sur place depuis le d\u00e9but des op\u00e9rations militaires isra\u00e9liennes, men\u00e9es en repr\u00e9sailles \u00e0 l&rsquo;attaque du 7\u00a0octobre\u00a02023 orchestr\u00e9e par le mouvement islamiste Hamas.<\/p>\n<p>Ce n&rsquo;est pas la premi\u00e8re fois que le Thyssen-Bornemisza fait entrer la guerre dans ses galeries\u00a0: en 2022, le mus\u00e9e avait expos\u00e9 une soixantaine d&rsquo;\u0153uvres d&rsquo;art ukrainiennes qui avaient \u00e9t\u00e9 d\u00e9plac\u00e9es de Kiev pour les mettre \u00e0 l&rsquo;abri face \u00e0 l&rsquo;invasion russe.<\/p>\n","protected":false},"excerpt":{"rendered":"Cette exposition en acc\u00e8s libre dans la capitale espagnole \u00ab\u00a0est un appel \u00e0 ne pas d\u00e9tourner le regard\u00a0\u00bb&hellip;\n","protected":false},"author":2,"featured_media":419131,"comment_status":"","ping_status":"","sticky":false,"template":"","format":"standard","meta":{"footnotes":""},"categories":[1358],"tags":[1348,1384,1385,1386,58,59,1011,27],"class_list":{"0":"post-419130","1":"post","2":"type-post","3":"status-publish","4":"format-standard","5":"has-post-thumbnail","7":"category-arts-et-design","8":"tag-arts","9":"tag-arts-and-design","10":"tag-arts-et-design","11":"tag-design","12":"tag-divertissement","13":"tag-entertainment","14":"tag-fr","15":"tag-france"},"share_on_mastodon":{"url":"https:\/\/pubeurope.com\/@fr\/115271121434197920","error":""},"_links":{"self":[{"href":"https:\/\/www.europesays.com\/fr\/wp-json\/wp\/v2\/posts\/419130","targetHints":{"allow":["GET"]}}],"collection":[{"href":"https:\/\/www.europesays.com\/fr\/wp-json\/wp\/v2\/posts"}],"about":[{"href":"https:\/\/www.europesays.com\/fr\/wp-json\/wp\/v2\/types\/post"}],"author":[{"embeddable":true,"href":"https:\/\/www.europesays.com\/fr\/wp-json\/wp\/v2\/users\/2"}],"replies":[{"embeddable":true,"href":"https:\/\/www.europesays.com\/fr\/wp-json\/wp\/v2\/comments?post=419130"}],"version-history":[{"count":0,"href":"https:\/\/www.europesays.com\/fr\/wp-json\/wp\/v2\/posts\/419130\/revisions"}],"wp:featuredmedia":[{"embeddable":true,"href":"https:\/\/www.europesays.com\/fr\/wp-json\/wp\/v2\/media\/419131"}],"wp:attachment":[{"href":"https:\/\/www.europesays.com\/fr\/wp-json\/wp\/v2\/media?parent=419130"}],"wp:term":[{"taxonomy":"category","embeddable":true,"href":"https:\/\/www.europesays.com\/fr\/wp-json\/wp\/v2\/categories?post=419130"},{"taxonomy":"post_tag","embeddable":true,"href":"https:\/\/www.europesays.com\/fr\/wp-json\/wp\/v2\/tags?post=419130"}],"curies":[{"name":"wp","href":"https:\/\/api.w.org\/{rel}","templated":true}]}}