{"id":419140,"date":"2025-09-26T14:46:10","date_gmt":"2025-09-26T14:46:10","guid":{"rendered":"https:\/\/www.europesays.com\/fr\/419140\/"},"modified":"2025-09-26T14:46:10","modified_gmt":"2025-09-26T14:46:10","slug":"que-sait-on-sur-le-nouveau-vraint-du-covid-dont-le-nombre-cas-augmente","status":"publish","type":"post","link":"https:\/\/www.europesays.com\/fr\/419140\/","title":{"rendered":"que sait-on sur le nouveau vraint du Covid dont le nombre cas augmente"},"content":{"rendered":"<p>Le site <a href=\"https:\/\/www.santepubliquefrance.fr\/surveillance-syndromique-sursaud-R\/documents\/bulletin-national\/2025\/bulletin-national-d-information-oscour-du-23-septembre-2025\" target=\"_blank\" rel=\"noopener\">Sant\u00e9 France publique<\/a> annonce que le nombre de <a href=\"https:\/\/www.laprovence.com\/article\/sante\/7402305765641414\/rappel-a-lordre-pour-les-pharmaciens-ayant-appele-au-boycott-des-vaccins-contre-le-covid-19\" target=\"_blank\" rel=\"noopener\">Covid-19<\/a> est en progression ces derni\u00e8res semaines en France. Et ce depuis la fin ao\u00fbt jusqu&rsquo;\u00e0 ces derniers jours selon les graphiques de l&rsquo;organisme.<\/p>\n<p>En particulier chez les adultes, o\u00f9 la hausse des hospitalisations atteint les 37 % (soit 375 passages en plus). \u00ab\u00a0Chez les enfants, on note une premi\u00e8re semaine de baisse\u00a0\u00bb, rassure l&rsquo;institution. Pas moins de 26053 nouveaux cas positifs, au total, ont \u00e9t\u00e9 enregistr\u00e9s, du 8 au 14 septembre.<\/p>\n<p>Selon <a href=\"https:\/\/www.rtl.fr\/actu\/sante\/un-nouveau-variant-qui-echappe-au-systeme-immunitaire-faut-il-s-attendre-a-un-rebond-de-l-epidemie-de-covid-cet-automne-7900544995\" target=\"_blank\" rel=\"noopener\">le site de RTL<\/a>, cette nouvelle vague arriverait avec un nouveau variant <strong>\u00ab\u00a0qui \u00e9chappe au syst\u00e8me immunitaire\u00a0\u00bb<\/strong>, selon les propos de Benjamin Davido, \u00e9pid\u00e9miologiste qui travaille \u00e0 l&rsquo;H\u00f4pital Raymond-Poincar\u00e9 de Garches, qui a \u00e9t\u00e9 interview\u00e9 sur<a href=\"https:\/\/www.tf1info.fr\/sante\/video-plus-de-26-000-nouveaux-cas-de-covid-19-en-septembre-un-nouveau-variant-identifie-2396525.html\" target=\"_blank\" rel=\"noopener\"> TF1 Info<\/a>. Son appellation officielle est : XFG\u00a0\u00bb ou \u00ab\u00a0Stratus\u00a0\u00bb, mais on en parle aussi sous le nom tr\u00e8s parlant de<strong>\u00a0\u00ab\u00a0Frankenstein\u00a0\u00bb<\/strong>.\u00a0<\/p>\n<p>Quel rapport a-t-il avec ce personnage de fiction qui appara\u00eet pour la premi\u00e8re fois dans un roman de Mary Shelley ?Il est en fait, comme Frankenstein, le r\u00e9sultat de l&rsquo;<strong>hybridation de plusieurs souches du virus<\/strong>.<\/p>\n","protected":false},"excerpt":{"rendered":"Le site Sant\u00e9 France publique annonce que le nombre de Covid-19 est en progression ces derni\u00e8res semaines en&hellip;\n","protected":false},"author":2,"featured_media":419141,"comment_status":"","ping_status":"","sticky":false,"template":"","format":"standard","meta":{"footnotes":""},"categories":[10],"tags":[17,4357,1011,27,72,4565,7555,3583,54860,54861,71,24504],"class_list":{"0":"post-419140","1":"post","2":"type-post","3":"status-publish","4":"format-standard","5":"has-post-thumbnail","7":"category-sante","8":"tag-17","9":"tag-covid-19","10":"tag-fr","11":"tag-france","12":"tag-health","13":"tag-nouveau","14":"tag-pourquoi","15":"tag-qui","16":"tag-repand","17":"tag-sappelle","18":"tag-sante","19":"tag-variant"},"share_on_mastodon":{"url":"https:\/\/pubeurope.com\/@fr\/115271144846887318","error":""},"_links":{"self":[{"href":"https:\/\/www.europesays.com\/fr\/wp-json\/wp\/v2\/posts\/419140","targetHints":{"allow":["GET"]}}],"collection":[{"href":"https:\/\/www.europesays.com\/fr\/wp-json\/wp\/v2\/posts"}],"about":[{"href":"https:\/\/www.europesays.com\/fr\/wp-json\/wp\/v2\/types\/post"}],"author":[{"embeddable":true,"href":"https:\/\/www.europesays.com\/fr\/wp-json\/wp\/v2\/users\/2"}],"replies":[{"embeddable":true,"href":"https:\/\/www.europesays.com\/fr\/wp-json\/wp\/v2\/comments?post=419140"}],"version-history":[{"count":0,"href":"https:\/\/www.europesays.com\/fr\/wp-json\/wp\/v2\/posts\/419140\/revisions"}],"wp:featuredmedia":[{"embeddable":true,"href":"https:\/\/www.europesays.com\/fr\/wp-json\/wp\/v2\/media\/419141"}],"wp:attachment":[{"href":"https:\/\/www.europesays.com\/fr\/wp-json\/wp\/v2\/media?parent=419140"}],"wp:term":[{"taxonomy":"category","embeddable":true,"href":"https:\/\/www.europesays.com\/fr\/wp-json\/wp\/v2\/categories?post=419140"},{"taxonomy":"post_tag","embeddable":true,"href":"https:\/\/www.europesays.com\/fr\/wp-json\/wp\/v2\/tags?post=419140"}],"curies":[{"name":"wp","href":"https:\/\/api.w.org\/{rel}","templated":true}]}}