{"id":419156,"date":"2025-09-26T14:55:13","date_gmt":"2025-09-26T14:55:13","guid":{"rendered":"https:\/\/www.europesays.com\/fr\/419156\/"},"modified":"2025-09-26T14:55:13","modified_gmt":"2025-09-26T14:55:13","slug":"loire-interpelle-a-saint-etienne-pour-executer-une-peine-de-prison-apres-un-vol-commis-en-2021","status":"publish","type":"post","link":"https:\/\/www.europesays.com\/fr\/419156\/","title":{"rendered":"Loire. Interpell\u00e9 \u00e0 Saint-\u00c9tienne pour ex\u00e9cuter une peine de prison apr\u00e8s un vol commis en 2021"},"content":{"rendered":"<p>Un \u00e9quipage du Groupe de s\u00e9curit\u00e9 de proximit\u00e9 se trouvait en faction dans le quartier de Ch\u00e2teaucreux ce mercredi 24\u00a0septembre quand l\u2019un de ses membres a rep\u00e9r\u00e9 un individu recherch\u00e9 pour une ex\u00e9cution de peine.<\/p>\n<p>L\u2019homme, \u00e2g\u00e9 de 44 ans, avait \u00e9t\u00e9 condamn\u00e9 \u00e0 une peine de 18 mois d\u2019emprisonnement pour des faits de vol avec violences commis \u00e0 Saint-\u00c9tienne en ao\u00fbt\u00a02021. La victime s\u2019\u00e9tait vue prescrire une incapacit\u00e9 totale de travail sup\u00e9rieure \u00e0 huit jours.<\/p>\n<p>Le quadrag\u00e9naire a \u00e9t\u00e9 interpell\u00e9 puis plac\u00e9 en garde \u00e0 vue afin d\u2019\u00eatre auditionn\u00e9. \u00c0 l\u2019issue, selon une source polici\u00e8re, il a \u00e9t\u00e9 pr\u00e9sent\u00e9 \u00e0 un magistrat qui a d\u00e9cid\u00e9 son incarc\u00e9ration au sein de la maison d\u2019arr\u00eat de La Talaudi\u00e8re.<\/p>\n","protected":false},"excerpt":{"rendered":"Un \u00e9quipage du Groupe de s\u00e9curit\u00e9 de proximit\u00e9 se trouvait en faction dans le quartier de Ch\u00e2teaucreux ce&hellip;\n","protected":false},"author":2,"featured_media":419157,"comment_status":"","ping_status":"","sticky":false,"template":"","format":"standard","meta":{"footnotes":""},"categories":[9653],"tags":[1111,11,2430,271,272,7539,1777,674,274,1011,27,3367,12,25,4001,7538,104],"class_list":{"0":"post-419156","1":"post","2":"type-post","3":"status-publish","4":"format-standard","5":"has-post-thumbnail","7":"category-saint-etienne","8":"tag-actu","9":"tag-actualites","10":"tag-auvergne-rhone-alpes","11":"tag-crime","12":"tag-delit-et-contravention","13":"tag-edition-loire-sud","14":"tag-eu","15":"tag-europe","16":"tag-faits-divers-justice","17":"tag-fr","18":"tag-france","19":"tag-loire","20":"tag-news","21":"tag-republique-francaise","22":"tag-saint-etienne","23":"tag-saint-etienne-ville","24":"tag-societe"},"share_on_mastodon":{"url":"https:\/\/pubeurope.com\/@fr\/115271180284766099","error":""},"_links":{"self":[{"href":"https:\/\/www.europesays.com\/fr\/wp-json\/wp\/v2\/posts\/419156","targetHints":{"allow":["GET"]}}],"collection":[{"href":"https:\/\/www.europesays.com\/fr\/wp-json\/wp\/v2\/posts"}],"about":[{"href":"https:\/\/www.europesays.com\/fr\/wp-json\/wp\/v2\/types\/post"}],"author":[{"embeddable":true,"href":"https:\/\/www.europesays.com\/fr\/wp-json\/wp\/v2\/users\/2"}],"replies":[{"embeddable":true,"href":"https:\/\/www.europesays.com\/fr\/wp-json\/wp\/v2\/comments?post=419156"}],"version-history":[{"count":0,"href":"https:\/\/www.europesays.com\/fr\/wp-json\/wp\/v2\/posts\/419156\/revisions"}],"wp:featuredmedia":[{"embeddable":true,"href":"https:\/\/www.europesays.com\/fr\/wp-json\/wp\/v2\/media\/419157"}],"wp:attachment":[{"href":"https:\/\/www.europesays.com\/fr\/wp-json\/wp\/v2\/media?parent=419156"}],"wp:term":[{"taxonomy":"category","embeddable":true,"href":"https:\/\/www.europesays.com\/fr\/wp-json\/wp\/v2\/categories?post=419156"},{"taxonomy":"post_tag","embeddable":true,"href":"https:\/\/www.europesays.com\/fr\/wp-json\/wp\/v2\/tags?post=419156"}],"curies":[{"name":"wp","href":"https:\/\/api.w.org\/{rel}","templated":true}]}}