{"id":419164,"date":"2025-09-26T14:59:12","date_gmt":"2025-09-26T14:59:12","guid":{"rendered":"https:\/\/www.europesays.com\/fr\/419164\/"},"modified":"2025-09-26T14:59:12","modified_gmt":"2025-09-26T14:59:12","slug":"toulon-provence-mediterranee-une-metropole-un-peu-plus-ecolo","status":"publish","type":"post","link":"https:\/\/www.europesays.com\/fr\/419164\/","title":{"rendered":"Toulon Provence M\u00e9diterran\u00e9e, une M\u00e9tropole un peu plus \u00e9colo"},"content":{"rendered":"<p><img loading=\"lazy\" decoding=\"async\" alt=\"\u00a9 K. Sarrazin - Il a notamment \u00e9t\u00e9 question de la seconde phase du Contrat de baie.\" data-zoom-src=\"https:\/\/www.europesays.com\/fr\/wp-content\/uploads\/2025\/09\/initial-toulon-provence-mediterranee-contrat-baie.jpg\" data-zoomable=\"\" height=\"702\" src=\"https:\/\/www.europesays.com\/fr\/wp-content\/uploads\/2025\/09\/initial-toulon-provence-mediterranee-contrat-baie.jpg\" width=\"1248\"\/>  <\/p>\n<p class=\"article-desc\">\u00a9 K. Sarrazin &#8211; Il a notamment \u00e9t\u00e9 question de la seconde phase du Contrat de baie. <\/p>\n<p>La pr\u00e9servation de<strong> la qualit\u00e9 de l\u2019eau et des milieux aquatiques<\/strong> est un domaine dans lequel la M\u00e9tropole Toulon Provence M\u00e9diterran\u00e9e travaille depuis plus de 20 ans. <\/p>\n<p>Le dernier <a href=\"https:\/\/mesinfos.fr\/provence-alpes-cote-d-azur\/rade-de-toulon-et-iles-dor-contrat-de-baie-pour-proteger-milieux-aquatiques-178896.html\" rel=\"noopener nofollow\" target=\"_blank\">Contrat de baie de la rade de Toulon et des \u00eeles d\u2019Or<\/a>, port\u00e9 par Gilles Vincent, vice-pr\u00e9sident de TPM et maire de Saint-Mandrier, a permis de mobiliser les acteurs autour d\u2019actions concr\u00e8tes depuis son lancement en 2023. <\/p>\n<p>Le suivi de la qualit\u00e9 des eaux portuaires dans les aires de car\u00e9nage, la mise en place de robots Dpol ou les d\u00e9marches de certification Port propre, comme \u00e0 Toulon ou Carqueiranne, en t\u00e9moignent. <\/p>\n<p>Une deuxi\u00e8me phase du Contrat de baie <\/p>\n<p><strong>La phase 2 (2025-2027) du Contrat de baie d\u00e9bute<\/strong>, TPM a valid\u00e9 son engagement lors du conseil m\u00e9tropolitain du 24 septembre. Des actions ont \u00e9t\u00e9 red\u00e9finies autour de plusieurs strat\u00e9gies : \u00ab\u00a0Ville perm\u00e9able\u00a0\u00bb a pour ambition de r\u00e9duire la part des surfaces imperm\u00e9ables dans les communes afin de faire face aux al\u00e9as climatiques. <\/p>\n<p>D\u2019autres volets visent \u00e0 <strong>garantir la qualit\u00e9 des eaux potables<\/strong> face aux pollutions, qu\u2019elles soient industrielles, agricoles ou autres, \u00e0 am\u00e9liorer les r\u00e9seaux et \u00e0 r\u00e9duire les fuites, mais \u00e9galement \u00e0 favoriser <strong>la r\u00e9utilisation des eaux us\u00e9es<\/strong>. Des actions doivent concerner les ports, les zones humides, les cours d\u2019eau comme les eaux souterraines.<\/p>\n<p> Face aux al\u00e9as climatiques <\/p>\n<p>Une d\u00e9lib\u00e9ration concernant la perm\u00e9abilit\u00e9 des sols a d\u2019ailleurs \u00e9t\u00e9 approuv\u00e9e lors de la s\u00e9ance. Amaury Navarrane, conseiller Rassemblement National d&rsquo;opposition,\u00a0a exhort\u00e9 le pr\u00e9sident de la M\u00e9tropole \u00e0 amplifier cette d\u00e9marche, prenant comme exemple les inondations du 21 septembre, notamment \u00e0 Toulon.<\/p>\n<p>Jean-Pierre Giran a opin\u00e9 en soulignant l\u2019antinomie de la d\u00e9marche avec l\u2019obligation de construire des logements sociaux. La circulation des eaux pluviales est un point \u00e0 prendre en compte dans les futurs am\u00e9nagements du territoire qui sont amen\u00e9s \u00e0 \u00eatre red\u00e9finis dans<strong> le futur PLUi <\/strong>(Plan local d&rsquo;urbanisme intercommunal), la comp\u00e9tence urbanisme appartenant dor\u00e9navant \u00e0 la M\u00e9tropole. <\/p>\n<p>La question du recul du trait de c\u00f4te <\/p>\n<p>Les collectivit\u00e9s peuvent \u00eatre accompagn\u00e9es afin de pr\u00e9voir les solutions les plus adapt\u00e9es face aux al\u00e9as et risques naturels. Elles sont aussi contr\u00f4l\u00e9es pour v\u00e9rifier l\u2019efficacit\u00e9 des mesures prises et les aider \u00e0 poursuivre leurs actions. Le rapport de la Chambre r\u00e9gionale des comptes Provence-Alpes-C\u00f4te d\u2019Azur a \u00e9t\u00e9 pr\u00e9sent\u00e9 et approuv\u00e9 lors de la s\u00e9ance. <\/p>\n<p>\u00ab Des avanc\u00e9es notables en mati\u00e8re de qualit\u00e9 des eaux et des milieux aquatiques \u00bb y sont not\u00e9es sur la m\u00e9tropole ainsi que d\u2019importants investissements allou\u00e9s \u00e0 la gestion et la protection du littoral du territoire. La commune de La Seyne-sur-Mer a du reste r\u00e9cemment fait la demande d\u2019inscription sur la liste des <strong>communes expos\u00e9es au recul du trait de c\u00f4te<\/strong>.<\/p>\n<p> D\u00e9carboner les villes de la m\u00e9tropole Toulon Provence M\u00e9diterran\u00e9e <\/p>\n<p>Le <strong>plan Climat-Air-\u00c9nergie<\/strong>, arr\u00eat\u00e9 en f\u00e9vrier dernier, compl\u00e8te les dispositions arr\u00eat\u00e9es, pour garantir aussi la qualit\u00e9 de l\u2019air et s\u2019appuyer un peu plus sur les \u00e9nergies renouvelables. <\/p>\n<p>Enfin, sur la mobilit\u00e9, le conseil m\u00e9tropolitain a act\u00e9 l\u2019adh\u00e9sion de la M\u00e9tropole au <strong>R\u00e9seau v\u00e9lo et marche<\/strong> pour favoriser les modes de d\u00e9placements d\u00e9carbon\u00e9s. La collectivit\u00e9 doit d\u2019ailleurs pr\u00e9senter d\u2019ici la fin de l\u2019ann\u00e9e son plan de mobilit\u00e9 pour la p\u00e9riode 2025-2035. <\/p>\n<p>Il devrait miser sur <a href=\"https:\/\/mesinfos.fr\/provence-alpes-cote-d-azur\/bhns-le-oui-mais-de-la-commission-d-enquete-publique-227875.html\" rel=\"noopener nofollow\" target=\"_blank\">le d\u00e9veloppement attendu du BHNS<\/a> et sans doute aussi l\u2019am\u00e9lioration du r\u00e9seau de pistes cyclables. Car dans le barom\u00e8tre des villes cyclables \u00e9tabli par la F\u00e9d\u00e9ration des usagers de la bicyclette (FUB), seules Carqueiranne et Le Pradet ont \u00e9t\u00e9 bien not\u00e9es (B et C), tandis que Toulon, La Seyne, Ollioules ou Hy\u00e8res obtiennent la note de F.<\/p>\n","protected":false},"excerpt":{"rendered":"\u00a9 K. Sarrazin &#8211; Il a notamment \u00e9t\u00e9 question de la seconde phase du Contrat de baie. La&hellip;\n","protected":false},"author":2,"featured_media":419165,"comment_status":"","ping_status":"","sticky":false,"template":"","format":"standard","meta":{"footnotes":""},"categories":[9619],"tags":[1111,11,1777,674,1011,27,2839,3135,12,2895,882,25,2310],"class_list":{"0":"post-419164","1":"post","2":"type-post","3":"status-publish","4":"format-standard","5":"has-post-thumbnail","7":"category-toulon","8":"tag-actu","9":"tag-actualites","10":"tag-eu","11":"tag-europe","12":"tag-fr","13":"tag-france","14":"tag-inondations","15":"tag-littoral","16":"tag-news","17":"tag-piste-cyclable","18":"tag-provence-alpes-cote-dazur","19":"tag-republique-francaise","20":"tag-toulon"},"share_on_mastodon":{"url":"https:\/\/pubeurope.com\/@fr\/115271196170721803","error":""},"_links":{"self":[{"href":"https:\/\/www.europesays.com\/fr\/wp-json\/wp\/v2\/posts\/419164","targetHints":{"allow":["GET"]}}],"collection":[{"href":"https:\/\/www.europesays.com\/fr\/wp-json\/wp\/v2\/posts"}],"about":[{"href":"https:\/\/www.europesays.com\/fr\/wp-json\/wp\/v2\/types\/post"}],"author":[{"embeddable":true,"href":"https:\/\/www.europesays.com\/fr\/wp-json\/wp\/v2\/users\/2"}],"replies":[{"embeddable":true,"href":"https:\/\/www.europesays.com\/fr\/wp-json\/wp\/v2\/comments?post=419164"}],"version-history":[{"count":0,"href":"https:\/\/www.europesays.com\/fr\/wp-json\/wp\/v2\/posts\/419164\/revisions"}],"wp:featuredmedia":[{"embeddable":true,"href":"https:\/\/www.europesays.com\/fr\/wp-json\/wp\/v2\/media\/419165"}],"wp:attachment":[{"href":"https:\/\/www.europesays.com\/fr\/wp-json\/wp\/v2\/media?parent=419164"}],"wp:term":[{"taxonomy":"category","embeddable":true,"href":"https:\/\/www.europesays.com\/fr\/wp-json\/wp\/v2\/categories?post=419164"},{"taxonomy":"post_tag","embeddable":true,"href":"https:\/\/www.europesays.com\/fr\/wp-json\/wp\/v2\/tags?post=419164"}],"curies":[{"name":"wp","href":"https:\/\/api.w.org\/{rel}","templated":true}]}}