{"id":419168,"date":"2025-09-26T15:01:11","date_gmt":"2025-09-26T15:01:11","guid":{"rendered":"https:\/\/www.europesays.com\/fr\/419168\/"},"modified":"2025-09-26T15:01:11","modified_gmt":"2025-09-26T15:01:11","slug":"a-13-ans-seulement-il-tente-de-racketter-un-eleve-a-lentree-du-lycee-jules-ferry","status":"publish","type":"post","link":"https:\/\/www.europesays.com\/fr\/419168\/","title":{"rendered":"\u00e0 13 ans seulement, il tente de racketter un \u00e9l\u00e8ve \u00e0 l\u2019entr\u00e9e du lyc\u00e9e Jules Ferry"},"content":{"rendered":"<p>            Par<br \/>\n        <strong><br \/>\n            <a href=\"https:\/\/actu.fr\/auteur\/lea-pippinato\" title=\"Consulter tous les articles de L\u00e9a Pippinato\" rel=\"nofollow noopener\" target=\"_blank\">L\u00e9a Pippinato<\/a><br \/>\n        <\/strong><\/p>\n<p>        Publi\u00e9 le<\/p>\n<p>            26 sept. 2025 \u00e0 16h43        <\/p>\n<p><strong>Ce lundi 22 septembre 2025<\/strong>, vers 13h30, dans le quartier de la Chamberte, \u00e0 Montpellier, l\u2019ambiance se tend aux abords du lyc\u00e9e Jules Ferry. Un adolescent de 16 ans s\u2019appr\u00eate \u00e0 franchir l\u2019entr\u00e9e lorsqu\u2019un gar\u00e7on plus jeune, entour\u00e9 de plusieurs camarades, lui bloque le passage. L\u2019un d\u2019eux exige de l\u2019argent.<\/p>\n<p>    <a href=\"https:\/\/www.google.com\/maps\/embed?pb=!1m18!1m12!1m3!1d712617.1014553502!2d4.835123899999999!3d45.7579507!2m3!1f0!2f0!3f0!3m2!1i1024!2i768!4f13.1!3m3!1m2!1s0x12b6ae6131c0d293%3A0x49f9775f32e21c60!2sLyc%C3%A9e%20Jules%20Ferry!5e0!3m2!1sfr!2sfr!4v1758876419608!5m2!1sfr!2sfr\" title=\"Ouvrie le lien\" rel=\"nofollow noopener\" target=\"_blank\">Cliquez ici pour visualiser le contenu<\/a><\/p>\n<p class=\" wall-content\">La victime refuse et parvient \u00e0 p\u00e9n\u00e9trer dans l\u2019\u00e9tablissement. Le jeune alerte aussit\u00f4t le personnel \u00e9ducatif et explique que ce n\u2019est pas la premi\u00e8re fois que cet individu le prend pour cible. L\u2019\u00e9quipe du lyc\u00e9e d\u00e9cide de pr\u00e9venir la police.<\/p>\n<p>Une intervention rapide des forces de l\u2019ordre<\/p>\n<p class=\" wall-content\">Les policiers ne tardent pas \u00e0 se mobiliser. En fin d\u2019apr\u00e8s-midi, entre 16h et 17h, une patrouille se poste pr\u00e8s de la sortie des cours. Les agents rep\u00e8rent le jeune suspect et proc\u00e8dent \u00e0 son interpellation sans incident. Le mis en cause est \u00e2g\u00e9 de seulement 13 ans. D\u00e9j\u00e0 connu des services de police, il est imm\u00e9diatement plac\u00e9 en garde \u00e0 vue. La victime l\u2019identifie formellement.<\/p>\n<p class=\" wall-content\">Au cours des auditions, le gar\u00e7on se montre peu bavard et refuse de donner des d\u00e9tails sur les amis qui l\u2019accompagnaient lors de l\u2019agression du matin. <strong> Le 24 septembre<\/strong>, le mineur est d\u00e9f\u00e9r\u00e9 devant le parquet des mineurs de Montpellier. La justice retient la proc\u00e9dure de comparution sur reconnaissance pr\u00e9alable de culpabilit\u00e9, dite CRPC.<\/p>\n<p class=\" wall-content\">Personnalisez votre actualit\u00e9 en ajoutant vos villes et m\u00e9dias en favori avec <a href=\"https:\/\/moncompte.actu.fr\" title=\"D\u00e9couvez Mon Actu\" rel=\"nofollow noopener\" data-trk=\"{&quot;cta&quot;:{&quot;action&quot;:&quot;https:\\\/\\\/moncompte.actu.fr&quot;,&quot;category&quot;:&quot;mon compte&quot;,&quot;from&quot;:&quot;article footer&quot;,&quot;name&quot;:&quot;Mon actu&quot;,&quot;type&quot;:&quot;cta&quot;}}\" target=\"_blank\">Mon Actu<\/a>.<\/p>\n","protected":false},"excerpt":{"rendered":"Par L\u00e9a Pippinato Publi\u00e9 le 26 sept. 2025 \u00e0 16h43 Ce lundi 22 septembre 2025, vers 13h30, dans&hellip;\n","protected":false},"author":2,"featured_media":419169,"comment_status":"","ping_status":"","sticky":false,"template":"","format":"standard","meta":{"footnotes":""},"categories":[9599],"tags":[1111,11,1261,1777,674,118,1011,27,303,2208,12,2680,1072,25],"class_list":{"0":"post-419168","1":"post","2":"type-post","3":"status-publish","4":"format-standard","5":"has-post-thumbnail","7":"category-montpellier","8":"tag-actu","9":"tag-actualites","10":"tag-argent","11":"tag-eu","12":"tag-europe","13":"tag-faits-divers","14":"tag-fr","15":"tag-france","16":"tag-justice","17":"tag-montpellier","18":"tag-news","19":"tag-occitanie","20":"tag-police","21":"tag-republique-francaise"},"share_on_mastodon":{"url":"https:\/\/pubeurope.com\/@fr\/115271203821885917","error":""},"_links":{"self":[{"href":"https:\/\/www.europesays.com\/fr\/wp-json\/wp\/v2\/posts\/419168","targetHints":{"allow":["GET"]}}],"collection":[{"href":"https:\/\/www.europesays.com\/fr\/wp-json\/wp\/v2\/posts"}],"about":[{"href":"https:\/\/www.europesays.com\/fr\/wp-json\/wp\/v2\/types\/post"}],"author":[{"embeddable":true,"href":"https:\/\/www.europesays.com\/fr\/wp-json\/wp\/v2\/users\/2"}],"replies":[{"embeddable":true,"href":"https:\/\/www.europesays.com\/fr\/wp-json\/wp\/v2\/comments?post=419168"}],"version-history":[{"count":0,"href":"https:\/\/www.europesays.com\/fr\/wp-json\/wp\/v2\/posts\/419168\/revisions"}],"wp:featuredmedia":[{"embeddable":true,"href":"https:\/\/www.europesays.com\/fr\/wp-json\/wp\/v2\/media\/419169"}],"wp:attachment":[{"href":"https:\/\/www.europesays.com\/fr\/wp-json\/wp\/v2\/media?parent=419168"}],"wp:term":[{"taxonomy":"category","embeddable":true,"href":"https:\/\/www.europesays.com\/fr\/wp-json\/wp\/v2\/categories?post=419168"},{"taxonomy":"post_tag","embeddable":true,"href":"https:\/\/www.europesays.com\/fr\/wp-json\/wp\/v2\/tags?post=419168"}],"curies":[{"name":"wp","href":"https:\/\/api.w.org\/{rel}","templated":true}]}}