{"id":419172,"date":"2025-09-26T15:03:20","date_gmt":"2025-09-26T15:03:20","guid":{"rendered":"https:\/\/www.europesays.com\/fr\/419172\/"},"modified":"2025-09-26T15:03:20","modified_gmt":"2025-09-26T15:03:20","slug":"municipales-marine-caron-officialise-sa-candidature-a-rouen-et-met-laccent-sur-la-securite","status":"publish","type":"post","link":"https:\/\/www.europesays.com\/fr\/419172\/","title":{"rendered":"Municipales. Marine Caron officialise sa candidature \u00e0 Rouen et met l&rsquo;accent sur la s\u00e9curit\u00e9"},"content":{"rendered":"<p melodystyle=\"texte\">Sa candidature ne faisait plus de doute depuis qu&rsquo;elle avait act\u00e9 un large rassemblement de la droite et du centre derri\u00e8re elle, avec le soutien d&rsquo;Edouard Philippe <a href=\"https:\/\/www.tendanceouest.com\/actualite-429238-municipales-2026-avec-le-soutien-d-edouard-philippe-marine-caron-se-lance-dans-la-course-a-la-mairie-de-rouen\" target=\"_blank\" rel=\"nofollow noopener\">au mois de juin\u00a02025.<\/a><\/p>\n<p melodystyle=\"texte\">Marine Caron, 35 ans, d\u00e9j\u00e0 \u00e9lue municipale d&rsquo;opposition, le dit cette fois sans d\u00e9tour\u00a0: \u00ab\u00a0Oui, je suis candidate pour \u00eatre la prochaine maire de Rouen\u00a0\u00bb, lance-t-elle pour l&rsquo;inauguration de son local de campagne au 94 rue Beauvoisine, jeudi 25\u00a0septembre. Et de mettre \u00e0 nouveau en avant ce rassemblement \u00ab\u00a0que l&rsquo;on n&rsquo;a pas vu depuis 25 ans\u00a0\u00bb et qui r\u00e9unit les forces du centre et d&rsquo;une large partie de la droite rouennaise.<\/p>\n<p melodystyle=\"texte\">Au-del\u00e0 des constats, d\u00e9j\u00e0 \u00e9tablis lors <a href=\"https:\/\/www.tendanceouest.com\/actualite-427790-municipales-2026-marine-caron-entend-rassembler-la-droite-et-le-centre-a-rouen-et-devoile-une-liste-de-60-soutiens\" target=\"_blank\" rel=\"nofollow noopener\">de son appel au soutien des Rouennais,<\/a> elle commence \u00e0 d\u00e9voiler les contours d&rsquo;une campagne ax\u00e9e sur la s\u00e9curit\u00e9. \u00ab\u00a0Rouen est la 4e ville la plus dangereuse de France\u00a0\u00bb, indique-t-elle, souhaitant \u00ab\u00a0une Ville qui prot\u00e8ge\u00a0\u00bb.<\/p>\n<p>Armer la police municipale<\/p>\n<p melodystyle=\"texte\">En la mati\u00e8re, elle fait des premi\u00e8res propositions\u00a0: porter l&rsquo;effectif des policiers municipaux \u00e0 100 [<a href=\"https:\/\/www.tendanceouest.com\/actualite-431868-rouen-six-nouveaux-policiers-municipaux-doivent-etre-recrutes\" target=\"_blank\" rel=\"nofollow noopener\">il doit \u00eatre de 71 agents \u00e0 la fin du mandat actuel,<\/a> N.D.L.R.], armer ces policiers municipaux d&rsquo;armes l\u00e9tales ou encore quadrupler le nombre de cam\u00e9ras de vid\u00e9oprotection [il y en a 122 aujourd&rsquo;hui contre 41 en 2020, N.D.L.R.] et les g\u00e9n\u00e9raliser \u00e0 \u00ab\u00a0tous les quartiers et pas simplement le centre-ville\u00a0\u00bb. Des mesures qu&rsquo;elle estime \u00e0 2,5\u00a0millions d&rsquo;euros sur le budget de fonctionnement de la municipalit\u00e9, sans compter l&rsquo;investissement initial pour les cam\u00e9ras, les armes ou la formation des policiers.<\/p>\n<p melodystyle=\"texte\">Elle entend aussi r\u00e9tablir l&rsquo;\u00e9clairage public dans les quartiers o\u00f9 il est \u00e9teint une partie de la nuit.<\/p>\n<p melodystyle=\"texte\">Parmi les autres mesures \u00e9voqu\u00e9es, l&rsquo;\u00e9lue a parl\u00e9 de la r\u00e9novation des cr\u00e8ches, \u00e9coles et \u00e9quipements sportifs ou encore d&rsquo;une \u00ab\u00a0\u00e9cologie du concret\u00a0\u00bb avec plus d&rsquo;espaces verts de proximit\u00e9 ou la r\u00e9novation thermique des b\u00e2timents.<\/p>\n","protected":false},"excerpt":{"rendered":"Sa candidature ne faisait plus de doute depuis qu&rsquo;elle avait act\u00e9 un large rassemblement de la droite et&hellip;\n","protected":false},"author":2,"featured_media":419173,"comment_status":"","ping_status":"","sticky":false,"template":"","format":"standard","meta":{"footnotes":""},"categories":[9587],"tags":[1111,11,1777,674,1011,27,12,5161,25,9590],"class_list":{"0":"post-419172","1":"post","2":"type-post","3":"status-publish","4":"format-standard","5":"has-post-thumbnail","7":"category-rouen","8":"tag-actu","9":"tag-actualites","10":"tag-eu","11":"tag-europe","12":"tag-fr","13":"tag-france","14":"tag-news","15":"tag-normandie","16":"tag-republique-francaise","17":"tag-rouen"},"share_on_mastodon":{"url":"https:\/\/pubeurope.com\/@fr\/115271211662358120","error":""},"_links":{"self":[{"href":"https:\/\/www.europesays.com\/fr\/wp-json\/wp\/v2\/posts\/419172","targetHints":{"allow":["GET"]}}],"collection":[{"href":"https:\/\/www.europesays.com\/fr\/wp-json\/wp\/v2\/posts"}],"about":[{"href":"https:\/\/www.europesays.com\/fr\/wp-json\/wp\/v2\/types\/post"}],"author":[{"embeddable":true,"href":"https:\/\/www.europesays.com\/fr\/wp-json\/wp\/v2\/users\/2"}],"replies":[{"embeddable":true,"href":"https:\/\/www.europesays.com\/fr\/wp-json\/wp\/v2\/comments?post=419172"}],"version-history":[{"count":0,"href":"https:\/\/www.europesays.com\/fr\/wp-json\/wp\/v2\/posts\/419172\/revisions"}],"wp:featuredmedia":[{"embeddable":true,"href":"https:\/\/www.europesays.com\/fr\/wp-json\/wp\/v2\/media\/419173"}],"wp:attachment":[{"href":"https:\/\/www.europesays.com\/fr\/wp-json\/wp\/v2\/media?parent=419172"}],"wp:term":[{"taxonomy":"category","embeddable":true,"href":"https:\/\/www.europesays.com\/fr\/wp-json\/wp\/v2\/categories?post=419172"},{"taxonomy":"post_tag","embeddable":true,"href":"https:\/\/www.europesays.com\/fr\/wp-json\/wp\/v2\/tags?post=419172"}],"curies":[{"name":"wp","href":"https:\/\/api.w.org\/{rel}","templated":true}]}}