{"id":419182,"date":"2025-09-26T15:08:09","date_gmt":"2025-09-26T15:08:09","guid":{"rendered":"https:\/\/www.europesays.com\/fr\/419182\/"},"modified":"2025-09-26T15:08:09","modified_gmt":"2025-09-26T15:08:09","slug":"a-strasbourg-cette-mediatheque-fete-ses-50-ans-et-organise-bientot-une-journee-festive-voici-le-programme","status":"publish","type":"post","link":"https:\/\/www.europesays.com\/fr\/419182\/","title":{"rendered":"\u00c0 Strasbourg, cette m\u00e9diath\u00e8que f\u00eate ses 50 ans et organise bient\u00f4t une journ\u00e9e festive : voici le programme"},"content":{"rendered":"<p>            Par<br \/>\n        <strong><br \/>\n            <a href=\"https:\/\/actu.fr\/auteur\/amandine-mehl\" title=\"Consulter tous les articles de Amandine Mehl\" rel=\"nofollow noopener\" target=\"_blank\">Amandine Mehl<\/a><br \/>\n        <\/strong><\/p>\n<p>        Publi\u00e9 le<\/p>\n<p>            26 sept. 2025 \u00e0 17h00        <\/p>\n<p>Ouverte <strong>depuis 1975<\/strong> rue Kuhn \u00e0 <a href=\"https:\/\/actu.fr\/grand-est\/strasbourg_67482\" rel=\"nofollow noopener\" target=\"_blank\">Strasbourg<\/a>, la <strong>m\u00e9diath\u00e8que Olympe de Gouges<\/strong> c\u00e9l\u00e8bre cette ann\u00e9e <strong>ses 50\u00a0ans<\/strong>.<\/p>\n<p class=\" wall-content\">\u00c0 cette occasion, elle organise une <strong>journ\u00e9e festive<\/strong> pour tous les publics le <strong>samedi 4\u00a0octobre 2025<\/strong>. Voici le <strong>programme<\/strong>.<\/p>\n<p>Spectacle, atelier photo, karaok\u00e9\u2026<\/p>\n<p class=\" wall-content\">Afin de c\u00e9l\u00e9brer cet anniversaire comme il se doit, la journ\u00e9e commencera par le <a href=\"https:\/\/actu.fr\/tag\/spectacles\" rel=\"nofollow noopener\" target=\"_blank\">spectacle<\/a> <strong>jeune public<\/strong> La l\u00e9gende des ponts couverts, propos\u00e9 par la compagnie Tandem, \u00e0 <strong>11h<\/strong>. Un <strong>interm\u00e8de musical<\/strong> sur la mezzanine sera ensuite propos\u00e9 par <strong>DJ M\u00e9di-Atek<\/strong> <strong>de 12h \u00e0 14h<\/strong>.<\/p>\n<p class=\" wall-content\"><strong>\u00c0 partir de 14h<\/strong>, le public pourra participer \u00e0 un<strong> atelier photo<\/strong> avec le laboratoire associatif partag\u00e9 Photostub. Celles et ceux qui aiment pousser la chansonnette pourront quant \u00e0 eux prendre la direction de la salle d\u2019exposition,<strong> \u00e0 14h30 et \u00e0 17h<\/strong>, pour un <strong>karaok\u00e9 des ann\u00e9es 1975-1976<\/strong>.<\/p>\n<p>Animation pour les moins de 3\u00a0ans et \u00e9changes avec les partenaires du quartier<\/p>\n<p class=\" wall-content\">Les <strong>moins de 3\u00a0ans<\/strong> sont pour leur part attendus \u00e0 <strong>15h30<\/strong> pour assister \u00e0 <strong>l\u2019heure du conte<\/strong>, une animation des \u00ab\u2009taties\u2009\u00bb du quartier.<\/p>\n<p class=\" wall-content\">Outre le <strong>forum des partenaires du quartier<\/strong>, qui se d\u00e9roulera <strong>de 14h \u00e0 17h<\/strong> en salle de lecture, il sera possible d\u2019assister \u00e0 la <strong>performance du collectif Noun<\/strong> dans l\u2019espace public et autour des collections de la m\u00e9diath\u00e8que <strong>de 15h \u00e0 18h<\/strong>.<\/p>\n<p>Votre r\u00e9gion, votre actu !<\/p>\n<p>Recevez chaque jour les infos qui comptent pour vous.<\/p>\n<p>\t<a href=\"https:\/\/actu.fr\/newsletter\" class=\"ac-btn ac-btn--corner ac-btn--medium ac-btn--blue800\" rel=\"nofollow noopener\" target=\"_blank\">S&rsquo;incrire<\/a><\/p>\n<p class=\" wall-content\">Enfin, les visiteurs auront la possibilit\u00e9 d\u2019<strong>\u00e9changer avec l\u2019artiste Garance Coquart-Pocztar<\/strong>, en r\u00e9sidence dans la m\u00e9diath\u00e8que.<\/p>\n<p class=\" wall-content\">Personnalisez votre actualit\u00e9 en ajoutant vos villes et m\u00e9dias en favori avec <a href=\"https:\/\/moncompte.actu.fr\" title=\"D\u00e9couvez Mon Actu\" rel=\"nofollow noopener\" data-trk=\"{&quot;cta&quot;:{&quot;action&quot;:&quot;https:\\\/\\\/moncompte.actu.fr&quot;,&quot;category&quot;:&quot;mon compte&quot;,&quot;from&quot;:&quot;article footer&quot;,&quot;name&quot;:&quot;Mon actu&quot;,&quot;type&quot;:&quot;cta&quot;}}\" target=\"_blank\">Mon Actu<\/a>.<\/p>\n","protected":false},"excerpt":{"rendered":"Par Amandine Mehl Publi\u00e9 le 26 sept. 2025 \u00e0 17h00 Ouverte depuis 1975 rue Kuhn \u00e0 Strasbourg, la&hellip;\n","protected":false},"author":2,"featured_media":419183,"comment_status":"","ping_status":"","sticky":false,"template":"","format":"standard","meta":{"footnotes":""},"categories":[2820],"tags":[1111,11,1063,1777,674,1011,27,775,1652,12,25,853,640],"class_list":{"0":"post-419182","1":"post","2":"type-post","3":"status-publish","4":"format-standard","5":"has-post-thumbnail","7":"category-strasbourg","8":"tag-actu","9":"tag-actualites","10":"tag-animations","11":"tag-eu","12":"tag-europe","13":"tag-fr","14":"tag-france","15":"tag-grand-est","16":"tag-loisirs-culture","17":"tag-news","18":"tag-republique-francaise","19":"tag-spectacles","20":"tag-strasbourg"},"share_on_mastodon":{"url":"https:\/\/pubeurope.com\/@fr\/115271231429408174","error":""},"_links":{"self":[{"href":"https:\/\/www.europesays.com\/fr\/wp-json\/wp\/v2\/posts\/419182","targetHints":{"allow":["GET"]}}],"collection":[{"href":"https:\/\/www.europesays.com\/fr\/wp-json\/wp\/v2\/posts"}],"about":[{"href":"https:\/\/www.europesays.com\/fr\/wp-json\/wp\/v2\/types\/post"}],"author":[{"embeddable":true,"href":"https:\/\/www.europesays.com\/fr\/wp-json\/wp\/v2\/users\/2"}],"replies":[{"embeddable":true,"href":"https:\/\/www.europesays.com\/fr\/wp-json\/wp\/v2\/comments?post=419182"}],"version-history":[{"count":0,"href":"https:\/\/www.europesays.com\/fr\/wp-json\/wp\/v2\/posts\/419182\/revisions"}],"wp:featuredmedia":[{"embeddable":true,"href":"https:\/\/www.europesays.com\/fr\/wp-json\/wp\/v2\/media\/419183"}],"wp:attachment":[{"href":"https:\/\/www.europesays.com\/fr\/wp-json\/wp\/v2\/media?parent=419182"}],"wp:term":[{"taxonomy":"category","embeddable":true,"href":"https:\/\/www.europesays.com\/fr\/wp-json\/wp\/v2\/categories?post=419182"},{"taxonomy":"post_tag","embeddable":true,"href":"https:\/\/www.europesays.com\/fr\/wp-json\/wp\/v2\/tags?post=419182"}],"curies":[{"name":"wp","href":"https:\/\/api.w.org\/{rel}","templated":true}]}}