{"id":419194,"date":"2025-09-26T15:14:12","date_gmt":"2025-09-26T15:14:12","guid":{"rendered":"https:\/\/www.europesays.com\/fr\/419194\/"},"modified":"2025-09-26T15:14:12","modified_gmt":"2025-09-26T15:14:12","slug":"developper-son-reseau-networking-a-bordeaux","status":"publish","type":"post","link":"https:\/\/www.europesays.com\/fr\/419194\/","title":{"rendered":"D\u00e9velopper son r\u00e9seau \/ networking \u00e0 Bordeaux"},"content":{"rendered":"<p>Article sponsoris\u00e9 par Jost.<\/p>\n<p><strong>Le jeudi 2 octobre 2025, JOST Bordeaux lance son premier \u00e9v\u00e9nement JOST TALK au 18 Rue des Ateliers. Une soir\u00e9e qui m\u00e9lange business, humour et rencontres professionnelles dans un lieu atypique. Vous cherchez \u00e0 faire des relations professionnelles \u00e0 Bordeaux sans tomber dans les r\u00e9unions plan-plan ? C\u2019est exactement ce que propose ce nouveau format pens\u00e9 pour les entrepreneurs, les cr\u00e9ateurs et les esprits audacieux.<\/strong><\/p>\n<p>Enfin une occasion de faire du networking \u00e0 Bordeaux, loin des afterworks classiques<\/p>\n<p>Le <strong>JOST TALK<\/strong> s\u2019installe dans un espace pas comme les autres : <strong>JOST Bordeaux<\/strong>, un h\u00f4tel hybride avec un rooftop magnifique. Pas de tour de table interminable ni de badges coll\u00e9s sur la veste. L\u2019\u00e9v\u00e9nement joue la carte du talk-show, du podcast en live et du Comedy Club. R\u00e9sultat : un moment vivant, rythm\u00e9 et franchement d\u00e9contract\u00e9.<\/p>\n<p>Dans un contexte o\u00f9 <strong>faire des relations professionnelles \u00e0 Bordeaux<\/strong> peut parfois rimer avec rigidit\u00e9, JOST apporte une touche fra\u00eeche. L\u2019id\u00e9e est simple : donner la parole \u00e0 des <strong>personnalit\u00e9s inspirantes<\/strong>, tout en cr\u00e9ant les conditions parfaites pour rencontrer les bonnes personnes.<\/p>\n<p>Jean-Pierre Nadir, un invit\u00e9 d\u2019honneur<\/p>\n<p><img fetchpriority=\"high\" decoding=\"async\" width=\"700\" height=\"875\" src=\"https:\/\/www.europesays.com\/fr\/wp-content\/uploads\/2025\/09\/jost-tak-nadir.jpg\" alt=\"Jost Talk 2025\" class=\"wp-image-18812744\" title=\"Une soir\u00e9e networking avec l\u2019expert de \u00ab Qui veut \u00eatre mon associ\u00e9 ? \u00bb au JOST Bordeaux 1\"  \/><\/p>\n<p>Pour ce premier rendez-vous, <strong>Jean-Pierre Nadir<\/strong> prend le micro. Entrepreneur engag\u00e9, fondateur de <strong>FairMoove<\/strong> et <strong>Easyvoyage<\/strong>, il est aussi connu pour son passage remarqu\u00e9 dans l\u2019\u00e9mission Qui veut \u00eatre mon associ\u00e9 ?. Son cr\u00e9do : parler d\u2019audace, d\u2019\u00e9chec et de r\u00e9ussite avec sinc\u00e9rit\u00e9. Pas de jargon, pas de langue de bois, juste des id\u00e9es franches qui r\u00e9sonnent dans le quotidien de ceux qui entreprennent.<\/p>\n<p>Avec lui, la soir\u00e9e promet des \u00e9changes utiles et des anecdotes qui sentent le v\u00e9cu. Exactement ce qu\u2019on attend quand on vient \u00e0 un <strong>JOST TALK<\/strong> : de l\u2019inspiration, du concret et surtout de l\u2019humain.<\/p>\n<p>Un format pens\u00e9 pour les professionnels<\/p>\n<p>Le <strong>JOST TALK<\/strong> ne se r\u00e9sume pas \u00e0 un simple talk. Le programme est pens\u00e9 pour cr\u00e9er du lien :<\/p>\n<ul class=\"wp-block-list\">\n<li><strong>18h30<\/strong> : accueil chaleureux, on se met dans l\u2019ambiance.<\/li>\n<li><strong>19h00<\/strong> : le talk d\u00e9marre, avec de l\u2019\u00e9nergie, des punchlines et un ton cash.<\/li>\n<li><strong>20h30<\/strong> : place au buffet italien et au <strong>networking<\/strong>. C\u2019est le moment de discuter business, projets et collaborations autour d\u2019un verre.<\/li>\n<\/ul>\n<p>Ce format mensuel veut installer une routine inspirante pour les pros bordelais. Chaque mois, un invit\u00e9 diff\u00e9rent viendra partager son parcours, son audace et sa vision. Une fa\u00e7on originale de <strong>faire des relations professionnelles \u00e0 Bordeaux<\/strong> tout en profitant d\u2019un vrai moment de convivialit\u00e9.<\/p>\n<p>Les bonnes raisons de participer au JOST TALK ?<\/p>\n<p>L\u2019entrepreneuriat, ce n\u2019est pas que des chiffres et des bilans. C\u2019est aussi des rencontres, des histoires et parfois m\u00eame des fous rires. Le <strong>JOST Bordeaux<\/strong> offre un cadre parfait pour ce m\u00e9lange. Avec son c\u00f4t\u00e9 hybride et d\u00e9cal\u00e9, le lieu devient plus qu\u2019un d\u00e9cor : un v\u00e9ritable catalyseur de rencontres.<\/p>\n<p><img loading=\"lazy\" decoding=\"async\" width=\"700\" height=\"466\" src=\"https:\/\/www.europesays.com\/fr\/wp-content\/uploads\/2025\/09\/jost-talk-networking-bordeaux.jpg\" alt=\"Networking \u00e0 Bordeaux, d\u00e9velopper son r\u00e9seau au Jost Bordeaux \" class=\"wp-image-18812745\" title=\"Une soir\u00e9e networking avec l\u2019expert de \u00ab Qui veut \u00eatre mon associ\u00e9 ? \u00bb au JOST Bordeaux 2\"  \/><\/p>\n<p>Pour les <strong>cr\u00e9ateurs d\u2019entreprise, les ind\u00e9pendants, les dirigeants ou les curieux<\/strong> de ce monde, ce rendez-vous est une occasion rare de d\u00e9velopper son r\u00e9seau autrement. Loin des s\u00e9minaires fig\u00e9s, on entre ici dans un univers plus humain, plus inspirant et surtout plus vivant.<\/p>\n<p>Un tarif accessible pour un lancement attendu<\/p>\n<p>Pour cette premi\u00e8re \u00e9dition, l\u2019entr\u00e9e est propos\u00e9e \u00e0 <strong>45 \u20ac<\/strong>. Le billet comprend :<\/p>\n<ul class=\"wp-block-list\">\n<li>L\u2019acc\u00e8s au talk exclusif avec <strong>Jean-Pierre Nadir<\/strong><\/li>\n<li>Des<strong> interventions d\u2019humoristes<\/strong> pour d\u00e9tendre l\u2019ambiance<\/li>\n<li>Un <strong>buffet italien <\/strong>debout pour discuter librement<\/li>\n<li>Du networking sans limite, dans un cadre propice aux connexions<\/li>\n<\/ul>\n<p>Avec seulement <strong>120 places disponibles<\/strong>, l\u2019\u00e9v\u00e9nement joue la carte de la proximit\u00e9 et de l\u2019efficacit\u00e9. Les pr\u00e9ventes sont d\u00e9j\u00e0 ouvertes, et il ne fait aucun doute que les billets vont filer rapidement.<\/p>\n<p>Retrouvez tous les \u00e9v\u00e9nements \u00e0 venir en cliquant <a href=\"https:\/\/quoifaireabordeaux.com\/category\/actus\/\" target=\"_blank\" rel=\"noreferrer noopener nofollow\">ICI<\/a>.<\/p>\n<p>Recevez l\u2019agenda de la semaine et du week-end + nos bons plans directement par mail en vous inscrivant gratuitement \u00e0 notre newsletter\u00a0<strong><a href=\"https:\/\/quoifaireabordeaux.com\/newsletter\/\" target=\"_blank\" rel=\"noreferrer noopener nofollow\">ICI<\/a><\/strong>\u00a0!<\/p>\n<p>\t\t\t\t\t\t\t\t\t\t\tInformations pratiques<\/p>\n<p>concernant l&rsquo;\u00e9v\u00e9nement<\/p>\n<p>Adresse : 18 Rue des Ateliers, 33800 Bordeaux<\/p>\n<p>Date : Jeudi 2 octobre 2025<\/p>\n<p style=\"font-weight: 400;\">19h\u201320h30 : Talk exclusif avec\u00a0<strong>Jean-Pierre Nadir<\/strong>\u00a0(FairMoove,\u00a0Qui veut \u00eatre mon associ\u00e9 ?)<\/p>\n<p style=\"font-weight: 400;\">20h30\u201322h : <strong>D\u00eener italien debout &amp; networking<\/strong>\u00a0au Nonna<\/p>\n<p style=\"font-weight: 400;\">120 places, pour une soir\u00e9e qui m\u00eale inspiration, rencontres et bonne bouffe<\/p>\n<p style=\"font-weight: 400;\">Billet : 43\u20ac (talk + d\u00eener + networking)<\/p>\n<p style=\"font-weight: 400;\">Billetterie :\u00a0<a href=\"https:\/\/link.dice.fm\/Gbe708bdd92a\" target=\"_blank\" rel=\"noopener nofollow\" data-saferedirecturl=\"https:\/\/www.google.com\/url?q=https:\/\/link.dice.fm\/Gbe708bdd92a&amp;source=gmail&amp;ust=1758799274840000&amp;usg=AOvVaw2YGqDeLmk6LspZYoUeBF_D\">https:\/\/link.dice.fm\/Gbe708bdd92a<\/a><\/p>\n","protected":false},"excerpt":{"rendered":"Article sponsoris\u00e9 par Jost. Le jeudi 2 octobre 2025, JOST Bordeaux lance son premier \u00e9v\u00e9nement JOST TALK au&hellip;\n","protected":false},"author":2,"featured_media":419195,"comment_status":"","ping_status":"","sticky":false,"template":"","format":"standard","meta":{"footnotes":""},"categories":[2817],"tags":[1111,11,1997,1777,674,1011,27,12,2219,25],"class_list":{"0":"post-419194","1":"post","2":"type-post","3":"status-publish","4":"format-standard","5":"has-post-thumbnail","7":"category-bordeaux","8":"tag-actu","9":"tag-actualites","10":"tag-bordeaux","11":"tag-eu","12":"tag-europe","13":"tag-fr","14":"tag-france","15":"tag-news","16":"tag-nouvelle-aquitaine","17":"tag-republique-francaise"},"share_on_mastodon":{"url":"https:\/\/pubeurope.com\/@fr\/115271255106301850","error":""},"_links":{"self":[{"href":"https:\/\/www.europesays.com\/fr\/wp-json\/wp\/v2\/posts\/419194","targetHints":{"allow":["GET"]}}],"collection":[{"href":"https:\/\/www.europesays.com\/fr\/wp-json\/wp\/v2\/posts"}],"about":[{"href":"https:\/\/www.europesays.com\/fr\/wp-json\/wp\/v2\/types\/post"}],"author":[{"embeddable":true,"href":"https:\/\/www.europesays.com\/fr\/wp-json\/wp\/v2\/users\/2"}],"replies":[{"embeddable":true,"href":"https:\/\/www.europesays.com\/fr\/wp-json\/wp\/v2\/comments?post=419194"}],"version-history":[{"count":0,"href":"https:\/\/www.europesays.com\/fr\/wp-json\/wp\/v2\/posts\/419194\/revisions"}],"wp:featuredmedia":[{"embeddable":true,"href":"https:\/\/www.europesays.com\/fr\/wp-json\/wp\/v2\/media\/419195"}],"wp:attachment":[{"href":"https:\/\/www.europesays.com\/fr\/wp-json\/wp\/v2\/media?parent=419194"}],"wp:term":[{"taxonomy":"category","embeddable":true,"href":"https:\/\/www.europesays.com\/fr\/wp-json\/wp\/v2\/categories?post=419194"},{"taxonomy":"post_tag","embeddable":true,"href":"https:\/\/www.europesays.com\/fr\/wp-json\/wp\/v2\/tags?post=419194"}],"curies":[{"name":"wp","href":"https:\/\/api.w.org\/{rel}","templated":true}]}}