{"id":419202,"date":"2025-09-26T15:19:13","date_gmt":"2025-09-26T15:19:13","guid":{"rendered":"https:\/\/www.europesays.com\/fr\/419202\/"},"modified":"2025-09-26T15:19:13","modified_gmt":"2025-09-26T15:19:13","slug":"lol-peut-il-mettre-fin-a-cette-grosse-serie-de-lille","status":"publish","type":"post","link":"https:\/\/www.europesays.com\/fr\/419202\/","title":{"rendered":"L&rsquo;OL peut-il mettre fin \u00e0 cette grosse s\u00e9rie de Lille ?"},"content":{"rendered":"<p>                            <img width=\"770\" height=\"433\" src=\"https:\/\/www.europesays.com\/fr\/wp-content\/uploads\/2025\/09\/AFP__20250405__39A47VX__v1__HighRes__FblFraLigue1LyonLille-e1744000216726-770x433.jpg\" class=\"attachment-article size-article wp-post-image\" alt=\"Corentin Tolisso (OL) contre Lille\" decoding=\"async\" fetchpriority=\"high\"  \/><\/p>\n<p>Corentin Tolisso (OL) contre Lille (Photo by OLIVIER CHASSIGNOLE \/ AFP)<\/p>\n<p>Lille n&rsquo;est peut-\u00eatre pas au top de sa forme avant de recevoir l&rsquo;OL dimanche (17h15), mais cela reste une belle formation de Ligue 1. Surtout \u00e0 domicile, o\u00f9 elle ne cesse de marquer. <\/p>\n<p>Il faudra pr\u00e9server Clinton <strong>Mata <\/strong>et Moussa <strong>Niakhat\u00e9 <\/strong>lors de la s\u00e9ance d&rsquo;entra\u00eenement avant d&rsquo;aller \u00e0 Lille. Ou du moins \u00e9viter toute blessure. Car dimanche, les deux d\u00e9fenseurs centraux devront relever un sacr\u00e9 d\u00e9fi. Ils ne seront pas seuls, mais on constate qu&rsquo;ils feront face \u00e0 la meilleure attaque de Ligue 1, avec Monaco. Comme l&rsquo;ASM, le LOSC a inscrit treize buts en cinq journ\u00e9es. <\/p>\n<p>Les Lyonnais, eux, peuvent se f\u00e9liciter d&rsquo;avoir <a href=\"https:\/\/www.olympique-et-lyonnais.com\/ligue-1-lol-se-retrouve-a-nouveau-seule-meilleure-defense,380984.html\" target=\"_blank\" rel=\"noopener\">la meilleure d\u00e9fense<\/a>, ce qui nous promet un tr\u00e8s beau duel de style. Et pour l&rsquo;OL, il faudra se montrer plus solide que jamais, car \u00e0 domicile, <a href=\"https:\/\/www.olympique-et-lyonnais.com\/avant-de-recevoir-lol-lille-sen-remet-a-olivier-giroud,381183.html\" target=\"_blank\" rel=\"noopener\">les Lillois<\/a> savent y faire pour man\u0153uvrer leurs adversaires. <\/p>\n<p>L&rsquo;OL avait trouv\u00e9 la parade pour ne pas perdre<\/p>\n<p>En effet, ils restent sur 60 rencontres cons\u00e9cutives, toutes comp\u00e9titions confondues, avec au moins une r\u00e9alisation dans leur antre de Pierre-Mauroy.  La derni\u00e8re \u00e9quipe \u00e0 ne pas avoir c\u00e9d\u00e9 \u00e0 Villeneuve-d&rsquo;Ascq est le Clermont Foot le 1er\u00a0f\u00e9vrier 2023 (0-0).<\/p>\n<p>Cela ne veut pas dire que les hommes de <a href=\"https:\/\/www.olympique-et-lyonnais.com\/lille-ol-paulo-fonseca-a-t-il-la-recette-face-a-bruno-genesio,381213.html\" target=\"_blank\" rel=\"noopener\">Bruno <strong>Genesio<\/strong><\/a><strong> <\/strong>ont remport\u00e9 toutes leurs parties \u00e0 la maison sur ce laps de temps. Cependant, ils ont perdu seulement \u00e0 cinq reprises. Mais l&rsquo;OL a la formule, car on se souvient du match fou du 6 mai 2024 qu&rsquo;il a remport\u00e9 4 \u00e0 3 chez les Dogues. Et la saison pass\u00e9e, il avait aussi tenu t\u00eate \u00e0 son rival (1-1). \u00c0 voir si ce bref historique sera respect\u00e9 dimanche en fin d&rsquo;apr\u00e8s-midi.<\/p>\n","protected":false},"excerpt":{"rendered":"Corentin Tolisso (OL) contre Lille (Photo by OLIVIER CHASSIGNOLE \/ AFP) Lille n&rsquo;est peut-\u00eatre pas au top de&hellip;\n","protected":false},"author":2,"featured_media":419203,"comment_status":"","ping_status":"","sticky":false,"template":"","format":"standard","meta":{"footnotes":""},"categories":[2815],"tags":[1111,11,1777,674,1011,27,811,1307,12,241,25],"class_list":{"0":"post-419202","1":"post","2":"type-post","3":"status-publish","4":"format-standard","5":"has-post-thumbnail","7":"category-lille","8":"tag-actu","9":"tag-actualites","10":"tag-eu","11":"tag-europe","12":"tag-fr","13":"tag-france","14":"tag-hauts-de-france","15":"tag-lille","16":"tag-news","17":"tag-ol","18":"tag-republique-francaise"},"share_on_mastodon":{"url":"https:\/\/pubeurope.com\/@fr\/115271275008586685","error":""},"_links":{"self":[{"href":"https:\/\/www.europesays.com\/fr\/wp-json\/wp\/v2\/posts\/419202","targetHints":{"allow":["GET"]}}],"collection":[{"href":"https:\/\/www.europesays.com\/fr\/wp-json\/wp\/v2\/posts"}],"about":[{"href":"https:\/\/www.europesays.com\/fr\/wp-json\/wp\/v2\/types\/post"}],"author":[{"embeddable":true,"href":"https:\/\/www.europesays.com\/fr\/wp-json\/wp\/v2\/users\/2"}],"replies":[{"embeddable":true,"href":"https:\/\/www.europesays.com\/fr\/wp-json\/wp\/v2\/comments?post=419202"}],"version-history":[{"count":0,"href":"https:\/\/www.europesays.com\/fr\/wp-json\/wp\/v2\/posts\/419202\/revisions"}],"wp:featuredmedia":[{"embeddable":true,"href":"https:\/\/www.europesays.com\/fr\/wp-json\/wp\/v2\/media\/419203"}],"wp:attachment":[{"href":"https:\/\/www.europesays.com\/fr\/wp-json\/wp\/v2\/media?parent=419202"}],"wp:term":[{"taxonomy":"category","embeddable":true,"href":"https:\/\/www.europesays.com\/fr\/wp-json\/wp\/v2\/categories?post=419202"},{"taxonomy":"post_tag","embeddable":true,"href":"https:\/\/www.europesays.com\/fr\/wp-json\/wp\/v2\/tags?post=419202"}],"curies":[{"name":"wp","href":"https:\/\/api.w.org\/{rel}","templated":true}]}}