{"id":419215,"date":"2025-09-26T15:26:10","date_gmt":"2025-09-26T15:26:10","guid":{"rendered":"https:\/\/www.europesays.com\/fr\/419215\/"},"modified":"2025-09-26T15:26:10","modified_gmt":"2025-09-26T15:26:10","slug":"laccuse-condamne-a-18-ans-de-prison","status":"publish","type":"post","link":"https:\/\/www.europesays.com\/fr\/419215\/","title":{"rendered":"l&rsquo;accus\u00e9 condamn\u00e9 \u00e0 18 ans de prison"},"content":{"rendered":"<p>            Par<br \/>\n        <strong><br \/>\n            <a href=\"https:\/\/actu.fr\/auteur\/redaction-paris\" title=\"Consulter tous les articles de R\u00e9daction Paris\" rel=\"nofollow noopener\" target=\"_blank\">R\u00e9daction Paris<\/a><br \/>\n        <\/strong><\/p>\n<p>        Publi\u00e9 le<\/p>\n<p>            26 sept. 2025 \u00e0 16h52        <\/p>\n<p>Reconnu coupable de <a href=\"https:\/\/actu.fr\/ile-de-france\/paris_75056\/il-avait-viole-deux-jeunes-femmes-en-pleine-journee-dans-des-halles-d-immeubles-un-homme-juge-a-paris_63203719.html\" rel=\"nofollow noopener\" target=\"_blank\">deux viols commis dans des halls d\u2019immeubles<\/a> \u00e0 Paris, Jordy G. a \u00e9t\u00e9 condamn\u00e9, vendredi 26\u00a0septembre 2025, \u00e0<strong> 18\u00a0ans de r\u00e9clusion criminelle<\/strong>. Vis\u00e9 par plusieurs obligations de quitter le territoire, il voit sa peine assortie d\u2019une<strong> interdiction d\u00e9finitive du territoire fran\u00e7ais<\/strong>, indique <a href=\"https:\/\/www.lefigaro.fr\/faits-divers\/viols-de-claire-geronimi-et-de-mathilde-l-accuse-condamne-a-18-ans-de-prison-et-a-une-interdiction-definitive-du-territoire-francais-20250926\" rel=\"nofollow noopener\" target=\"_blank\">Le Figaro<\/a>.<\/p>\n<p>Poursuivi pour \u00ab\u2009viol en concours\u2009\u00bb<\/p>\n<p class=\" wall-content\">L\u2019homme alors \u00e2g\u00e9 de 25\u00a0ans avait viol\u00e9, <a href=\"https:\/\/actu.fr\/ile-de-france\/paris_75056\/paris-deux-femmes-violees-successivement-un-homme-interpelle_60324525.html\" rel=\"nofollow noopener\" target=\"_blank\">\u00e0 une heure d\u2019intervalle<\/a>, deux femmes en pleine journ\u00e9e, samedi 11 novembre 2023. Les victimes, \u00e2g\u00e9es de 19 et 27 ans, auraient \u00e9t\u00e9 suivies et agress\u00e9es dans des halls d\u2019immeubles dans le 17e et le 8e arrondissement.<\/p>\n<p class=\" wall-content\">Ce qui lui a valu des poursuites pour <strong>\u00ab\u2009viol en concours\u2009\u00bb<\/strong>. \u00ab\u2009Une<strong> qualification exceptionnellement<\/strong> retenue tant il est rare qu\u2019un individu s\u2019en prenne le m\u00eame jour, en un laps de temps si court, \u00e0 des personnes diff\u00e9rentes\u2009\u00bb, pr\u00e9cise le m\u00e9dia en ligne <a href=\"https:\/\/www.actu-juridique.fr\/droit-penal\/violences-sexuelles\/a-la-cour-criminelle-de-paris-le-calvaire-de-mathilde-et-claire-geronimi-violees-par-un-centrafricain-arme\/\" rel=\"nofollow noopener\" target=\"_blank\">actu-juridique<\/a>.<\/p>\n<p class=\" wall-content\">Ce dernier avait \u00e9t\u00e9 pris en chasse par la police et interpell\u00e9. Originaire de Centrafrique, il \u00e9tait d\u00e9j\u00e0 bien connu de la justice et faisait l\u2019objet de plusieurs obligations de quitter le territoire fran\u00e7ais (OQTF).<\/p>\n<p class=\" wall-content\">Personnalisez votre actualit\u00e9 en ajoutant vos villes et m\u00e9dias en favori avec <a href=\"https:\/\/moncompte.actu.fr\" title=\"D\u00e9couvez Mon Actu\" rel=\"nofollow noopener\" data-trk=\"{&quot;cta&quot;:{&quot;action&quot;:&quot;https:\\\/\\\/moncompte.actu.fr&quot;,&quot;category&quot;:&quot;mon compte&quot;,&quot;from&quot;:&quot;article footer&quot;,&quot;name&quot;:&quot;Mon actu&quot;,&quot;type&quot;:&quot;cta&quot;}}\" target=\"_blank\">Mon Actu<\/a>.<\/p>\n","protected":false},"excerpt":{"rendered":"Par R\u00e9daction Paris Publi\u00e9 le 26 sept. 2025 \u00e0 16h52 Reconnu coupable de deux viols commis dans des&hellip;\n","protected":false},"author":2,"featured_media":419216,"comment_status":"","ping_status":"","sticky":false,"template":"","format":"standard","meta":{"footnotes":""},"categories":[1888],"tags":[1111,1928,11,1927,1777,674,118,1011,27,303,12,1926,626,1925,1072,25,799],"class_list":{"0":"post-419215","1":"post","2":"type-post","3":"status-publish","4":"format-standard","5":"has-post-thumbnail","7":"category-paris","8":"tag-actu","9":"tag-actu-paris","10":"tag-actualites","11":"tag-actualites-paris","12":"tag-eu","13":"tag-europe","14":"tag-faits-divers","15":"tag-fr","16":"tag-france","17":"tag-justice","18":"tag-news","19":"tag-news-paris","20":"tag-paris","21":"tag-paris-news","22":"tag-police","23":"tag-republique-francaise","24":"tag-violences-sexuelles"},"share_on_mastodon":{"url":"","error":""},"_links":{"self":[{"href":"https:\/\/www.europesays.com\/fr\/wp-json\/wp\/v2\/posts\/419215","targetHints":{"allow":["GET"]}}],"collection":[{"href":"https:\/\/www.europesays.com\/fr\/wp-json\/wp\/v2\/posts"}],"about":[{"href":"https:\/\/www.europesays.com\/fr\/wp-json\/wp\/v2\/types\/post"}],"author":[{"embeddable":true,"href":"https:\/\/www.europesays.com\/fr\/wp-json\/wp\/v2\/users\/2"}],"replies":[{"embeddable":true,"href":"https:\/\/www.europesays.com\/fr\/wp-json\/wp\/v2\/comments?post=419215"}],"version-history":[{"count":0,"href":"https:\/\/www.europesays.com\/fr\/wp-json\/wp\/v2\/posts\/419215\/revisions"}],"wp:featuredmedia":[{"embeddable":true,"href":"https:\/\/www.europesays.com\/fr\/wp-json\/wp\/v2\/media\/419216"}],"wp:attachment":[{"href":"https:\/\/www.europesays.com\/fr\/wp-json\/wp\/v2\/media?parent=419215"}],"wp:term":[{"taxonomy":"category","embeddable":true,"href":"https:\/\/www.europesays.com\/fr\/wp-json\/wp\/v2\/categories?post=419215"},{"taxonomy":"post_tag","embeddable":true,"href":"https:\/\/www.europesays.com\/fr\/wp-json\/wp\/v2\/tags?post=419215"}],"curies":[{"name":"wp","href":"https:\/\/api.w.org\/{rel}","templated":true}]}}