{"id":419217,"date":"2025-09-26T15:27:12","date_gmt":"2025-09-26T15:27:12","guid":{"rendered":"https:\/\/www.europesays.com\/fr\/419217\/"},"modified":"2025-09-26T15:27:12","modified_gmt":"2025-09-26T15:27:12","slug":"paris-une-femme-tuee-par-son-mari-a-larme-blanche-actualites","status":"publish","type":"post","link":"https:\/\/www.europesays.com\/fr\/419217\/","title":{"rendered":"Paris : une femme tu\u00e9e par son mari \u00e0 l&rsquo;arme blanche : Actualit\u00e9s"},"content":{"rendered":"<p class=\"lead \"><strong>Un infirmier de 61 ans s&rsquo;est lui-m\u00eame d\u00e9nonc\u00e9 \u00e0 la police en affirmant avoir tu\u00e9 son \u00e9pouse \u00e0 l&rsquo;arme blanche, mercredi 24 septembre, dans le 20e arrondissement de Paris, rapporte TF1.<\/strong><\/p>\n<p class=\"lead \">Un drame a eu lieu \u00e0 Paris, mercredi 24 septembre. Dans la matin\u00e9e, un homme de 61 ans a tu\u00e9 son \u00e9pouse \u00e0 l&rsquo;arme blanche dans le 20e arrondissement de la capitale, indique <a href=\"https:\/\/www.tf1info.fr\/justice-faits-divers\/feminicide-paris-un-infirmier-tue-sa-femme-avec-une-arme-blanche-et-appelle-la-police-pour-se-denoncer-2396949.html\" target=\"_blank\" rel=\"nofollow noopener\">TF1<\/a>. Cet infirmier de profession s&rsquo;est lui-m\u00eame d\u00e9nonc\u00e9 en composant le 17. Lorsque les policiers sont arriv\u00e9s sur place, ils ont d\u00e9couvert la victime, \u00e2g\u00e9e de 60 ans, qui \u00e9tait gri\u00e8vement bless\u00e9e. Elle aurait re\u00e7u des coups de couteau au niveau des cuisses et de la poitrine, au sein du domicile conjugal, et n&rsquo;a pas pu \u00eatre r\u00e9anim\u00e9e.<\/p>\n<p>                                                                                                Le suspect d\u00e9f\u00e9r\u00e9 devant un juge<\/p>\n<p class=\"lead \">Une enqu\u00eate a imm\u00e9diatement \u00e9t\u00e9 ouverte pour \u00ab\u00a0meurtre par conjoint\u00a0\u00bb. Le mari a \u00e9t\u00e9 plac\u00e9 en garde \u00e0 vue mercredi, avant d&rsquo;\u00eatre d\u00e9f\u00e9r\u00e9 ce vendredi devant un juge d&rsquo;instruction en vue de sa mise en examen, rapportent nos confr\u00e8res. Le placement du suspect en d\u00e9tention provisoire est requis.<\/p>\n<p class=\"lead \">\u00ab\u00a0Contrairement \u00e0 ce qui a pu \u00eatre \u00e9voqu\u00e9 dans certains m\u00e9dias, il n&rsquo;a jamais \u00e9t\u00e9 question de schizophr\u00e9nie dans la proc\u00e9dure, ni dans les d\u00e9clarations, ni par avis m\u00e9dical\u00a0\u00bb, a fait savoir le parquet de Paris. \u00ab\u00a0Les deux enfants majeurs de la d\u00e9funte ont \u00e9t\u00e9 inform\u00e9s par les services enqu\u00eateurs. Un accompagnement leur est propos\u00e9 par le vecteur de l&rsquo;association Paris Aide aux Victimes\u00a0\u00bb, a-t-il conclu. En 2024, 141 <a href=\"https:\/\/actu.orange.fr\/societe\/fait-divers\/feminicide-d-ines-mecellem-gerald-darmanin-saisit-l-inspection-generale-de-la-justice-magic-CNT000002kNAII.html\" rel=\"nofollow noopener\" target=\"_blank\">f\u00e9minicides<\/a> ont \u00e9t\u00e9 enregistr\u00e9s en France, selon le collectif \u00ab\u00a0NousToutes\u00a0\u00bb. Depuis le d\u00e9but de cette ann\u00e9e, 113 femmes ont d\u00e9j\u00e0 \u00e9t\u00e9 tu\u00e9es par leur conjoint.<\/p>\n<p class=\"small font-weight-bold text-gray3 \"> publi\u00e9 le 26 septembre \u00e0 16h30, C\u00e9dric Alexis, 6Medias<\/p>\n<p>                             Partager<\/p>\n","protected":false},"excerpt":{"rendered":"Un infirmier de 61 ans s&rsquo;est lui-m\u00eame d\u00e9nonc\u00e9 \u00e0 la police en affirmant avoir tu\u00e9 son \u00e9pouse \u00e0&hellip;\n","protected":false},"author":2,"featured_media":419218,"comment_status":"","ping_status":"","sticky":false,"template":"","format":"standard","meta":{"footnotes":""},"categories":[1888],"tags":[1111,1928,11,1927,1777,674,1011,27,12,1926,626,1925,25],"class_list":{"0":"post-419217","1":"post","2":"type-post","3":"status-publish","4":"format-standard","5":"has-post-thumbnail","7":"category-paris","8":"tag-actu","9":"tag-actu-paris","10":"tag-actualites","11":"tag-actualites-paris","12":"tag-eu","13":"tag-europe","14":"tag-fr","15":"tag-france","16":"tag-news","17":"tag-news-paris","18":"tag-paris","19":"tag-paris-news","20":"tag-republique-francaise"},"share_on_mastodon":{"url":"https:\/\/pubeurope.com\/@fr\/115271306090998944","error":""},"_links":{"self":[{"href":"https:\/\/www.europesays.com\/fr\/wp-json\/wp\/v2\/posts\/419217","targetHints":{"allow":["GET"]}}],"collection":[{"href":"https:\/\/www.europesays.com\/fr\/wp-json\/wp\/v2\/posts"}],"about":[{"href":"https:\/\/www.europesays.com\/fr\/wp-json\/wp\/v2\/types\/post"}],"author":[{"embeddable":true,"href":"https:\/\/www.europesays.com\/fr\/wp-json\/wp\/v2\/users\/2"}],"replies":[{"embeddable":true,"href":"https:\/\/www.europesays.com\/fr\/wp-json\/wp\/v2\/comments?post=419217"}],"version-history":[{"count":0,"href":"https:\/\/www.europesays.com\/fr\/wp-json\/wp\/v2\/posts\/419217\/revisions"}],"wp:featuredmedia":[{"embeddable":true,"href":"https:\/\/www.europesays.com\/fr\/wp-json\/wp\/v2\/media\/419218"}],"wp:attachment":[{"href":"https:\/\/www.europesays.com\/fr\/wp-json\/wp\/v2\/media?parent=419217"}],"wp:term":[{"taxonomy":"category","embeddable":true,"href":"https:\/\/www.europesays.com\/fr\/wp-json\/wp\/v2\/categories?post=419217"},{"taxonomy":"post_tag","embeddable":true,"href":"https:\/\/www.europesays.com\/fr\/wp-json\/wp\/v2\/tags?post=419217"}],"curies":[{"name":"wp","href":"https:\/\/api.w.org\/{rel}","templated":true}]}}