{"id":419219,"date":"2025-09-26T15:28:14","date_gmt":"2025-09-26T15:28:14","guid":{"rendered":"https:\/\/www.europesays.com\/fr\/419219\/"},"modified":"2025-09-26T15:28:14","modified_gmt":"2025-09-26T15:28:14","slug":"rencontre-avec-eloise-labarbe-lafon-photographe-de-sa-propre-cavale-amoureuse","status":"publish","type":"post","link":"https:\/\/www.europesays.com\/fr\/419219\/","title":{"rendered":"Rencontre avec Elo\u00efse Labarbe-Lafon, photographe de sa propre cavale amoureuse"},"content":{"rendered":"<p><strong>Qu\u2019est-ce qui vous a conduit \u00e0 peindre vos photographies ?<\/strong><\/p>\n<p>Je ressentais le besoin de r\u00e9ellement agir sur les images. La toute premi\u00e8re fois que j\u2019ai peint sur mes photos, j\u2019\u00e9tais adolescente et je faisais un projet sur les pratiques fun\u00e9raires : j\u2019avais r\u00e9alis\u00e9 des portraits en noir et blanc, puis je les avais color\u00e9s pour redonner des couleurs aux joues et aux l\u00e8vres comme pour r\u00e9insuffler la vie aux mod\u00e8les. J\u2019\u00e9tais fascin\u00e9e par les rites fun\u00e9raires japonais (que j\u2019avais d\u00e9couverts dans Okuribito, film que je n\u2019ai jamais revu depuis) et par la photographie mortuaire victorienne. Les ann\u00e9es qui suivirent les exp\u00e9rimentations ont continu\u00e9, jusqu\u2019\u00e0 ce que je ne fasse plus que \u00e7a ! Il y a aussi l\u2019acte de peindre avec les doigts qui m\u2019est essentiel aujourd\u2019hui : je mod\u00e8le souvent les peaux et les d\u00e9cors en tapotant la couleur du bout des doigts. Le geste pictural laisse appara\u00eetre des empreintes digitales comme si la main tentait de retenir ce qui s\u2019\u00e9chappe, dans une mise en tension de la fixit\u00e9 photographique et le champ des possibles plus organique que d\u00e9ploie la <a href=\"https:\/\/www.vogue.fr\/dossier\/peinture\" isautogenerated=\"true\" target=\"_blank\" rel=\"noopener\">peinture<\/a>.<\/p>\n<p><strong>Avez-vous une m\u00e9thode pr\u00e9cise ?<\/strong><\/p>\n<p>Je photographie en noir et blanc, je d\u00e9veloppe les films, je fais mes tirages quand j\u2019ai acc\u00e8s \u00e0 ma chambre noire, ou je les fait r\u00e9aliser. Puis face \u00e0 l\u2019image les couleurs viennent toutes seules, j\u2019ai de la peinture \u00e0 l\u2019huile plein les doigts et le temps s\u2019arr\u00eate. \u00c7a, \u00e0 r\u00e9p\u00e9tition, sur des centaines d\u2019images, car la fr\u00e9n\u00e9sie de documentation de tous les instants se poursuit par une fr\u00e9n\u00e9sie de retravailler le plus d\u2019images possible. Je suis terrifi\u00e9e par le temps, de ne pas en avoir assez pour r\u00e9aliser tous les projets qui bouillonnent en moi, mais ces moments o\u00f9 le temps ne peut pas \u00eatre \u00e9tir\u00e9 m\u2019obligent \u00e0 aborder une autre relation avec lui, dans une patience m\u00e9ditative et une acceptation du processus.<\/p>\n<p><img decoding=\"async\" alt=\"Elo\u00efse LabarbeLafon\" loading=\"lazy\" class=\"ResponsiveImageContainer-eNxvmU cfBbTk responsive-image__image\"   src=\"https:\/\/www.europesays.com\/fr\/wp-content\/uploads\/2025\/09\/3%20AMERICAN%20ALBUM%20HD.jpg\"\/><\/p>\n<p>American Album.\u00a9 Elo\u00efse Labarbe-Lafon<\/p>\n<p><img decoding=\"async\" alt=\"Elo\u00efse LabarbeLafon\" loading=\"lazy\" class=\"ResponsiveImageContainer-eNxvmU cfBbTk responsive-image__image\"   src=\"https:\/\/www.europesays.com\/fr\/wp-content\/uploads\/2025\/09\/104%20AMERICAN%20ALBUM%20HD.jpg\"\/><\/p>\n<p>American Album.\u00a9 Elo\u00efse Labarbe-Lafon<\/p>\n<p><strong>Que cherchez-vous \u00e0 dire \u00e0 travers l\u2019ajout de couleurs vives, presque irr\u00e9elles, sur vos tirages ?<\/strong><\/p>\n<p>J\u2019\u00e9labore un nouveau langage que je vois comme un refuge. Les images naissent d\u2019un geste profond\u00e9ment \u00e9go\u00efste, elles r\u00e9pondent \u00e0 une n\u00e9cessit\u00e9 int\u00e9rieure plus qu\u2019\u00e0 une volont\u00e9 de s\u00e9duire. L\u2019alt\u00e9ration du r\u00e9el par ces couleurs vives d\u00e9place la m\u00e9moire, et ces images finissent par supplanter mes souvenirs, couleurs guid\u00e9es non par la fid\u00e9lit\u00e9 documentaire mais par les \u00e9motions. Ciels rouges, bleus tristes, visages fard\u00e9s\u2026 cette nouvelle r\u00e9alit\u00e9 accentu\u00e9e par la peinture propose une exp\u00e9rience o\u00f9 l\u2019affect et la fiction priment sur la trace du r\u00e9el. J\u2019aime que le spectateur s\u2019abandonne \u00e0 son tour dans ces visions fantasm\u00e9es, jusqu\u2019\u00e0 confondre ses propres r\u00e9miniscences avec mes histoires.<\/p>\n<p>\u201cLes images que je cr\u00e9e ne cherchent pas \u00e0 conserver le souvenir tel qu\u2019il a \u00e9t\u00e9, elles visent \u00e0 l\u2019alt\u00e9rer et \u00e0 r\u00e9\u00e9crire l\u2019histoire.\u201d<\/p>\n<p>Elo\u00efse Labarbe-Lafon<\/p>\n<p><strong>Parlez-nous du projet American Album.<\/strong><\/p>\n","protected":false},"excerpt":{"rendered":"Qu\u2019est-ce qui vous a conduit \u00e0 peindre vos photographies ? Je ressentais le besoin de r\u00e9ellement agir sur&hellip;\n","protected":false},"author":2,"featured_media":419220,"comment_status":"","ping_status":"","sticky":false,"template":"","format":"standard","meta":{"footnotes":""},"categories":[1888],"tags":[11,1777,674,1349,1011,27,12,626,1756,25],"class_list":{"0":"post-419219","1":"post","2":"type-post","3":"status-publish","4":"format-standard","5":"has-post-thumbnail","7":"category-paris","8":"tag-actualites","9":"tag-eu","10":"tag-europe","11":"tag-expositions","12":"tag-fr","13":"tag-france","14":"tag-news","15":"tag-paris","16":"tag-photographie","17":"tag-republique-francaise"},"share_on_mastodon":{"url":"https:\/\/pubeurope.com\/@fr\/115271310945791575","error":""},"_links":{"self":[{"href":"https:\/\/www.europesays.com\/fr\/wp-json\/wp\/v2\/posts\/419219","targetHints":{"allow":["GET"]}}],"collection":[{"href":"https:\/\/www.europesays.com\/fr\/wp-json\/wp\/v2\/posts"}],"about":[{"href":"https:\/\/www.europesays.com\/fr\/wp-json\/wp\/v2\/types\/post"}],"author":[{"embeddable":true,"href":"https:\/\/www.europesays.com\/fr\/wp-json\/wp\/v2\/users\/2"}],"replies":[{"embeddable":true,"href":"https:\/\/www.europesays.com\/fr\/wp-json\/wp\/v2\/comments?post=419219"}],"version-history":[{"count":0,"href":"https:\/\/www.europesays.com\/fr\/wp-json\/wp\/v2\/posts\/419219\/revisions"}],"wp:featuredmedia":[{"embeddable":true,"href":"https:\/\/www.europesays.com\/fr\/wp-json\/wp\/v2\/media\/419220"}],"wp:attachment":[{"href":"https:\/\/www.europesays.com\/fr\/wp-json\/wp\/v2\/media?parent=419219"}],"wp:term":[{"taxonomy":"category","embeddable":true,"href":"https:\/\/www.europesays.com\/fr\/wp-json\/wp\/v2\/categories?post=419219"},{"taxonomy":"post_tag","embeddable":true,"href":"https:\/\/www.europesays.com\/fr\/wp-json\/wp\/v2\/tags?post=419219"}],"curies":[{"name":"wp","href":"https:\/\/api.w.org\/{rel}","templated":true}]}}