{"id":41922,"date":"2025-04-21T16:37:07","date_gmt":"2025-04-21T16:37:07","guid":{"rendered":"https:\/\/www.europesays.com\/fr\/41922\/"},"modified":"2025-04-21T16:37:07","modified_gmt":"2025-04-21T16:37:07","slug":"un-mur-de-170-metres-va-etre-construit-pour-proteger-ce-quartier-de-canteleu-du-bruit","status":"publish","type":"post","link":"https:\/\/www.europesays.com\/fr\/41922\/","title":{"rendered":"Un mur de 170 m\u00e8tres va \u00eatre construit pour prot\u00e9ger ce quartier de Canteleu du bruit"},"content":{"rendered":"<p>            Par<br \/>\n        <strong><br \/>\n            <a href=\"https:\/\/actu.fr\/auteur\/thomas-rideau\" title=\"Consulter tous les articles de Thomas Rideau\" target=\"_blank\" rel=\"noopener\">Thomas Rideau<\/a><br \/>\n        <\/strong><\/p>\n<p>        Publi\u00e9 le<\/p>\n<p>            21 avr. 2025 \u00e0 17h38        <\/p>\n<p>\u00ab\u2009\u00c7a faisait longtemps qu\u2019on l\u2019attendait\u2009\u00bb, se r\u00e9jouit Tom Delahaye, le maire de <a href=\"https:\/\/actu.fr\/normandie\/canteleu_76157\" target=\"_blank\" rel=\"noopener\">Canteleu (Seine-Maritime)<\/a>. Annonc\u00e9e au mois de f\u00e9vrier\u00a02025 par l\u2019\u00e9lu,<strong> la barri\u00e8re acoustique<\/strong> le long de l\u2019A150 va devenir tr\u00e8s concr\u00e8te ces prochains jours. Pr\u00e9cis\u00e9ment, cet \u00ab\u2009\u00e9cran\u2009\u00bb, va \u00eatre positionn\u00e9 sur le secteur du quartier de Bapeaume-l\u00e8s-Rouen, dans le bas de Canteleu.<\/p>\n<p>Une barri\u00e8re de 170\u00a0m\u00e8tres de long<\/p>\n<p class=\" wall-content\">La pr\u00e9fecture vient de pr\u00e9ciser dans un communiqu\u00e9 que \u00ab\u2009l\u2019\u00e9cran acoustique\u2009\u00bb a commenc\u00e9 depuis le 7\u00a0avril et va s\u2019\u00e9tendre<strong> durant trois mois<\/strong>. P\u00e9riode durant laquelle <a href=\"https:\/\/actu.fr\/tag\/info-trafic\" target=\"_blank\" rel=\"noopener\">la circulation sera perturb\u00e9e<\/a>. Les deux voies du sens Barentin \u2013 Rouen seront ferm\u00e9es \u00e0 la circulation de 21h \u00e0 5h30 et une d\u00e9viation sera mise en place au niveau de la Vaupali\u00e8re.<\/p>\n<p class=\" wall-content\">\u00ab\u2009Cet \u00e9cran acoustique, dont le co\u00fbt est d\u2019environ 800\u2009000\u00a0\u20ac, pr\u00e9sentera une longueur de 170\u00a0m\u00e8tres et une hauteur de 3\u00a0m\u00e8tres, et sera r\u00e9alis\u00e9 sur des fondations implant\u00e9es <strong>dans le remblai de l\u2019A150<\/strong>\u2009\u00bb, rappellent les services de l\u2019\u00c9tat.<\/p>\n<p class=\" wall-content\">Les panneaux isolants seront fix\u00e9s sur<strong> une glissi\u00e8re b\u00e9ton<\/strong> et r\u00e9alis\u00e9s dans un mat\u00e9riau absorbant, \u00ab\u2009\u00e9vitant ainsi une \u00e9ventuelle r\u00e9flexion du bruit vers l\u2019environnement situ\u00e9 de l\u2019autre c\u00f4t\u00e9 de l\u2019autoroute\u2009\u00bb, assure la pr\u00e9fecture.<\/p>\n<p class=\" wall-content\">Et ce mur, il \u00e9tait tr\u00e8s attendu par les riverains. \u00ab\u2009On avait fait des r\u00e9unions publiques sur ce projet et l\u2019\u00c9tat a d\u00e9cid\u00e9 de faire des contr\u00f4les suppl\u00e9mentaires\u2009\u00bb, avait indiqu\u00e9<strong> le maire de Canteleu<\/strong>. Ce dernier et sa commune ont finalement eu gain de cause sur ce projet.<\/p>\n<p>Vid\u00e9os : en ce moment sur ActuSuivez l\u2019actualit\u00e9 de Rouen <a href=\"https:\/\/www.whatsapp.com\/channel\/0029VaKfnf99hXF2ddApFB1D\" target=\"_blank\" rel=\"noopener\">sur notre cha\u00eene WhatsApp<\/a> et <a href=\"https:\/\/www.tiktok.com\/@76actu.fr?lang=fr\" target=\"_blank\" rel=\"noopener\">sur notre compte TikTok<\/a><\/p>\n<p class=\" wall-content\">Suivez toute l\u2019actualit\u00e9 de vos villes et m\u00e9dias favoris en vous inscrivant \u00e0 <a href=\"https:\/\/moncompte.actu.fr\" title=\"D\u00e9couvez Mon Actu\" rel=\"nofollow noopener\" data-trk=\"{&quot;cta&quot;:{&quot;action&quot;:&quot;https:\\\/\\\/moncompte.actu.fr&quot;,&quot;category&quot;:&quot;mon compte&quot;,&quot;from&quot;:&quot;article footer&quot;,&quot;name&quot;:&quot;Mon actu&quot;,&quot;type&quot;:&quot;cta&quot;}}\" target=\"_blank\">Mon Actu<\/a>.<\/p>\n<p>                    <script async src=\"\/\/www.tiktok.com\/embed.js\"><\/script><\/p>\n","protected":false},"excerpt":{"rendered":"Par Thomas Rideau Publi\u00e9 le 21 avr. 2025 \u00e0 17h38 \u00ab\u2009\u00c7a faisait longtemps qu\u2019on l\u2019attendait\u2009\u00bb, se r\u00e9jouit Tom&hellip;\n","protected":false},"author":2,"featured_media":41923,"comment_status":"","ping_status":"","sticky":false,"template":"","format":"standard","meta":{"footnotes":""},"categories":[9587],"tags":[1111,11,11131,3542,1777,674,1011,27,803,12,5161,25,9590,104],"class_list":{"0":"post-41922","1":"post","2":"type-post","3":"status-publish","4":"format-standard","5":"has-post-thumbnail","7":"category-rouen","8":"tag-actu","9":"tag-actualites","10":"tag-autoroute-a150","11":"tag-circulation","12":"tag-eu","13":"tag-europe","14":"tag-fr","15":"tag-france","16":"tag-info-trafic","17":"tag-news","18":"tag-normandie","19":"tag-republique-francaise","20":"tag-rouen","21":"tag-societe"},"share_on_mastodon":{"url":"https:\/\/pubeurope.com\/@fr\/114376936230464115","error":""},"_links":{"self":[{"href":"https:\/\/www.europesays.com\/fr\/wp-json\/wp\/v2\/posts\/41922","targetHints":{"allow":["GET"]}}],"collection":[{"href":"https:\/\/www.europesays.com\/fr\/wp-json\/wp\/v2\/posts"}],"about":[{"href":"https:\/\/www.europesays.com\/fr\/wp-json\/wp\/v2\/types\/post"}],"author":[{"embeddable":true,"href":"https:\/\/www.europesays.com\/fr\/wp-json\/wp\/v2\/users\/2"}],"replies":[{"embeddable":true,"href":"https:\/\/www.europesays.com\/fr\/wp-json\/wp\/v2\/comments?post=41922"}],"version-history":[{"count":0,"href":"https:\/\/www.europesays.com\/fr\/wp-json\/wp\/v2\/posts\/41922\/revisions"}],"wp:featuredmedia":[{"embeddable":true,"href":"https:\/\/www.europesays.com\/fr\/wp-json\/wp\/v2\/media\/41923"}],"wp:attachment":[{"href":"https:\/\/www.europesays.com\/fr\/wp-json\/wp\/v2\/media?parent=41922"}],"wp:term":[{"taxonomy":"category","embeddable":true,"href":"https:\/\/www.europesays.com\/fr\/wp-json\/wp\/v2\/categories?post=41922"},{"taxonomy":"post_tag","embeddable":true,"href":"https:\/\/www.europesays.com\/fr\/wp-json\/wp\/v2\/tags?post=41922"}],"curies":[{"name":"wp","href":"https:\/\/api.w.org\/{rel}","templated":true}]}}