{"id":419223,"date":"2025-09-26T15:30:30","date_gmt":"2025-09-26T15:30:30","guid":{"rendered":"https:\/\/www.europesays.com\/fr\/419223\/"},"modified":"2025-09-26T15:30:30","modified_gmt":"2025-09-26T15:30:30","slug":"la-russie-nordwind-regle-la-reclamation-dassurance-sur-cinq-avions-aercap-loues","status":"publish","type":"post","link":"https:\/\/www.europesays.com\/fr\/419223\/","title":{"rendered":"La Russie Nordwind r\u00e8gle la r\u00e9clamation d&rsquo;assurance sur cinq avions aercap lou\u00e9s"},"content":{"rendered":"<p>Le transporteur russe Nordwind Airlines a r\u00e9gl\u00e9 une r\u00e9clamation sur cinq avions dans sa flotte qui avait \u00e9t\u00e9 lou\u00e9 \u00e0 Aercap irlandais.<\/p>\n<p>AERCAP dit avoir re\u00e7u un \u00abr\u00e8glement complet\u00bb d\u2019environ 91 millions d\u2019euros (107 millions de dollars) de la soci\u00e9t\u00e9 d\u2019assurance russe NSK.<\/p>\n<p>\u00ab\u00a0Nous avons publi\u00e9 nos affirmations contre NSK, Nordwind et ses r\u00e9assureurs internationaux en ce qui concerne ces cinq avions\u00a0\u00bb, explique le bailleur.<\/p>\n<p>Bien qu\u2019Aercap n\u2019ait pas identifi\u00e9 les types d\u2019avions impliqu\u00e9s, la soci\u00e9t\u00e9 de renseignement sur le march\u00e9 de l\u2019aviation et la soci\u00e9t\u00e9 de conseil IBA r\u00e9pertorie les types Airbus et Boeing \u2013 y compris les A330, A321 et 737 \u2013 comme provenant du bailleur de Nordwind.<\/p>\n<p>Aercap affirme que le r\u00e8glement de Nordwind am\u00e8ne les recouvrements avant imp\u00f4ts relatifs au conflit ukrainien \u00e0 2,9 milliards de dollars depuis 2023.<\/p>\n<p>Le bailleur avait poursuivi une demande de tribunal de commerce \u00e0 Londres plus de 116 avions et 15 moteurs ont perdu contre les op\u00e9rateurs russes, et remport\u00e9 une victoire l\u00e9gale \u2013 aux c\u00f4t\u00e9s d\u2019autres soci\u00e9t\u00e9s de location \u2013 en juin, alors qu\u2019il a re\u00e7u une indemnit\u00e9 d\u2019environ 1 milliard de dollars.<\/p>\n<p>AERCAP d\u00e9clare que le tribunal a r\u00e9cemment refus\u00e9 aux assureurs l\u2019autorisation de faire appel de cette d\u00e9cision et a \u00e9galement jug\u00e9 que le bailleur avait le droit de r\u00e9cup\u00e9rer des int\u00e9r\u00eats de 234 millions de dollars.<\/p>\n","protected":false},"excerpt":{"rendered":"Le transporteur russe Nordwind Airlines a r\u00e9gl\u00e9 une r\u00e9clamation sur cinq avions dans sa flotte qui avait \u00e9t\u00e9&hellip;\n","protected":false},"author":2,"featured_media":419224,"comment_status":"","ping_status":"","sticky":false,"template":"","format":"standard","meta":{"footnotes":""},"categories":[1591],"tags":[11,54864,13796,3216,45950,1887,54865,12,54866,54867,7700,1885,1886,132,3356],"class_list":{"0":"post-419223","1":"post","2":"type-post","3":"status-publish","4":"format-standard","5":"has-post-thumbnail","7":"category-russie","8":"tag-actualites","9":"tag-aercap","10":"tag-avions","11":"tag-cinq","12":"tag-dassurance","13":"tag-federation-de-russie","14":"tag-loues","15":"tag-news","16":"tag-nordwind","17":"tag-reclamation","18":"tag-regle","19":"tag-russia","20":"tag-russian-federation","21":"tag-russie","22":"tag-sur"},"share_on_mastodon":{"url":"https:\/\/pubeurope.com\/@fr\/115271317816782416","error":""},"_links":{"self":[{"href":"https:\/\/www.europesays.com\/fr\/wp-json\/wp\/v2\/posts\/419223","targetHints":{"allow":["GET"]}}],"collection":[{"href":"https:\/\/www.europesays.com\/fr\/wp-json\/wp\/v2\/posts"}],"about":[{"href":"https:\/\/www.europesays.com\/fr\/wp-json\/wp\/v2\/types\/post"}],"author":[{"embeddable":true,"href":"https:\/\/www.europesays.com\/fr\/wp-json\/wp\/v2\/users\/2"}],"replies":[{"embeddable":true,"href":"https:\/\/www.europesays.com\/fr\/wp-json\/wp\/v2\/comments?post=419223"}],"version-history":[{"count":0,"href":"https:\/\/www.europesays.com\/fr\/wp-json\/wp\/v2\/posts\/419223\/revisions"}],"wp:featuredmedia":[{"embeddable":true,"href":"https:\/\/www.europesays.com\/fr\/wp-json\/wp\/v2\/media\/419224"}],"wp:attachment":[{"href":"https:\/\/www.europesays.com\/fr\/wp-json\/wp\/v2\/media?parent=419223"}],"wp:term":[{"taxonomy":"category","embeddable":true,"href":"https:\/\/www.europesays.com\/fr\/wp-json\/wp\/v2\/categories?post=419223"},{"taxonomy":"post_tag","embeddable":true,"href":"https:\/\/www.europesays.com\/fr\/wp-json\/wp\/v2\/tags?post=419223"}],"curies":[{"name":"wp","href":"https:\/\/api.w.org\/{rel}","templated":true}]}}