{"id":419225,"date":"2025-09-26T15:31:12","date_gmt":"2025-09-26T15:31:12","guid":{"rendered":"https:\/\/www.europesays.com\/fr\/419225\/"},"modified":"2025-09-26T15:31:12","modified_gmt":"2025-09-26T15:31:12","slug":"zelensky-soupconne-la-hongrie-davoir-fait-survoler-des-drones-au-dessus-de-lukraine","status":"publish","type":"post","link":"https:\/\/www.europesays.com\/fr\/419225\/","title":{"rendered":"Zelensky soup\u00e7onne la Hongrie d\u2019avoir fait survoler des drones au-dessus de l\u2019Ukraine"},"content":{"rendered":"<p>\u00abLes forces ukrainiennes ont enregistr\u00e9 des violations de notre espace a\u00e9rien par des drones de reconnaissance, qui sont probablement hongrois\u00bb, a d\u00e9clar\u00e9 Zelensky sur les r\u00e9seaux sociaux.<\/p>\n<p class=\"fig-paragraph\">L\u2019Ukraine soup\u00e7onne la\u00a0<a href=\"https:\/\/www.lefigaro.fr\/tag\/hongrie\" target=\"_blank\" rel=\"sponsored noopener\" data-gtm-custom-categorie=\"navigation\" data-gtm-custom-action=\"crossclick\" data-gtm-custom-label=\"Contextuel\" data-gtm-event=\"customEventSPE\">Hongrie\u00a0<\/a>d\u2019avoir effectu\u00e9 des vols de drones de reconnaissance dans son espace a\u00e9rien, a d\u00e9clar\u00e9 vendredi 26 septembre le pr\u00e9sident\u00a0<a href=\"https:\/\/www.lefigaro.fr\/tag\/volodymyr-zelensky\" target=\"_blank\" rel=\"sponsored noopener\" data-gtm-custom-categorie=\"navigation\" data-gtm-custom-action=\"crossclick\" data-gtm-custom-label=\"Contextuel\" data-gtm-event=\"customEventSPE\">Volodymyr Zelensky<\/a>. \u00abLes forces ukrainiennes ont enregistr\u00e9 des violations de notre espace a\u00e9rien par des drones de reconnaissance, qui sont probablement hongrois\u00bb, a d\u00e9clar\u00e9 Zelensky sur les r\u00e9seaux sociaux.<\/p>\n<p class=\"fig-paragraph\"><strong>Selon les premi\u00e8res analyses, ces appareils \u00abeffectuaient peut-\u00eatre des reconnaissances sur le potentiel industriel des zones frontali\u00e8res de l\u2019Ukraine\u00bb, a ajout\u00e9 le chef de l\u2019\u00c9tat. Il n\u2019a pas donn\u00e9 de d\u00e9tail sur la localisation pr\u00e9cise de ces incidents ni leurs dates, indiquant simplement qu\u2019ils \u00e9taient \u00abr\u00e9cents\u00bb.<\/strong><\/p>\n<p>                                    <a class=\"fig-a11y-skip a11y-hidden\" href=\"#fig-a11y-skip-main-inarticle\"><br \/>\n        Passer la publicit\u00e9<br \/>\n    <\/a><\/p>\n<p>Tensions pr\u00e9existantes<\/p>\n<p class=\"fig-paragraph\"><strong>Rare pays de l\u2019Otan \u00e0 avoir renforc\u00e9 ses liens politiques et \u00e9conomiques avec Moscou depuis l\u2019invasion de l\u2019Ukraine en 2022, la Hongrie partage environ 140 kilom\u00e8tres de fronti\u00e8re avec la partie occidentale de l\u2019Ukraine. Les tensions entre Kiev et Budapest, d\u00e9j\u00e0 importantes auparavant, se sont encore accrues depuis le d\u00e9but de la guerre. La Hongrie refuse d\u2019aider militairement Kiev, paralyse ses n\u00e9gociations d\u2019adh\u00e9sion \u00e0 l\u2019Union europ\u00e9enne et entrave l\u2019adoption des sanctions de l\u2019UE contre la Russie.<\/strong><\/p>\n<p class=\"fig-paragraph\"><strong>Plus t\u00f4t dans la journ\u00e9e, l\u2019Ukraine avait d\u00e9j\u00e0 annonc\u00e9 interdire l\u2019entr\u00e9e sur son territoire \u00e0 trois hauts responsables militaires hongrois, r\u00e9pliquant \u00e0 une d\u00e9cision similaire de Budapest. \u00abNous avons impos\u00e9 une interdiction d\u2019entr\u00e9e \u00e0 trois hauts responsables militaires hongrois\u00bb, a indiqu\u00e9 sur X le chef de la diplomatie ukrainienne Andri\u00ef Sybiga. \u00abChaque acte de manque de respect de la Hongrie recevra une r\u00e9ponse ad\u00e9quate, en particulier le manque de respect envers nos militaires\u00bb, a-t-il lanc\u00e9.<\/strong><\/p>\n<p class=\"fig-paragraph\"><strong>Son homologue hongrois Peter Szijjarto a imm\u00e9diatement r\u00e9agi sur Facebook en s\u2019indignant que l\u2019Ukraine attende, dans ces conditions, que la Hongrie \u00absoutienne\u00bb son \u00abadh\u00e9sion \u00e0 l\u2019Union europ\u00e9enne\u00bb. La Hongrie avait d\u00e9clar\u00e9 en ao\u00fbt persona non grata un haut grad\u00e9 ukrainien, Robert Brovdi. Budapest a accus\u00e9 le militaire, issu de la minorit\u00e9 hongroise d\u2019Ukraine, d\u2019\u00eatre responsable de la perturbation de ses approvisionnements en p\u00e9trole russe li\u00e9e aux frappes ukrainiennes contre l\u2019ol\u00e9oduc russe Droujba.<\/strong><\/p>\n","protected":false},"excerpt":{"rendered":"\u00abLes forces ukrainiennes ont enregistr\u00e9 des violations de notre espace a\u00e9rien par des drones de reconnaissance, qui sont&hellip;\n","protected":false},"author":2,"featured_media":419226,"comment_status":"","ping_status":"","sticky":false,"template":"","format":"standard","meta":{"footnotes":""},"categories":[1590],"tags":[11,1777,674,804,12,220,134],"class_list":{"0":"post-419225","1":"post","2":"type-post","3":"status-publish","4":"format-standard","5":"has-post-thumbnail","7":"category-ukraine","8":"tag-actualites","9":"tag-eu","10":"tag-europe","11":"tag-hongrie","12":"tag-news","13":"tag-ukraine","14":"tag-volodymyr-zelensky"},"share_on_mastodon":{"url":"https:\/\/pubeurope.com\/@fr\/115271321784645891","error":""},"_links":{"self":[{"href":"https:\/\/www.europesays.com\/fr\/wp-json\/wp\/v2\/posts\/419225","targetHints":{"allow":["GET"]}}],"collection":[{"href":"https:\/\/www.europesays.com\/fr\/wp-json\/wp\/v2\/posts"}],"about":[{"href":"https:\/\/www.europesays.com\/fr\/wp-json\/wp\/v2\/types\/post"}],"author":[{"embeddable":true,"href":"https:\/\/www.europesays.com\/fr\/wp-json\/wp\/v2\/users\/2"}],"replies":[{"embeddable":true,"href":"https:\/\/www.europesays.com\/fr\/wp-json\/wp\/v2\/comments?post=419225"}],"version-history":[{"count":0,"href":"https:\/\/www.europesays.com\/fr\/wp-json\/wp\/v2\/posts\/419225\/revisions"}],"wp:featuredmedia":[{"embeddable":true,"href":"https:\/\/www.europesays.com\/fr\/wp-json\/wp\/v2\/media\/419226"}],"wp:attachment":[{"href":"https:\/\/www.europesays.com\/fr\/wp-json\/wp\/v2\/media?parent=419225"}],"wp:term":[{"taxonomy":"category","embeddable":true,"href":"https:\/\/www.europesays.com\/fr\/wp-json\/wp\/v2\/categories?post=419225"},{"taxonomy":"post_tag","embeddable":true,"href":"https:\/\/www.europesays.com\/fr\/wp-json\/wp\/v2\/tags?post=419225"}],"curies":[{"name":"wp","href":"https:\/\/api.w.org\/{rel}","templated":true}]}}