{"id":419227,"date":"2025-09-26T15:32:14","date_gmt":"2025-09-26T15:32:14","guid":{"rendered":"https:\/\/www.europesays.com\/fr\/419227\/"},"modified":"2025-09-26T15:32:14","modified_gmt":"2025-09-26T15:32:14","slug":"suppression-de-la-messe-traditionnelle-dhollister-usa","status":"publish","type":"post","link":"https:\/\/www.europesays.com\/fr\/419227\/","title":{"rendered":"Suppression de la messe traditionnelle d&rsquo;Hollister (USA)"},"content":{"rendered":"<p style=\"text-align: justify;\"><strong>La Catholic News Agency (CNA) \u00e9voque la suppression de la messe traditionnelle \u00e0 Hollister (Californie)\u2026 quelques jours avant le d\u00e9part de l\u2019\u00e9v\u00eaque de ce dioc\u00e8se nomm\u00e9 \u00e0 Austin. <\/strong><\/p>\n<p style=\"text-align: justify;\">L\u2019\u00e9v\u00eaque justifie cette suppression par l\u2019assistance peu nombreuse \u00e0 la messe traditionnelle et la volont\u00e9 d\u2019unit\u00e9 autour de l\u2019unique rite romain :<\/p>\n<blockquote>\n<p style=\"text-align: justify;\"><img loading=\"lazy\" decoding=\"async\" class=\"wp-image-209027 alignleft lazyload\" src=\"https:\/\/www.europesays.com\/fr\/wp-content\/uploads\/2025\/09\/TLM-Hollister.jpg\" alt=\"\" width=\"407\" height=\"364\" data-  \/>Dans l\u2019un de ses derniers actes en tant qu\u2019\u00e9v\u00eaque de Monterey, en Californie, Mgr Daniel Garcia a publi\u00e9 une lettre mettant fin \u00e0 la messe latine traditionnelle (TLM) dans le dioc\u00e8se \u00ab afin de renforcer notre unit\u00e9 avec l\u2019\u00c9glise universelle \u00bb et \u00ab de soutenir l\u2019objectif [du pape Fran\u00e7ois] de progresser vers une plus grande unit\u00e9 dans le rite romain postconciliaire \u00bb.<\/p>\n<p style=\"text-align: justify;\">Le 14\u00a0septembre, Mgr Garcia a adress\u00e9 cette lettre \u00e0 la communaut\u00e9 de la messe latine de l\u2019\u00e9glise du Sacr\u00e9-C\u0153ur \u00e0 Hollister, en Californie, quatre jours avant son investiture comme nouvel \u00e9v\u00eaque d\u2019Austin, au Texas. Dans cette lettre, Mgr Garcia exprime son souci de voir le cur\u00e9 du Sacr\u00e9-C\u0153ur, le p\u00e8re Stephen Akers, \u00ab se consacrer pleinement \u00e0 l\u2019ensemble de la paroisse plut\u00f4t que de consacrer le temps limit\u00e9 qu\u2019il consacre \u00e0 un petit groupe de personnes qui ne c\u00e9l\u00e8brent pas le culte selon le rite ordinaire (et unique) de l\u2019\u00c9glise latine \u00bb, le nombre de personnes assistant \u00e0 la messe \u00ab pr\u00e9conciliaire \u00bb \u00e9tant \u00ab tr\u00e8s faible \u00bb.<\/p>\n<p style=\"text-align: justify;\">Mgr Garcia a cit\u00e9 le motu proprio Traditionis Custodes du pape Fran\u00e7ois ainsi que la \u00ab Lettre aux \u00e9v\u00eaques du monde entier \u00bb qui l\u2019accompagnait, qui abordait \u00ab la situation rare \u00bb de l\u2019\u00c9glise \u00ab ayant deux liturgies c\u00e9l\u00e9br\u00e9es dans le m\u00eame rite latin \u00bb.<\/p>\n<\/blockquote>\n<p><a href=\"https:\/\/www.catholicnewsagency.com\/amp\/news\/266731\/bishop-cancels-latin-mass-in-california-parish-to-bring-about-unity\" target=\"_blank\" rel=\"noopener nofollow\">Lire l\u2019article de CNA (en anglais)<\/a><\/p>\n<p>\u00a0<\/p>\n","protected":false},"excerpt":{"rendered":"La Catholic News Agency (CNA) \u00e9voque la suppression de la messe traditionnelle \u00e0 Hollister (Californie)\u2026 quelques jours avant&hellip;\n","protected":false},"author":2,"featured_media":419228,"comment_status":"","ping_status":"","sticky":false,"template":"","format":"standard","meta":{"footnotes":""},"categories":[1589],"tags":[11,54868,54869,73,1866,54870,42177,12,1864,1865,1863,308],"class_list":{"0":"post-419227","1":"post","2":"type-post","3":"status-publish","4":"format-standard","5":"has-post-thumbnail","7":"category-etats-unis","8":"tag-actualites","9":"tag-diocese-de-monterey","10":"tag-eglise-sacred-heart-hollister","11":"tag-etats-unis","12":"tag-etats-unis-damerique","13":"tag-latin-mass","14":"tag-messe-traditionnelle","15":"tag-news","16":"tag-united-states","17":"tag-united-states-of-america","18":"tag-us","19":"tag-usa"},"share_on_mastodon":{"url":"https:\/\/pubeurope.com\/@fr\/115271326126338776","error":""},"_links":{"self":[{"href":"https:\/\/www.europesays.com\/fr\/wp-json\/wp\/v2\/posts\/419227","targetHints":{"allow":["GET"]}}],"collection":[{"href":"https:\/\/www.europesays.com\/fr\/wp-json\/wp\/v2\/posts"}],"about":[{"href":"https:\/\/www.europesays.com\/fr\/wp-json\/wp\/v2\/types\/post"}],"author":[{"embeddable":true,"href":"https:\/\/www.europesays.com\/fr\/wp-json\/wp\/v2\/users\/2"}],"replies":[{"embeddable":true,"href":"https:\/\/www.europesays.com\/fr\/wp-json\/wp\/v2\/comments?post=419227"}],"version-history":[{"count":0,"href":"https:\/\/www.europesays.com\/fr\/wp-json\/wp\/v2\/posts\/419227\/revisions"}],"wp:featuredmedia":[{"embeddable":true,"href":"https:\/\/www.europesays.com\/fr\/wp-json\/wp\/v2\/media\/419228"}],"wp:attachment":[{"href":"https:\/\/www.europesays.com\/fr\/wp-json\/wp\/v2\/media?parent=419227"}],"wp:term":[{"taxonomy":"category","embeddable":true,"href":"https:\/\/www.europesays.com\/fr\/wp-json\/wp\/v2\/categories?post=419227"},{"taxonomy":"post_tag","embeddable":true,"href":"https:\/\/www.europesays.com\/fr\/wp-json\/wp\/v2\/tags?post=419227"}],"curies":[{"name":"wp","href":"https:\/\/api.w.org\/{rel}","templated":true}]}}