{"id":419246,"date":"2025-09-26T15:46:11","date_gmt":"2025-09-26T15:46:11","guid":{"rendered":"https:\/\/www.europesays.com\/fr\/419246\/"},"modified":"2025-09-26T15:46:11","modified_gmt":"2025-09-26T15:46:11","slug":"aldeguer-un-pet-et-jetais-en-q2","status":"publish","type":"post","link":"https:\/\/www.europesays.com\/fr\/419246\/","title":{"rendered":"Aldeguer : Un pet et j\u2019\u00e9tais en Q2 !"},"content":{"rendered":"<p>Lors de la s\u00e9ance d\u2019essais du Grand Prix du Japon \u00e0 Motegi, Ferm\u00edn Aldeguer est pass\u00e9 tout pr\u00e8s du Top 10, \u00e9chouant \u00e0 seulement huit milli\u00e8mes de seconde derri\u00e8re Johann Zarco, qui a d\u00e9croch\u00e9 la dixi\u00e8me place qualificative pour la Q2. Une diff\u00e9rence minime qui aurait suffi \u00e0 changer drastiquement son dimanche.<\/p>\n<p>Interrog\u00e9 par AS, le jeune pilote de l\u2019\u00e9quipe Gresini Racing, novice cette saison, a partag\u00e9 son ressenti avec un naturel rafra\u00eechissant : \u00ab Un peu d\u00e9\u00e7u, c\u2019est s\u00fbr, mais ce n\u2019est pas ce qui compte le plus. Ce matin, je me suis senti tr\u00e8s bien m\u00eame si j\u2019ai termin\u00e9 20e. La premi\u00e8re s\u00e9ance est toujours d\u00e9licate, surtout avec ce type de pneus avant que nous n\u2019utilisons pas d\u2019habitude. J\u2019ai roul\u00e9 avec un pneu arri\u00e8re medium que j\u2019ai gard\u00e9 toute la session. Cet apr\u00e8s-midi, je suis revenu avec de la motivation, et les ajustements faits entre les deux s\u00e9ances ont bien fonctionn\u00e9. Nous avons \u00e9t\u00e9 en t\u00eate quasiment tout le deuxi\u00e8me entra\u00eenement, mais il nous a manqu\u00e9 le petit plus en attaque de temps. \u00c0 la courbe 11, j\u2019ai frein\u00e9 un peu trop t\u00f4t pour ne pas me d\u00e9passer, ce qui m\u2019a co\u00fbt\u00e9 pr\u00e8s d\u2019une dizaine et demie. C\u2019est l\u00e0 que tout s\u2019est jou\u00e9. Je suis impatient de voir ce que nous pourrons faire demain, il y a encore des marges de progression. \u00bb<\/p>\n<p>\u00c0 la question de savoir ce que l\u2019on peut faire avec huit milli\u00e8mes, il a r\u00e9pondu en souriant : \u00ab Passer en Q2. Si j\u2019avais l\u00e2ch\u00e9 un pet, je pense que \u00e7a aurait suffi ! \u00bb L\u2019humour du Murcien a provoqu\u00e9 l\u2019hilarit\u00e9 g\u00e9n\u00e9rale dans la salle de presse.<\/p>\n<p>Sur la difficult\u00e9 de g\u00e9rer la pression et la chute abondante de pilotes sur le circuit, Aldeguer est rest\u00e9 lucide : \u00ab Oui, c\u2019est perturbant, mais quand tu vois 20e sur le tableau des temps, tu sais qu\u2019il faut soit appuyer fort, soit te contenter de ce classement. Il faut g\u00e9rer ce m\u00e9lange de respect et d\u2019agressivit\u00e9. Les drapeaux jaunes dus aux chutes te g\u00eanent souvent plus qu\u2019ils ne t\u2019aident. Sur mon dernier tour, je voulais vraiment pousser, mais il y avait des drapeaux. La s\u00e9curit\u00e9 reste la priorit\u00e9, c\u2019est normal. \u00bb<\/p>\n<p>Concernant la surprise d\u2019une telle journ\u00e9e pour Ducati, avec leurs trois machines officielles dans le Top 10 mais les motos satellites contraintes de passer par la Q1, il conclut : \u00ab C\u2019est vrai que c\u2019\u00e9tait \u00e9trange. Pour moi, c\u2019est un des meilleurs vendredis de la saison. Je me concentre sur mon propre travail, tout en gardant un \u0153il sur les autres Ducati, mais chacun fait son chemin. \u00bb<\/p>\n<p>Points \u00e0 retenir<\/p>\n<ul>\n<li>Ferm\u00edn Aldeguer a manqu\u00e9 la Q2 pour un \u00e9cart infime de huit milli\u00e8mes, preuve du niveau tr\u00e8s serr\u00e9 en MotoGP.<\/li>\n<li>Le jeune pilote Gresini d\u00e9montre un grand sang-froid et une capacit\u00e9 d\u2019analyse malgr\u00e9 son inexp\u00e9rience.<\/li>\n<li>La gestion des pneus, notamment avec des gommes inhabituelles, a compliqu\u00e9 l\u2019approche tactique du rookie.<\/li>\n<li>La s\u00e9curit\u00e9 reste primordiale, m\u00eame si les drapeaux jaunes peuvent perturber les strat\u00e9gies de course des pilotes souhaitant am\u00e9liorer leur temps.<\/li>\n<li>La disparit\u00e9 entre les r\u00e9sultats des Ducati officielles et satellites soul\u00e8ve des questions sur la comp\u00e9titivit\u00e9 des structures secondaires.<\/li>\n<\/ul>\n<p>En d\u00e9finitive, cette s\u00e9ance d\u2019essais refl\u00e8te parfaitement la fine marge entre le succ\u00e8s et l\u2019\u00e9chec dans le championnat du monde MotoGP. Huit milli\u00e8mes, ce n\u2019est pas grand-chose, mais cela fait toute la diff\u00e9rence quand il s\u2019agit de se qualifier pour la Q2. Personnellement, je me demande si respirer un peu plus fort ne suffirait pas parfois \u00e0 gagner\u2026 Mais peut-\u00eatre que c\u2019est juste moi qui cherche une excuse pour ne pas avoir mon caf\u00e9 ce matin.<\/p>\n<p class=\"has-white-color has-text-color has-background has-link-color\" style=\"background-color:#b2b2b2;font-size:12px\">Cet article a \u00e9t\u00e9 g\u00e9n\u00e9r\u00e9 gr\u00e2ce \u00e0 l&rsquo;intelligence Artificielle. Chez LesNews, nos r\u00e9dacteurs exploitent l&rsquo;IA pour \u00e9laborer des articles innovants \u00e0 partir de <strong>sources fiables.<\/strong> Si vous rep\u00e9rez une image ou un contenu inappropri\u00e9, merci de nous le signaler via le <a href=\"https:\/\/lesnews.ca\/formulaire-dmca\/\" data-wpel-link=\"internal\" rel=\"nofollow noopener\" target=\"_blank\">formulaire DMCA <\/a>\u2013 nous agirons rapidement pour le corriger. \/ This article has been generated using Artificial Intelligence. At LesNews, our editors leverage AI to craft innovative articles <strong>sourced<\/strong> from <strong>reliable references<\/strong>. If you come across any image or content that appears inappropriate, please notify us through the <a href=\"https:\/\/lesnews.ca\/formulaire-dmca\/\" data-wpel-link=\"internal\" rel=\"nofollow noopener\" target=\"_blank\">DMCA form<\/a> \u2013 we will promptly take action to address it.<\/p>\n<p>  Navigation de l\u2019article<\/p>\n","protected":false},"excerpt":{"rendered":"Lors de la s\u00e9ance d\u2019essais du Grand Prix du Japon \u00e0 Motegi, Ferm\u00edn Aldeguer est pass\u00e9 tout pr\u00e8s&hellip;\n","protected":false},"author":2,"featured_media":418495,"comment_status":"","ping_status":"","sticky":false,"template":"","format":"standard","meta":{"footnotes":""},"categories":[1413],"tags":[1011,27,1457,1456,60],"class_list":{"0":"post-419246","1":"post","2":"type-post","3":"status-publish","4":"format-standard","5":"has-post-thumbnail","7":"category-moto","8":"tag-fr","9":"tag-france","10":"tag-moto","11":"tag-motocycle","12":"tag-sports"},"share_on_mastodon":{"url":"https:\/\/pubeurope.com\/@fr\/115271380796140339","error":""},"_links":{"self":[{"href":"https:\/\/www.europesays.com\/fr\/wp-json\/wp\/v2\/posts\/419246","targetHints":{"allow":["GET"]}}],"collection":[{"href":"https:\/\/www.europesays.com\/fr\/wp-json\/wp\/v2\/posts"}],"about":[{"href":"https:\/\/www.europesays.com\/fr\/wp-json\/wp\/v2\/types\/post"}],"author":[{"embeddable":true,"href":"https:\/\/www.europesays.com\/fr\/wp-json\/wp\/v2\/users\/2"}],"replies":[{"embeddable":true,"href":"https:\/\/www.europesays.com\/fr\/wp-json\/wp\/v2\/comments?post=419246"}],"version-history":[{"count":0,"href":"https:\/\/www.europesays.com\/fr\/wp-json\/wp\/v2\/posts\/419246\/revisions"}],"wp:featuredmedia":[{"embeddable":true,"href":"https:\/\/www.europesays.com\/fr\/wp-json\/wp\/v2\/media\/418495"}],"wp:attachment":[{"href":"https:\/\/www.europesays.com\/fr\/wp-json\/wp\/v2\/media?parent=419246"}],"wp:term":[{"taxonomy":"category","embeddable":true,"href":"https:\/\/www.europesays.com\/fr\/wp-json\/wp\/v2\/categories?post=419246"},{"taxonomy":"post_tag","embeddable":true,"href":"https:\/\/www.europesays.com\/fr\/wp-json\/wp\/v2\/tags?post=419246"}],"curies":[{"name":"wp","href":"https:\/\/api.w.org\/{rel}","templated":true}]}}