{"id":419247,"date":"2025-09-26T15:47:11","date_gmt":"2025-09-26T15:47:11","guid":{"rendered":"https:\/\/www.europesays.com\/fr\/419247\/"},"modified":"2025-09-26T15:47:11","modified_gmt":"2025-09-26T15:47:11","slug":"le-barca-prive-de-raphinha-et-de-son-gardien-numero-1-contre-le-psg","status":"publish","type":"post","link":"https:\/\/www.europesays.com\/fr\/419247\/","title":{"rendered":"le Bar\u00e7a priv\u00e9 de Raphinha et de son gardien num\u00e9ro 1 contre le PSG"},"content":{"rendered":"<p>Comme Paris, le club catalan est aussi victime d\u2019une pluie de blessures avant le choc de la deuxi\u00e8me journ\u00e9e de C1.<\/p>\n<p class=\"fig-paragraph\">Il n\u2019y a pas qu\u2019au PSG que les blessures pleuvent. \u00c0 Barcelone aussi, l\u2019infirmerie est bien remplie. En plus des milieux Gavi et Fermin Lopez, le club catalan sera priv\u00e9 de Raphinha et Joan Garcia pour plusieurs semaines, et donc notamment pour le choc face \u00e0 Paris mercredi prochain (21h), \u00e0 Monjuic, lors de\u00a0<a href=\"https:\/\/www.lefigaro.fr\/sports\/football\/ligue-des-champions\/calendrier-resultats\" target=\"_blank\" rel=\"sponsored noopener nofollow\" data-gtm-custom-categorie=\"navigation\" data-gtm-custom-action=\"crossclick\" data-gtm-custom-label=\"Contextuel\" data-gtm-event=\"customEventSPE\">la deuxi\u00e8me journ\u00e9e de Ligue des champions<\/a>. Ancien de Rennes, le premier nomm\u00e9 est touch\u00e9 au \u00abbiceps f\u00e9moral de la cuisse droite\u00bb, dixit le FCB. Il en est quitte pour trois semaines. Quant au portier espagnol, lui-m\u00eame suppl\u00e9ant de l\u2019Allemand Marc-Andr\u00e9 Ter\u00a0Stegen, il est victime d\u2019une \u00abd\u00e9chirure du m\u00e9nisque interne du genou gauche\u00bb. Il est question d\u2019une absence comprise entre quatre et six semaines pour lui.<\/p>\n<p class=\"fig-paragraph\">Rappelons que les Barcelonais ont dispos\u00e9 de Newcastle (1-2), \u00e0 St-James Park, lors de la premi\u00e8re journ\u00e9e de C1. Ils d\u00e9fieront un PSG assur\u00e9ment priv\u00e9 d\u2019Ousmane Demb\u00e9l\u00e9, D\u00e9sir\u00e9 Dou\u00e9 et\u00a0<a href=\"http:\/\/www.lefigaro.fr\/sports\/football\/ligue-1\/psg-blesse-au-quadriceps-gauche-marquinhos-absent-plusieurs-semaines-20250926\" data-fig-type=\"NewsFlash\" data-gtm-custom-categorie=\"navigation\" data-gtm-custom-action=\"crossclick\" data-gtm-custom-label=\"Contextuel\" data-gtm-event=\"customEventSPE\" data-fig-domain=\"LEFIGARO\" rel=\"nofollow noopener\" target=\"_blank\">Marquinhos<\/a>. \u00c0 voir pour ce qui est de Jo\u00e3o Neves. Absent\u00a0<a href=\"http:\/\/www.lefigaro.fr\/sports\/football\/ligue-1\/les-notes-apres-om-psg-aguerd-heros-rulli-infranchissable-chevalier-fautif-20250922\" data-fig-type=\"NewsFlash\" data-gtm-custom-categorie=\"navigation\" data-gtm-custom-action=\"crossclick\" data-gtm-custom-label=\"Contextuel\" data-gtm-event=\"customEventSPE\" data-fig-domain=\"LEFIGARO\" rel=\"nofollow noopener\" target=\"_blank\">\u00e0 Marseille (d\u00e9faite 1-0)<\/a>, Bradley Barcola, lui, devrait \u00eatre op\u00e9rationnel \u00e0 Barcelone. Et peut-\u00eatre m\u00eame contre Auxerre samedi. Bonne nouvelle pour le Bar\u00e7a\u00a0? Lamine Yamal a lui-m\u00eame annonc\u00e9 son retour au jeu sur les r\u00e9seaux sociaux. Il devrait donc reprendre avec les Blaugrana dimanche, lors de la r\u00e9ception de la Real Sociedad \u00e0 Monjuic.<\/p>\n","protected":false},"excerpt":{"rendered":"Comme Paris, le club catalan est aussi victime d\u2019une pluie de blessures avant le choc de la deuxi\u00e8me&hellip;\n","protected":false},"author":2,"featured_media":419248,"comment_status":"","ping_status":"","sticky":false,"template":"","format":"standard","meta":{"footnotes":""},"categories":[1412],"tags":[1451,5695,1452,1453,1454,1455,1011,27,447,93,60],"class_list":{"0":"post-419247","1":"post","2":"type-post","3":"status-publish","4":"format-standard","5":"has-post-thumbnail","7":"category-f1","8":"tag-f1","9":"tag-fc-barcelone","10":"tag-formula-1","11":"tag-formula1","12":"tag-formule-1","13":"tag-formule1","14":"tag-fr","15":"tag-france","16":"tag-ligue-des-champions","17":"tag-psg","18":"tag-sports"},"share_on_mastodon":{"url":"https:\/\/pubeurope.com\/@fr\/115271384686198683","error":""},"_links":{"self":[{"href":"https:\/\/www.europesays.com\/fr\/wp-json\/wp\/v2\/posts\/419247","targetHints":{"allow":["GET"]}}],"collection":[{"href":"https:\/\/www.europesays.com\/fr\/wp-json\/wp\/v2\/posts"}],"about":[{"href":"https:\/\/www.europesays.com\/fr\/wp-json\/wp\/v2\/types\/post"}],"author":[{"embeddable":true,"href":"https:\/\/www.europesays.com\/fr\/wp-json\/wp\/v2\/users\/2"}],"replies":[{"embeddable":true,"href":"https:\/\/www.europesays.com\/fr\/wp-json\/wp\/v2\/comments?post=419247"}],"version-history":[{"count":0,"href":"https:\/\/www.europesays.com\/fr\/wp-json\/wp\/v2\/posts\/419247\/revisions"}],"wp:featuredmedia":[{"embeddable":true,"href":"https:\/\/www.europesays.com\/fr\/wp-json\/wp\/v2\/media\/419248"}],"wp:attachment":[{"href":"https:\/\/www.europesays.com\/fr\/wp-json\/wp\/v2\/media?parent=419247"}],"wp:term":[{"taxonomy":"category","embeddable":true,"href":"https:\/\/www.europesays.com\/fr\/wp-json\/wp\/v2\/categories?post=419247"},{"taxonomy":"post_tag","embeddable":true,"href":"https:\/\/www.europesays.com\/fr\/wp-json\/wp\/v2\/tags?post=419247"}],"curies":[{"name":"wp","href":"https:\/\/api.w.org\/{rel}","templated":true}]}}