{"id":419252,"date":"2025-09-26T15:50:14","date_gmt":"2025-09-26T15:50:14","guid":{"rendered":"https:\/\/www.europesays.com\/fr\/419252\/"},"modified":"2025-09-26T15:50:14","modified_gmt":"2025-09-26T15:50:14","slug":"les-deux-hommes-qui-accusent-michael-jackson-davoir-abuse-deux-quand-ils-avaient-7-et-10-ans-demanderaient-400-millions-de-dollars-de-dommages-et-interets-a-la-famille","status":"publish","type":"post","link":"https:\/\/www.europesays.com\/fr\/419252\/","title":{"rendered":"Les deux hommes qui accusent Michael Jackson d&rsquo;avoir abus\u00e9 d&rsquo;eux quand ils avaient 7 et 10 ans, demanderaient 400 millions de dollars de dommages et int\u00e9r\u00eats \u00e0 la famille"},"content":{"rendered":"<p>Les accusateurs d&rsquo;agression sexuelle de Michael Jackson, Wade Robson et James Safechuck, r\u00e9clameraient 400 millions de dollars de dommages et int\u00e9r\u00eats aux ayants droits de la star de la pop, rapporte US Weekly. Alors que cette somme n\u2019avait jusque-l\u00e0 pas \u00e9t\u00e9 r\u00e9v\u00e9l\u00e9e, le magazine explique avoir r\u00e9cemment consult\u00e9 des documents judiciaires concernant la succession du roi de la pop d\u00e9c\u00e9d\u00e9 en 2008.<\/p>\n<p>Le montant y serait mentionn\u00e9 dans un paragraphe relatif \u00e0 la demande distincte de la fille de Michael Jackson, Paris Jackson, concernant les frais juridiques d\u00e9pens\u00e9s par la succession.\u00a0<\/p>\n<p>Un diff\u00e9rend oppose en effet la jeune femme de 27 ans aux ex\u00e9cuteurs testamentaires et les avocats que ces derniers emploient pour la d\u00e9fense des int\u00e9r\u00eats des soci\u00e9t\u00e9s de son d\u00e9funt p\u00e8re, MJJ Productions et MJJ Ventures. Paris Jackson trouverait le montant de leurs honoraires trop importants.<\/p>\n<p>Eux se d\u00e9fendent d\u2019avoir \u00e0 g\u00e9rer \u00e9norm\u00e9ment de documents en lien avec plusieurs litiges en cours, en particulier ceux li\u00e9s aux accusations d\u2019agressions sexuelles pesant sur le chanteur<\/p>\n<p>Selon TMZ, les ex\u00e9cuteurs testamentaires arguent que si les avocats ne sont pas pay\u00e9s, cela pourrait faire d\u00e9faut au proc\u00e8s intent\u00e9 par Wade Robson et James Safechuck.<\/p>\n<p>Un proc\u00e8s qui pourrait co\u00fbter tr\u00e8s cher donc, si les dommages et int\u00e9r\u00eats qu\u2019ils r\u00e9clament leur \u00e9taient accord\u00e9s. Pour m\u00e9moire, Wade Robson et James Safechuck affirment tous deux avoir \u00e9t\u00e9 victimes d&rsquo;abus sexuels de la part de Michael Jackson lorsqu&rsquo;ils \u00e9taient enfants. Ils ont d\u00e9taill\u00e9 leurs accusations dans le documentaire de HBO \u00abLeaving Neverland\u00bb.<\/p>\n","protected":false},"excerpt":{"rendered":"Les accusateurs d&rsquo;agression sexuelle de Michael Jackson, Wade Robson et James Safechuck, r\u00e9clameraient 400 millions de dollars de&hellip;\n","protected":false},"author":2,"featured_media":419253,"comment_status":"","ping_status":"","sticky":false,"template":"","format":"standard","meta":{"footnotes":""},"categories":[1359],"tags":[1120,58,59,1011,27,35268,973,1265],"class_list":{"0":"post-419252","1":"post","2":"type-post","3":"status-publish","4":"format-standard","5":"has-post-thumbnail","7":"category-people","8":"tag-agression","9":"tag-divertissement","10":"tag-entertainment","11":"tag-fr","12":"tag-france","13":"tag-michael-jackson","14":"tag-people","15":"tag-viol"},"share_on_mastodon":{"url":"https:\/\/pubeurope.com\/@fr\/115271396495995706","error":""},"_links":{"self":[{"href":"https:\/\/www.europesays.com\/fr\/wp-json\/wp\/v2\/posts\/419252","targetHints":{"allow":["GET"]}}],"collection":[{"href":"https:\/\/www.europesays.com\/fr\/wp-json\/wp\/v2\/posts"}],"about":[{"href":"https:\/\/www.europesays.com\/fr\/wp-json\/wp\/v2\/types\/post"}],"author":[{"embeddable":true,"href":"https:\/\/www.europesays.com\/fr\/wp-json\/wp\/v2\/users\/2"}],"replies":[{"embeddable":true,"href":"https:\/\/www.europesays.com\/fr\/wp-json\/wp\/v2\/comments?post=419252"}],"version-history":[{"count":0,"href":"https:\/\/www.europesays.com\/fr\/wp-json\/wp\/v2\/posts\/419252\/revisions"}],"wp:featuredmedia":[{"embeddable":true,"href":"https:\/\/www.europesays.com\/fr\/wp-json\/wp\/v2\/media\/419253"}],"wp:attachment":[{"href":"https:\/\/www.europesays.com\/fr\/wp-json\/wp\/v2\/media?parent=419252"}],"wp:term":[{"taxonomy":"category","embeddable":true,"href":"https:\/\/www.europesays.com\/fr\/wp-json\/wp\/v2\/categories?post=419252"},{"taxonomy":"post_tag","embeddable":true,"href":"https:\/\/www.europesays.com\/fr\/wp-json\/wp\/v2\/tags?post=419252"}],"curies":[{"name":"wp","href":"https:\/\/api.w.org\/{rel}","templated":true}]}}