{"id":419254,"date":"2025-09-26T15:51:13","date_gmt":"2025-09-26T15:51:13","guid":{"rendered":"https:\/\/www.europesays.com\/fr\/419254\/"},"modified":"2025-09-26T15:51:13","modified_gmt":"2025-09-26T15:51:13","slug":"au-louvre-lens-linalterable-succes-du-gothique","status":"publish","type":"post","link":"https:\/\/www.europesays.com\/fr\/419254\/","title":{"rendered":"Au Louvre-Lens, l\u2019inalt\u00e9rable succ\u00e8s du gothique"},"content":{"rendered":"<p>Les d\u00e9bats sur la restauration \u00e0 l\u2019identique de la fl\u00e8che de Notre-Dame de Paris l\u2019ont montr\u00e9. Notre pays, berceau de l\u2019art gothique, garde un ind\u00e9fectible attachement \u00e0 ce style, et m\u00eame \u00e0 ses pastiches, cr\u00e9\u00e9s au XIXe\u00a0si\u00e8cle par Eug\u00e8ne Viollet-le-Duc. Pourquoi cette passion a-t-elle transcend\u00e9 les si\u00e8cles, quitte \u00e0 se r\u00e9inventer sans cesse\u00a0? C\u2019est le th\u00e8me d\u2019une exposition ambitieuse au Louvre-Lens (1), qui court du Moyen \u00c2ge jusqu\u2019\u00e0 la p\u00e9riode contemporaine.<\/p>\n<p>Cet article est r\u00e9serv\u00e9 aux abonn\u00e9s<\/p>\n<p>\n                    Vous souhaitez lire la suite\u00a0? Abonnez-vous sans engagement \u00e0 notre offre num\u00e9rique\n                <\/p>\n<p>                <a href=\"https:\/\/www.la-croix.com\/abonnement\" class=\"default-paywall__subscribe-button\" data-tracking=\"cta_click\" data-tracking-action=\"voir la page abonnement\" data-tracking-category=\"abonnement\" rel=\"nofollow noopener\" target=\"_blank\">Je m&rsquo;abonne<\/a><\/p>\n","protected":false},"excerpt":{"rendered":"Les d\u00e9bats sur la restauration \u00e0 l\u2019identique de la fl\u00e8che de Notre-Dame de Paris l\u2019ont montr\u00e9. Notre pays,&hellip;\n","protected":false},"author":2,"featured_media":419255,"comment_status":"","ping_status":"","sticky":false,"template":"","format":"standard","meta":{"footnotes":""},"categories":[1358],"tags":[1348,1384,1385,1386,58,59,1011,27],"class_list":{"0":"post-419254","1":"post","2":"type-post","3":"status-publish","4":"format-standard","5":"has-post-thumbnail","7":"category-arts-et-design","8":"tag-arts","9":"tag-arts-and-design","10":"tag-arts-et-design","11":"tag-design","12":"tag-divertissement","13":"tag-entertainment","14":"tag-fr","15":"tag-france"},"share_on_mastodon":{"url":"https:\/\/pubeurope.com\/@fr\/115271400433048132","error":""},"_links":{"self":[{"href":"https:\/\/www.europesays.com\/fr\/wp-json\/wp\/v2\/posts\/419254","targetHints":{"allow":["GET"]}}],"collection":[{"href":"https:\/\/www.europesays.com\/fr\/wp-json\/wp\/v2\/posts"}],"about":[{"href":"https:\/\/www.europesays.com\/fr\/wp-json\/wp\/v2\/types\/post"}],"author":[{"embeddable":true,"href":"https:\/\/www.europesays.com\/fr\/wp-json\/wp\/v2\/users\/2"}],"replies":[{"embeddable":true,"href":"https:\/\/www.europesays.com\/fr\/wp-json\/wp\/v2\/comments?post=419254"}],"version-history":[{"count":0,"href":"https:\/\/www.europesays.com\/fr\/wp-json\/wp\/v2\/posts\/419254\/revisions"}],"wp:featuredmedia":[{"embeddable":true,"href":"https:\/\/www.europesays.com\/fr\/wp-json\/wp\/v2\/media\/419255"}],"wp:attachment":[{"href":"https:\/\/www.europesays.com\/fr\/wp-json\/wp\/v2\/media?parent=419254"}],"wp:term":[{"taxonomy":"category","embeddable":true,"href":"https:\/\/www.europesays.com\/fr\/wp-json\/wp\/v2\/categories?post=419254"},{"taxonomy":"post_tag","embeddable":true,"href":"https:\/\/www.europesays.com\/fr\/wp-json\/wp\/v2\/tags?post=419254"}],"curies":[{"name":"wp","href":"https:\/\/api.w.org\/{rel}","templated":true}]}}