{"id":419256,"date":"2025-09-26T15:52:11","date_gmt":"2025-09-26T15:52:11","guid":{"rendered":"https:\/\/www.europesays.com\/fr\/419256\/"},"modified":"2025-09-26T15:52:11","modified_gmt":"2025-09-26T15:52:11","slug":"notre-tresor-cest-notre-lectorat","status":"publish","type":"post","link":"https:\/\/www.europesays.com\/fr\/419256\/","title":{"rendered":"\u00ab\u00a0Notre tr\u00e9sor, c\u2019est notre lectorat\u00a0\u00bb"},"content":{"rendered":"<blockquote class=\"question\"><p>\u00c0 notre \u00e9poque, \u00e9crire, est-ce une raison d\u2019\u00eatre\u00a0?<\/p><\/blockquote>\n<p>\u00ab\u00a0En tous les cas, c\u2019est la mienne. Je ne sais pas si c\u2019est li\u00e9 \u00e0 l\u2019\u00e9poque, car \u00e0 toutes les \u00e9poques quelles qu\u2019elles soient, j\u2019ai eu envie d\u2019\u00e9crire. Pour moi, c\u2019est un besoin depuis toujours.\u00a0\u00bb<\/p>\n<blockquote class=\"question\"><p>Est-ce par le roman que\u00a0vous avez pu vous \u00e9panouir totalement\u00a0?<\/p><\/blockquote>\n<p>\u00ab\u00a0Disons que pour ce que j\u2019avais \u00e0 \u00e9crire, cela ne passait pas par le journalisme, puisque c\u2019\u00e9tait une qu\u00eate personnelle. Elle n\u2019avait pas sa place dans les colonnes d\u2019un journal.\u00a0\u00bb<\/p>\n<blockquote class=\"question\"><p>Avec vos livres, \u00eates-vous all\u00e9 au plus profond de vous-m\u00eame\u00a0?<\/p><\/blockquote>\n<p>\u00ab\u00a0Oui, j\u2019ai essay\u00e9. \u00c7a a \u00e9t\u00e9 un long cheminement qui a dur\u00e9 35 ans, depuis mon premier roman jusqu\u2019\u00e0 Mon enfant, ma s\u0153ur , paru en 2023. Ces livres successifs ont explor\u00e9 cette qu\u00eate familiale, ces secrets, ces silences, ces mensonges\u00a0pour essayer de constituer, de reconstituer une identit\u00e9.\u00a0\u00bb<\/p>\n<blockquote class=\"question\"><p>\u00c9tait-ce une forme d\u2019exutoire\u00a0?<\/p><\/blockquote>\n<p>\u00ab\u00a0Plus qu\u2019un exutoire, c\u2019\u00e9tait faire en sorte que mes livres deviennent mes papiers d\u2019identit\u00e9, d\u2019une certaine mani\u00e8re.\u00a0\u00bb<\/p>\n<blockquote class=\"question\"><p>V&#8230;<\/p><\/blockquote>\n","protected":false},"excerpt":{"rendered":"\u00c0 notre \u00e9poque, \u00e9crire, est-ce une raison d\u2019\u00eatre\u00a0? \u00ab\u00a0En tous les cas, c\u2019est la mienne. Je ne sais&hellip;\n","protected":false},"author":2,"featured_media":419257,"comment_status":"","ping_status":"","sticky":false,"template":"","format":"standard","meta":{"footnotes":""},"categories":[1357],"tags":[1379,1687,58,10975,59,107,1011,27,1380,2410,54681,54680],"class_list":{"0":"post-419256","1":"post","2":"type-post","3":"status-publish","4":"format-standard","5":"has-post-thumbnail","7":"category-livres","8":"tag-books","9":"tag-culture-loisirs","10":"tag-divertissement","11":"tag-edition-beaune-et-sa-region","12":"tag-entertainment","13":"tag-fil-info","14":"tag-fr","15":"tag-france","16":"tag-livres","17":"tag-livres-bd","18":"tag-nuits-saint-georges-bassin","19":"tag-vougeot"},"share_on_mastodon":{"url":"https:\/\/pubeurope.com\/@fr\/115271404386101602","error":""},"_links":{"self":[{"href":"https:\/\/www.europesays.com\/fr\/wp-json\/wp\/v2\/posts\/419256","targetHints":{"allow":["GET"]}}],"collection":[{"href":"https:\/\/www.europesays.com\/fr\/wp-json\/wp\/v2\/posts"}],"about":[{"href":"https:\/\/www.europesays.com\/fr\/wp-json\/wp\/v2\/types\/post"}],"author":[{"embeddable":true,"href":"https:\/\/www.europesays.com\/fr\/wp-json\/wp\/v2\/users\/2"}],"replies":[{"embeddable":true,"href":"https:\/\/www.europesays.com\/fr\/wp-json\/wp\/v2\/comments?post=419256"}],"version-history":[{"count":0,"href":"https:\/\/www.europesays.com\/fr\/wp-json\/wp\/v2\/posts\/419256\/revisions"}],"wp:featuredmedia":[{"embeddable":true,"href":"https:\/\/www.europesays.com\/fr\/wp-json\/wp\/v2\/media\/419257"}],"wp:attachment":[{"href":"https:\/\/www.europesays.com\/fr\/wp-json\/wp\/v2\/media?parent=419256"}],"wp:term":[{"taxonomy":"category","embeddable":true,"href":"https:\/\/www.europesays.com\/fr\/wp-json\/wp\/v2\/categories?post=419256"},{"taxonomy":"post_tag","embeddable":true,"href":"https:\/\/www.europesays.com\/fr\/wp-json\/wp\/v2\/tags?post=419256"}],"curies":[{"name":"wp","href":"https:\/\/api.w.org\/{rel}","templated":true}]}}