{"id":419268,"date":"2025-09-26T15:58:12","date_gmt":"2025-09-26T15:58:12","guid":{"rendered":"https:\/\/www.europesays.com\/fr\/419268\/"},"modified":"2025-09-26T15:58:12","modified_gmt":"2025-09-26T15:58:12","slug":"opposees-au-boycott-du-cinema-israelien-ces-stars-de-hollywood-signent-une-contre-petition","status":"publish","type":"post","link":"https:\/\/www.europesays.com\/fr\/419268\/","title":{"rendered":"Oppos\u00e9es au boycott du cin\u00e9ma isra\u00e9lien, ces stars de Hollywood signent une contre-p\u00e9tition"},"content":{"rendered":"<p>        <img decoding=\"async\" loading=\"lazy\" src=\"https:\/\/www.europesays.com\/fr\/wp-content\/uploads\/2025\/09\/a4c6306_upload-1-jagjjqrcrg7c-afp-20250208-36xg4wk-v1-highres-aarpthemagazines23rdannualmoviesforgro.jpeg\"  width=\"728\" height=\"409\" alt=\"\u00a0L\u2019acteur Liev Schreiber fait partie des personnalit\u00e9s qui d\u00e9noncent l'appel au boycott du cin\u00e9ma isra\u00e9lien.\"\/>  <\/p>\n<p>LISA O&rsquo;CONNOR \/ AFP<\/p>\n<p>\u00a0L\u2019acteur Liev Schreiber fait partie des personnalit\u00e9s qui d\u00e9noncent l&rsquo;appel au boycott du cin\u00e9ma isra\u00e9lien.<\/p>\n<p class=\"asset asset-text\">CIN\u00c9MA \u2013 Une p\u00e9tition contre la p\u00e9tition. Quelque 1\u00a0200 membres de l\u2019industrie cin\u00e9matographique am\u00e9ricaine s\u2019\u00e9l\u00e8vent, dans une p\u00e9tition, contre l\u2019appel au boycott d<a href=\"https:\/\/www.huffingtonpost.fr\/international\/article\/avant-le-sommet-de-macron-a-new-york-ces-artistes-francais-lui-soumettent-deux-conditions_255038.html\" rel=\"nofollow noopener\" target=\"_blank\">\u2019institutions culturelles isra\u00e9liennes<\/a>. Elle vise \u00e0 remettre en cause la tribune sign\u00e9e par des milliers d\u2019acteurs et r\u00e9alisateurs, comme Javier Bardem ou <a href=\"https:\/\/www.huffingtonpost.fr\/culture\/article\/pour-emma-stone-son-prochain-film-bugonia-lui-rappelle-beaucoup-l-affaire-luigi-mangione_254212.html\" rel=\"nofollow noopener\" target=\"_blank\">Emma Stone<\/a>, pour d\u00e9noncer les crimes de guerre \u00e0 <a href=\"https:\/\/www.huffingtonpost.fr\/international\/article\/flottille-pour-gaza-l-executif-francais-mis-sous-pression-pour-proteger-les-bateaux-qui-font-etat-d-attaques-d-israel_255262.html\" rel=\"nofollow noopener\" target=\"_blank\">Gaza<\/a>.<\/p>\n<p class=\"asset asset-text\">Cette nouvelle p\u00e9tition r\u00e9v\u00e9l\u00e9e ce jeudi 25\u00a0septembre par l\u2019hebdomadaire <a href=\"https:\/\/variety.com\/2025\/film\/global\/liev-schreiber-mayim-bialik-reject-israeli-industry-boycott-letter-1236528982\/\" target=\"_blank\" rel=\"noopener nofollow\" title=\"Nouvelle fen\u00eatre\">Variety<\/a> estime que cet appel au boycott \u00ab\u00a0amplifie la propagande antis\u00e9mite\u00a0\u00bb et rel\u00e8ve d\u2019une \u00ab\u00a0d\u00e9sinformation qui d\u00e9fend une censure arbitraire\u00a0\u00bb. Parmi les signataires, on peut retrouver des noms comme l\u2019acteur <a href=\"https:\/\/www.huffingtonpost.fr\/culture\/article\/un-couple-parfait-avec-nicole-kidman-sur-netflix-vous-plonge-dans-un-cluedo-trepidant-clx1_239128.html\" target=\"_blank\" rel=\"noopener nofollow\" title=\"Nouvelle fen\u00eatre\">Liev Schreiber<\/a>, la com\u00e9dienne Jennifer Jason Leigh ou encore le PDG de FOX Entertainment Global Fernando Szew.<\/p>\n<p class=\"asset asset-text\">D\u00e9but septembre, sous la banni\u00e8re du collectif Film Workers for Palestine, des milliers d\u2019artistes se sont engag\u00e9s \u00e0 cesser toute collaboration avec des institutions culturelles isra\u00e9liennes (festivals, producteurs, diffuseurs\u2026) \u00ab\u00a0impliqu\u00e9es dans le g\u00e9nocide et l\u2019apartheid contre le peuple palestinien\u00a0\u00bb.<\/p>\n<p class=\"asset asset-text\">La p\u00e9tition lanc\u00e9e en r\u00e9ponse affirme que ce boycott risque toutefois de toucher \u00ab\u00a0les voix qui cherchent pr\u00e9cis\u00e9ment \u00e0 trouver un terrain d\u2019entente\u00a0\u00bb en Isra\u00ebl et rel\u00e8ve d\u2019une \u00ab\u00a0forme de punition collective (\u2026) inefficace\u00a0\u00bb. Les signataires d\u00e9noncent par ailleurs, dans l\u2019appel au boycott, l\u2019emploi des termes \u00ab\u00a0n\u00e9buleux\u00a0\u00bb de \u00ab\u00a0complicit\u00e9\u00a0\u00bb ou \u00ab\u00a0d\u2019implication\u00a0\u00bb.<\/p>\n<p>                     8\u00a0000\u00a0signataires contre les crimes \u00e0 Gaza    <\/p>\n<p class=\"asset asset-text\">La tribune d\u00e9nonce aussi une chasse \u00e0 l\u2019homme. \u00ab\u00a0Qui va d\u00e9cider quels cin\u00e9astes isra\u00e9liens et quelles institutions cin\u00e9matographiques sont complices\u00a0? Un comit\u00e9 maccarthiste qui fait des listes noires\u00a0? Ou la complicit\u00e9 est-elle juste un moyen de boycotter tous les Isra\u00e9liens et les sionistes (\u2026) quoi qu\u2019ils cr\u00e9ent ou pensent\u00a0\u00bb, justifie-t-elle.<\/p>\n<p class=\"asset asset-text\">L\u2019appel de Film Workers for Palestine, qui revendique d\u00e9sormais quelque 8\u00a0000 signataires, avait tent\u00e9 de r\u00e9pondre \u00e0 cette objection en d\u00e9finissant des exemples de \u00ab\u00a0complicit\u00e9\u00a0\u00bb\u00a0: cela \u00ab\u00a0inclut le fait de dissimuler (traduction de whitewash, NDLR) ou de justifier le g\u00e9nocide et l\u2019apartheid et\/ou de s\u2019allier avec le gouvernement qui le commet\u00a0\u00bb, indique le texte.<\/p>\n<p class=\"asset asset-text\">Ces derni\u00e8res semaines, de plus en plus de cin\u00e9astes, musiciens ou \u00e9crivains occidentaux ont appel\u00e9 \u00e0 un boycott culturel d\u2019Isra\u00ebl en raison de la guerre \u00e0 Gaza, suscitant l\u2019inqui\u00e9tude de certains artistes isra\u00e9liens qui affirment lutter contre le gouvernement de Benjamin Netanyahu.<\/p>\n","protected":false},"excerpt":{"rendered":"LISA O&rsquo;CONNOR \/ AFP \u00a0L\u2019acteur Liev Schreiber fait partie des personnalit\u00e9s qui d\u00e9noncent l&rsquo;appel au boycott du cin\u00e9ma&hellip;\n","protected":false},"author":2,"featured_media":419269,"comment_status":"","ping_status":"","sticky":false,"template":"","format":"standard","meta":{"footnotes":""},"categories":[8],"tags":[650,251,58,59,1011,27,2137,664],"class_list":{"0":"post-419268","1":"post","2":"type-post","3":"status-publish","4":"format-standard","5":"has-post-thumbnail","7":"category-divertissement","8":"tag-cinema","9":"tag-culture","10":"tag-divertissement","11":"tag-entertainment","12":"tag-fr","13":"tag-france","14":"tag-hollywood","15":"tag-israel"},"share_on_mastodon":{"url":"https:\/\/pubeurope.com\/@fr\/115271428485163259","error":""},"_links":{"self":[{"href":"https:\/\/www.europesays.com\/fr\/wp-json\/wp\/v2\/posts\/419268","targetHints":{"allow":["GET"]}}],"collection":[{"href":"https:\/\/www.europesays.com\/fr\/wp-json\/wp\/v2\/posts"}],"about":[{"href":"https:\/\/www.europesays.com\/fr\/wp-json\/wp\/v2\/types\/post"}],"author":[{"embeddable":true,"href":"https:\/\/www.europesays.com\/fr\/wp-json\/wp\/v2\/users\/2"}],"replies":[{"embeddable":true,"href":"https:\/\/www.europesays.com\/fr\/wp-json\/wp\/v2\/comments?post=419268"}],"version-history":[{"count":0,"href":"https:\/\/www.europesays.com\/fr\/wp-json\/wp\/v2\/posts\/419268\/revisions"}],"wp:featuredmedia":[{"embeddable":true,"href":"https:\/\/www.europesays.com\/fr\/wp-json\/wp\/v2\/media\/419269"}],"wp:attachment":[{"href":"https:\/\/www.europesays.com\/fr\/wp-json\/wp\/v2\/media?parent=419268"}],"wp:term":[{"taxonomy":"category","embeddable":true,"href":"https:\/\/www.europesays.com\/fr\/wp-json\/wp\/v2\/categories?post=419268"},{"taxonomy":"post_tag","embeddable":true,"href":"https:\/\/www.europesays.com\/fr\/wp-json\/wp\/v2\/tags?post=419268"}],"curies":[{"name":"wp","href":"https:\/\/api.w.org\/{rel}","templated":true}]}}