{"id":419270,"date":"2025-09-26T15:59:12","date_gmt":"2025-09-26T15:59:12","guid":{"rendered":"https:\/\/www.europesays.com\/fr\/419270\/"},"modified":"2025-09-26T15:59:12","modified_gmt":"2025-09-26T15:59:12","slug":"voici-comment-refuser-laspiration-de-vos-donnees","status":"publish","type":"post","link":"https:\/\/www.europesays.com\/fr\/419270\/","title":{"rendered":"voici comment refuser l&rsquo;aspiration de vos donn\u00e9es"},"content":{"rendered":"<p>\u00c0 compter du <strong>3 novembre 2025<\/strong>, <strong>LinkedIn<\/strong> va utiliser les <strong>donn\u00e9es personnelles<\/strong> de ses membres pour alimenter l\u2019entra\u00eenement de ses mod\u00e8les d\u2019<strong>intelligence artificielle (IA) g\u00e9n\u00e9rative<\/strong>. Par d\u00e9faut, la case autorisant ce partage est d\u00e9j\u00e0 coch\u00e9e dans les <strong>param\u00e8tres de confidentialit\u00e9<\/strong>. Autrement dit, sans action de votre part, la plateforme pourra exploiter des informations telles que votre nom, photo, poste, formation, comp\u00e9tences, adresse IP, appareil ou localisation. Cette mesure soul\u00e8ve des interrogations l\u00e9gitimes autour de la <strong>protection des donn\u00e9es<\/strong> et des droits des utilisateurs, alors m\u00eame que la CNIL surveille attentivement ces \u00e9volutions. Comprendre et ma\u00eetriser ces nouveaut\u00e9s devient donc essentiel pour pr\u00e9server sa vie priv\u00e9e.<\/p>\n<p>Quelles sont les donn\u00e9es personnelles vis\u00e9es par l\u2019entra\u00eenement de l\u2019IA\u202f?<\/p>\n<p>De nombreux membres ignorent encore que leurs <strong>informations publiques<\/strong> visibles sur la plateforme, mais aussi leurs <strong>recherches<\/strong> et diverses <strong>activit\u00e9s<\/strong>, pourraient servir \u00e0 entra\u00eener les algorithmes avanc\u00e9s de l\u2019IA. L\u2019objectif affich\u00e9 est de rendre les <strong>mod\u00e8les d\u2019IA g\u00e9n\u00e9rative<\/strong> plus performants et repr\u00e9sentatifs des usages mondiaux. Les \u00e9l\u00e9ments collect\u00e9s ne se limitent pas \u00e0 votre profil, ils couvrent un large \u00e9ventail d\u2019informations.<\/p>\n<p>Les <strong>contenus publics<\/strong> jouent un r\u00f4le central dans cette collecte, car tout ce qui est publi\u00e9 de fa\u00e7on ouverte peut \u00eatre analys\u00e9, associ\u00e9 \u00e0 d\u2019autres traces ou utilis\u00e9 pour d\u00e9velopper de nouveaux outils propuls\u00e9s par l\u2019<strong>intelligence artificielle<\/strong>. Seuls les <strong>messages priv\u00e9s<\/strong> sont formellement exclus de cette exploitation, mais cela n\u2019emp\u00eache pas une utilisation \u00e9tendue des autres donn\u00e9es accessibles via votre compte.<\/p>\n<p>Exemples de donn\u00e9es concern\u00e9es<\/p>\n<p>La liste des <strong>donn\u00e9es partag\u00e9es<\/strong> en l\u2019absence de refus explicite d\u00e9passe largement les simples identifiants. Sont notamment concern\u00e9s :<\/p>\n<ul class=\"wp-block-list\">\n<li><strong>Donn\u00e9es de profil<\/strong>\u202f: poste actuel, formation, comp\u00e9tences renseign\u00e9es<\/li>\n<li><strong>Photos<\/strong>, r\u00e9sum\u00e9s et articles publi\u00e9s publiquement<\/li>\n<li><strong>Recherches<\/strong> effectu\u00e9es sur la plateforme<\/li>\n<li><strong>Activit\u00e9s<\/strong> comme les likes, commentaires ou partages de contenus<\/li>\n<li><strong>Donn\u00e9es techniques<\/strong>\u202f: adresse IP, type d\u2019appareil, g\u00e9olocalisation<\/li>\n<\/ul>\n<p>Toutes ces informations dessinent un portrait d\u00e9taill\u00e9 de chaque utilisateur, facilitant ensuite la personnalisation ou l\u2019am\u00e9lioration des services issus de l\u2019<strong>IA g\u00e9n\u00e9rative<\/strong>.<\/p>\n<p>Objectifs officiellement affich\u00e9s<\/p>\n<p>Selon LinkedIn, exploiter autant de <strong>donn\u00e9es personnelles<\/strong> vise \u00e0 rendre les <strong>mod\u00e8les d\u2019intelligence artificielle<\/strong> plus justes et inclusifs. L\u2019id\u00e9e est d\u2019assurer une meilleure repr\u00e9sentativit\u00e9 des pratiques r\u00e9elles et d\u2019adapter les fonctionnalit\u00e9s aux besoins des utilisateurs du monde entier.<\/p>\n<p>Le discours officiel met en avant la volont\u00e9 de comprendre les tendances professionnelles et d\u2019anticiper les attentes grandissantes en mati\u00e8re d\u2019automatisation. Pourtant, beaucoup y voient un motif suppl\u00e9mentaire de rester vigilant quant \u00e0 la <strong>confidentialit\u00e9 des donn\u00e9es<\/strong>.<\/p>\n<p>Comment refuser l\u2019utilisation de ses donn\u00e9es pour l\u2019IA\u202f?<\/p>\n<p>M\u00eame si le r\u00e9glage par d\u00e9faut favorise une <strong>extraction massive des contenus<\/strong>, il existe une solution simple pour ceux qui souhaitent s\u2019opposer \u00e0 l\u2019utilisation de leurs <strong>donn\u00e9es personnelles<\/strong> par l\u2019IA. Un <strong>opt-out<\/strong> reste possible, mais chaque membre doit agir manuellement avant la date limite fix\u00e9e.<\/p>\n<p>Il est important de toujours veiller \u00e0 qui vous communiquez vos informations et dans quelles circonstances, car parfois un num\u00e9ro de t\u00e9l\u00e9phone ou une adresse email peuvent \u00eatre r\u00e9cup\u00e9r\u00e9s \u00e0 diverses occasions. Si, par exemple, vous souhaitez mieux comprendre comment vos coordonn\u00e9es finissent sur des listes de prospection, vous pouvez consulter <a href=\"https:\/\/www.adcf.org\/demarchage-telephonique-voici-pourquoi-mon-numero-de-telephone-sest-retrouve-sur-une-liste-de-call-centers\/\" rel=\"nofollow noopener\" target=\"_blank\">ce dossier explicatif sur les raisons pour lesquelles votre num\u00e9ro de t\u00e9l\u00e9phone est partag\u00e9 lors d\u2019inscriptions ou d\u2019\u00e9changes entre organismes<\/a>. Prendre l\u2019habitude de consulter r\u00e9guli\u00e8rement ses <strong>param\u00e8tres de confidentialit\u00e9<\/strong> est vivement conseill\u00e9 pour garder la main sur le <strong>partage de donn\u00e9es<\/strong> personnelles.<\/p>\n<p>Les \u00e9tapes concr\u00e8tes pour d\u00e9sactiver l\u2019option<\/p>\n<p>Pour emp\u00eacher l\u2019int\u00e9gration de vos <strong>informations personnelles<\/strong> \u00e0 l\u2019entra\u00eenement de l\u2019IA, voici la proc\u00e9dure \u00e0 suivre\u202f:<\/p>\n<ol class=\"wp-block-list\">\n<li>Se connecter \u00e0 son compte LinkedIn depuis la page d\u2019accueil<\/li>\n<li>Acc\u00e9der aux \u201cparam\u00e8tres\u201d puis \u00e0 la rubrique d\u00e9di\u00e9e \u00e0 la <strong>confidentialit\u00e9 des donn\u00e9es<\/strong><\/li>\n<li>Identifier l\u2019option relative \u00e0 l\u2019entra\u00eenement des <strong>mod\u00e8les IA<\/strong> et v\u00e9rifier son statut<\/li>\n<li>D\u00e9cocher la case autorisant le <strong>partage automatique<\/strong> avec l\u2019IA<\/li>\n<li>Valider votre choix et attendre la confirmation de prise en compte<\/li>\n<\/ol>\n<p>Chaque utilisateur doit effectuer individuellement cette modification pour garantir la pr\u00e9servation de ses pr\u00e9f\u00e9rences. Apr\u00e8s le <strong>3 novembre 2025<\/strong>, toute absence d\u2019action entra\u00eenera l\u2019exploitation automatique du profil lors des futurs cycles d\u2019apprentissage algorithmique.<\/p>\n<p>Que faire en cas de difficult\u00e9\u202f?<\/p>\n<p>Certains peuvent rencontrer des difficult\u00e9s \u00e0 localiser pr\u00e9cis\u00e9ment l\u2019option \u00e0 modifier, ou s\u2019interroger sur la port\u00e9e r\u00e9elle de leur refus et la dur\u00e9e de conservation des donn\u00e9es d\u00e9j\u00e0 utilis\u00e9es.<\/p>\n<p>Dans tous les cas, il est recommand\u00e9 de consulter la FAQ disponible dans la section <strong>confidentialit\u00e9 des donn\u00e9es<\/strong>, ou de contacter le service assistance pour b\u00e9n\u00e9ficier d\u2019un accompagnement personnalis\u00e9. La rapidit\u00e9 et la vigilance sont essentielles pour conserver la ma\u00eetrise de ses <strong>informations personnelles<\/strong>.<\/p>\n<p>Le cadre r\u00e9glementaire et la vigilance de la CNIL<\/p>\n<p>Face \u00e0 une telle initiative, les organismes de contr\u00f4le r\u00e9agissent rapidement. La <strong>CNIL<\/strong> rappelle que tout utilisateur doit recevoir une information claire et disposer d\u2019un droit effectif d\u2019opposition. La transparence constitue un pilier fondamental pour respecter les standards europ\u00e9ens en mati\u00e8re de <strong>vie priv\u00e9e<\/strong>.<\/p>\n<p>L\u2019autorit\u00e9 veille particuli\u00e8rement au respect de la <strong>confidentialit\u00e9 des donn\u00e9es<\/strong> et \u00e0 l\u2019acc\u00e8s r\u00e9el aux dispositifs de <strong>refus\/opt-out<\/strong>. Toute utilisation excessive ou manque de clart\u00e9 pourrait exposer la plateforme \u00e0 des sanctions, surtout en l\u2019absence d\u2019un consentement explicite.<\/p>\n<p>Quels droits conserver en tant qu\u2019utilisateur\u202f?<\/p>\n<p>Au-del\u00e0 du droit ponctuel de refuser le <strong>partage de donn\u00e9es<\/strong>, chaque membre conserve des garanties fondamentales\u202f: acc\u00e8s, rectification et effacement de la majorit\u00e9 des informations d\u00e9tenues par les services num\u00e9riques.<\/p>\n<p>Des notifications r\u00e9guli\u00e8res informent sur l\u2019\u00e9volution de la politique de <strong>confidentialit\u00e9<\/strong>, ainsi que sur les moyens disponibles pour limiter l\u2019\u00e9tendue des traitements \u00e0 des fins d\u2019<strong>entra\u00eenement de l\u2019IA<\/strong>.<\/p>\n<p>L\u2019importance d\u2019agir avant la date limite<\/p>\n<p>Le calendrier laisse peu de temps \u00e0 l\u2019h\u00e9sitation\u202f: d\u00e8s le <strong>3 novembre 2025<\/strong>, l\u2019exploitation g\u00e9n\u00e9ralis\u00e9e d\u00e9butera automatiquement. Il est donc crucial d\u2019agir rapidement pour prot\u00e9ger certains aspects de son identit\u00e9 num\u00e9rique.<\/p>\n<p>Anticiper cette \u00e9ch\u00e9ance permet de garder la libert\u00e9 de choisir, d\u2019autant que le param\u00e9trage initial privil\u00e9gie un usage \u00e9largi des profils. V\u00e9rifier r\u00e9guli\u00e8rement ses <strong>param\u00e8tres de confidentialit\u00e9<\/strong> limite les risques de divulgation involontaire de ses publications ou centres d\u2019int\u00e9r\u00eat professionnels.<\/p>\n","protected":false},"excerpt":{"rendered":"\u00c0 compter du 3 novembre 2025, LinkedIn va utiliser les donn\u00e9es personnelles de ses membres pour alimenter l\u2019entra\u00eenement&hellip;\n","protected":false},"author":2,"featured_media":419271,"comment_status":"","ping_status":"","sticky":false,"template":"","format":"standard","meta":{"footnotes":""},"categories":[7],"tags":[1011,27,43,40,41,39,42,44],"class_list":{"0":"post-419270","1":"post","2":"type-post","3":"status-publish","4":"format-standard","5":"has-post-thumbnail","7":"category-sciences-et-technologies","8":"tag-fr","9":"tag-france","10":"tag-science","11":"tag-science-and-technology","12":"tag-sciences","13":"tag-sciences-et-technologies","14":"tag-technologies","15":"tag-technology"},"share_on_mastodon":{"url":"https:\/\/pubeurope.com\/@fr\/115271432028761816","error":""},"_links":{"self":[{"href":"https:\/\/www.europesays.com\/fr\/wp-json\/wp\/v2\/posts\/419270","targetHints":{"allow":["GET"]}}],"collection":[{"href":"https:\/\/www.europesays.com\/fr\/wp-json\/wp\/v2\/posts"}],"about":[{"href":"https:\/\/www.europesays.com\/fr\/wp-json\/wp\/v2\/types\/post"}],"author":[{"embeddable":true,"href":"https:\/\/www.europesays.com\/fr\/wp-json\/wp\/v2\/users\/2"}],"replies":[{"embeddable":true,"href":"https:\/\/www.europesays.com\/fr\/wp-json\/wp\/v2\/comments?post=419270"}],"version-history":[{"count":0,"href":"https:\/\/www.europesays.com\/fr\/wp-json\/wp\/v2\/posts\/419270\/revisions"}],"wp:featuredmedia":[{"embeddable":true,"href":"https:\/\/www.europesays.com\/fr\/wp-json\/wp\/v2\/media\/419271"}],"wp:attachment":[{"href":"https:\/\/www.europesays.com\/fr\/wp-json\/wp\/v2\/media?parent=419270"}],"wp:term":[{"taxonomy":"category","embeddable":true,"href":"https:\/\/www.europesays.com\/fr\/wp-json\/wp\/v2\/categories?post=419270"},{"taxonomy":"post_tag","embeddable":true,"href":"https:\/\/www.europesays.com\/fr\/wp-json\/wp\/v2\/tags?post=419270"}],"curies":[{"name":"wp","href":"https:\/\/api.w.org\/{rel}","templated":true}]}}