{"id":419272,"date":"2025-09-26T16:00:13","date_gmt":"2025-09-26T16:00:13","guid":{"rendered":"https:\/\/www.europesays.com\/fr\/419272\/"},"modified":"2025-09-26T16:00:13","modified_gmt":"2025-09-26T16:00:13","slug":"pourquoi-les-holdings-familiales-sont-dans-le-viseur-de-bercy","status":"publish","type":"post","link":"https:\/\/www.europesays.com\/fr\/419272\/","title":{"rendered":"pourquoi les holdings familiales sont dans le viseur de Bercy"},"content":{"rendered":"<p><strong>D\u00c9CRYPTAGE &#8211; <\/strong>Accus\u00e9es d\u2019\u00e9chapper \u00e0 l\u2019imp\u00f4t, ces soci\u00e9t\u00e9s occupent un r\u00f4le cl\u00e9 dans la gouvernance des entreprises. Mais leur tr\u00e9sorerie alimente les app\u00e9tits d\u2019un ex\u00e9cutif surfant sur la popularit\u00e9 de la taxe Zucman.<\/p>\n<p class=\"fig-paragraph\">Une taxation des holdings familiales plut\u00f4t qu\u2019une \u00abtaxe Zucman\u00bb\u00a0? Cette piste semble faire consensus et\u00a0<a href=\"http:\/\/www.lefigaro.fr\/conjoncture\/rendement-assiette-taux-a-quoi-pourrait-ressembler-le-neo-isf-qui-se-dessine-a-la-place-de-la-taxe-zucman-20250924\" target=\"_blank\" data-fig-type=\"Article\" rel=\"noopener\" data-gtm-custom-categorie=\"navigation\" data-gtm-custom-action=\"crossclick\" data-gtm-custom-label=\"Contextuel\" data-gtm-event=\"customEventSPE\" data-fig-domain=\"LEFIGARO\">pourrait \u00eatre privil\u00e9gi\u00e9e par le gouvernement<\/a>, d\u00e9sireux de s\u2019attirer les faveurs des \u00e9lecteurs de gauche favorables \u00e0 cet imp\u00f4t diff\u00e9rentiel de 2% sur le patrimoine des 1800 foyers les plus ais\u00e9s. La ministre des Comptes publics &#8211; aujourd\u2019hui d\u00e9missionnaire -,\u00a0<a href=\"http:\/\/www.lefigaro.fr\/politique\/budget-2026-amelie-de-montchalin-promet-une-copie-credible-et-responsable-20250622\" data-fig-type=\"Article\" data-gtm-custom-categorie=\"navigation\" data-gtm-custom-action=\"crossclick\" data-gtm-custom-label=\"Contextuel\" data-gtm-event=\"customEventSPE\" data-fig-domain=\"LEFIGARO\" target=\"_blank\" rel=\"noopener\">Am\u00e9lie de Montchalin, d\u00e9non\u00e7ait d\u00e9j\u00e0 l\u2019\u00e9t\u00e9 dernier<\/a>\u00a0un \u00abm\u00e9canisme d\u00e9sormais assez usit\u00e9 &#8211; disons-le franchement &#8211; d\u2019\u00e9vitement et parfois de contournement de l\u2019imp\u00f4t\u00bb, affirmant que Bercy travaillait \u00e0 \u00abla fiscalisation des actifs non productifs\u00bb h\u00e9berg\u00e9s dans ces structures. \u00abIl faut trouver une alternative pour faire payer les tr\u00e8s riches\u00bb, a de son c\u00f4t\u00e9 r\u00e9cemment\u00a0<a href=\"http:\/\/www.lefigaro.fr\/conjoncture\/le-rapporteur-du-budget-balaie-la-taxe-zucman-et-propose-de-s-attaquer-aux-holdings-familiales-a-la-place-20250923\" data-fig-type=\"NewsFlash\" data-gtm-custom-categorie=\"navigation\" data-gtm-custom-action=\"crossclick\" data-gtm-custom-label=\"Contextuel\" data-gtm-event=\"customEventSPE\" data-fig-domain=\"LEFIGARO\" target=\"_blank\" rel=\"noopener\">d\u00e9clar\u00e9 le rapporteur g\u00e9n\u00e9ral du budget<\/a>\u00a0\u00e0 l\u2019Assembl\u00e9e nationale (Liot), Charles de Courson. La solution selon lui, r\u00e9instaurer\u00a0\u00abun pr\u00e9compte mobilier sur les dividendes non distribu\u00e9s dans les holdings\u00bb familiales.<\/p>\n<p class=\"fig-paragraph\">Les propri\u00e9taires de ces holdings conservent leurs actifs financiers dans ces soci\u00e9t\u00e9s plut\u00f4t que de se les attribuer directement. Une pratique qui, de facto, les abrite des pr\u00e9l\u00e8vements obligatoires qui s\u2019appliqueraient s\u2019ils s\u2019attribuaient personnellement l\u2019int\u00e9gralit\u00e9 des b\u00e9n\u00e9fices de leurs entreprises. Certains y voient ainsi une zone grise propice \u00e0 des\u00a0<a href=\"http:\/\/www.lefigaro.fr\/economie\/l-homme-d-affaires-michel-ohayon-mis-en-examen-pour-banqueroute-et-abus-de-biens-sociaux-20250405\" data-fig-type=\"NewsFlash\" data-gtm-custom-categorie=\"navigation\" data-gtm-custom-action=\"crossclick\" data-gtm-custom-label=\"Contextuel\" data-gtm-event=\"customEventSPE\" data-fig-domain=\"LEFIGARO\" target=\"_blank\" rel=\"noopener\">abus de biens sociaux<\/a>\u00a0d\u00e9guis\u00e9s. Prenons l\u2019exemple d\u2019une holding qui d\u00e9tient des biens de prestige (yacht, villa, avion)\u00a0: son dirigeant peut les utiliser, mais uniquement sous certaines conditions. Cela doit se faire dans le cadre d\u2019un contrat de location en bonne et due forme, avec un loyer fix\u00e9 au prix du march\u00e9 et vers\u00e9 \u00e0 la soci\u00e9t\u00e9 propri\u00e9taire (la holding). Toute utilisation\u2026<\/p>\n<p class=\"fig-premium-paywall__infos\">\n        Cet article est r\u00e9serv\u00e9 aux abonn\u00e9s.        Il vous reste 74% \u00e0 d\u00e9couvrir.\n    <\/p>\n<p>                <img  data- alt=\"Le Figaro\" class=\"fig-img--complete fig-img\"\/><\/p>\n<p class=\"fig-premium-paywall__title\">Vous avez envie de lire la suite ?<\/p>\n<p class=\"fig-premium-paywall__subtitle\">D\u00e9bloquez tous les articles imm\u00e9diatement.<\/p>\n<p class=\"fig-premium-paywall__connect\">\n                D\u00e9j\u00e0 abonn\u00e9\u00a0?                <a class=\"fig-premium-paywall__connect-link\" href=\"https:\/\/connect.lefigaro.fr\/login?client=horizon_web&amp;type=main&amp;redirect_uri=https%3A%2F%2Fwww.lefigaro.fr%2Fconjoncture%2Fune-alternative-a-la-taxe-zucman-pourquoi-les-holdings-familiales-sont-dans-le-viseur-de-bercy-20250926\" data-js-gtm=\"{&quot;customCategorie&quot;: &quot;conversion&quot;, &quot;customAction&quot;: &quot;before_Landing_Connexion_paywall_manuel&quot;, &quot;customLabel&quot;: &quot;bGVmaWdhcm8uZnJfXzFmMDlhMDQ5LTRkNzQtNjQxZS1iMDQ2LTZmZjg4YmMyMjhkMF9fQXJ0aWNsZQ==_Une \u00abalternative\u00bb \u00e0 la taxe Zucman\u00a0: pourquoi les holdings familiales sont dans le viseur de Bercy_740&quot;, &quot;customIDSPE&quot;: &quot;bGVmaWdhcm8uZnJfXzFmMDlhMDQ5LTRkNzQtNjQxZS1iMDQ2LTZmZjg4YmMyMjhkMF9fQXJ0aWNsZQ==&quot;, &quot;event&quot;: &quot;customEventSPE&quot;}\" target=\"_blank\" rel=\"noopener\"><br \/>\n                    Connectez-vous<br \/>\n                <\/a>\n            <\/p>\n","protected":false},"excerpt":{"rendered":"D\u00c9CRYPTAGE &#8211; Accus\u00e9es d\u2019\u00e9chapper \u00e0 l\u2019imp\u00f4t, ces soci\u00e9t\u00e9s occupent un r\u00f4le cl\u00e9 dans la gouvernance des entreprises. Mais&hellip;\n","protected":false},"author":2,"featured_media":419273,"comment_status":"","ping_status":"","sticky":false,"template":"","format":"standard","meta":{"footnotes":""},"categories":[6],"tags":[1003,35,33,34,526,1011,27,2549],"class_list":{"0":"post-419272","1":"post","2":"type-post","3":"status-publish","4":"format-standard","5":"has-post-thumbnail","7":"category-economie","8":"tag-budget","9":"tag-business","10":"tag-economie","11":"tag-economy","12":"tag-fiscalite","13":"tag-fr","14":"tag-france","15":"tag-taxe"},"share_on_mastodon":{"url":"https:\/\/pubeurope.com\/@fr\/115271435829709060","error":""},"_links":{"self":[{"href":"https:\/\/www.europesays.com\/fr\/wp-json\/wp\/v2\/posts\/419272","targetHints":{"allow":["GET"]}}],"collection":[{"href":"https:\/\/www.europesays.com\/fr\/wp-json\/wp\/v2\/posts"}],"about":[{"href":"https:\/\/www.europesays.com\/fr\/wp-json\/wp\/v2\/types\/post"}],"author":[{"embeddable":true,"href":"https:\/\/www.europesays.com\/fr\/wp-json\/wp\/v2\/users\/2"}],"replies":[{"embeddable":true,"href":"https:\/\/www.europesays.com\/fr\/wp-json\/wp\/v2\/comments?post=419272"}],"version-history":[{"count":0,"href":"https:\/\/www.europesays.com\/fr\/wp-json\/wp\/v2\/posts\/419272\/revisions"}],"wp:featuredmedia":[{"embeddable":true,"href":"https:\/\/www.europesays.com\/fr\/wp-json\/wp\/v2\/media\/419273"}],"wp:attachment":[{"href":"https:\/\/www.europesays.com\/fr\/wp-json\/wp\/v2\/media?parent=419272"}],"wp:term":[{"taxonomy":"category","embeddable":true,"href":"https:\/\/www.europesays.com\/fr\/wp-json\/wp\/v2\/categories?post=419272"},{"taxonomy":"post_tag","embeddable":true,"href":"https:\/\/www.europesays.com\/fr\/wp-json\/wp\/v2\/tags?post=419272"}],"curies":[{"name":"wp","href":"https:\/\/api.w.org\/{rel}","templated":true}]}}