{"id":419274,"date":"2025-09-26T16:01:11","date_gmt":"2025-09-26T16:01:11","guid":{"rendered":"https:\/\/www.europesays.com\/fr\/419274\/"},"modified":"2025-09-26T16:01:11","modified_gmt":"2025-09-26T16:01:11","slug":"le-kremlin-qualifie-de-dangereuse-leventualite-dabattre-des-avions-russes","status":"publish","type":"post","link":"https:\/\/www.europesays.com\/fr\/419274\/","title":{"rendered":"le Kremlin qualifie de \u00abdangereuse\u00bb l\u2019\u00e9ventualit\u00e9 d\u2019abattre des avions russes"},"content":{"rendered":"<p>Par le biais de son porte-parole le Kremlin a critiqu\u00e9 \u00abdes d\u00e9clarations irresponsables sur la n\u00e9cessit\u00e9 d\u2019abattre des avions russes\u00bb \u00e9mises par Donald Trump.<\/p>\n<p class=\"fig-paragraph\">Le\u00a0<a href=\"https:\/\/video.lefigaro.fr\/figaro\/international\/la-russie-reagit-aux-menaces-de-frappes-sur-le-kremlin-evoquees-par-zelensky-20250926\" data-fig-type=\"Video\" data-gtm-custom-categorie=\"navigation\" data-gtm-custom-action=\"crossclick\" data-gtm-custom-label=\"Contextuel\" data-gtm-event=\"customEventSPE\" data-fig-domain=\"LEFIGARO\" target=\"_blank\" rel=\"noopener\">Kremlin\u00a0<\/a>a jug\u00e9 vendredi 26 septembre \u00abdangereuse\u00bb et \u00abirresponsable\u00bb l&rsquo;id\u00e9e d&rsquo;abattre des avions russes en cas de<a href=\"http:\/\/www.lefigaro.fr\/international\/la-russie-qualifie-d-hysterie-et-d-infondees-les-accusations-de-violation-de-l-espace-aerien-de-l-otan-20250924\" data-fig-type=\"NewsFlash\" data-gtm-custom-categorie=\"navigation\" data-gtm-custom-action=\"crossclick\" data-gtm-custom-label=\"Contextuel\" data-gtm-event=\"customEventSPE\" data-fig-domain=\"LEFIGARO\" target=\"_blank\" rel=\"noopener\">\u00a0violation de l&rsquo;espace a\u00e9rien\u00a0<\/a>de pays de l&rsquo;Otan, \u00e9voqu\u00e9e quelques jours plus t\u00f4t par le pr\u00e9sident am\u00e9ricain\u00a0<a href=\"http:\/\/www.lefigaro.fr\/international\/un-souffle-qui-survivra-a-donald-trump-aux-etats-unis-le-grand-retour-du-conservatisme-20250926\" data-fig-type=\"Article\" data-gtm-custom-categorie=\"navigation\" data-gtm-custom-action=\"crossclick\" data-gtm-custom-label=\"Contextuel\" data-gtm-event=\"customEventSPE\" data-fig-domain=\"LEFIGARO\" target=\"_blank\" rel=\"noopener\">Donald Trump<\/a>.<\/p>\n<p class=\"fig-paragraph\">Le porte-parole du Kremlin, Dmitry Peskov, a critiqu\u00e9 \u00abdes d\u00e9clarations irresponsables sur la n\u00e9cessit\u00e9 d&rsquo;abattre des avions russes, qui sont, au minimum, imprudentes, irresponsables et entra\u00eenent des cons\u00e9quences dangereuses\u00bb, dans une interview accord\u00e9e \u00e0 la t\u00e9l\u00e9vision d&rsquo;\u00c9tat russe.<\/p>\n<p>                                    <a class=\"fig-a11y-skip a11y-hidden\" href=\"#fig-a11y-skip-main-inarticle\"><br \/>\n        Passer la publicit\u00e9<br \/>\n    <\/a><\/p>\n<p class=\"fig-paragraph\">Donald Trump a jug\u00e9 mardi que les pays de l\u2019Otan devraient abattre les appareils russes violant leur espace a\u00e9rien, apr\u00e8s trois incursions de drones ou avions de combat russes sur le territoire de l\u2019Alliance en moins de deux semaines.<\/p>\n<p>Trois avions russes intercept\u00e9s<\/p>\n<p class=\"fig-paragraph\">L\u2019Otan a de son c\u00f4t\u00e9 averti Moscou que l\u2019\u00abescalade\u00bb devait cesser et assur\u00e9 qu\u2019elle \u00e9tait pr\u00eate \u00e0 se d\u00e9fendre par tous les moyens, sans \u00e9voquer l\u2019id\u00e9e d\u2019abattre les avions.<\/p>\n<p class=\"fig-paragraph\">Le pr\u00e9sident fran\u00e7ais Emmanuel Macron a pour sa part affirm\u00e9 mercredi que les pays de l\u2019Otan devaient \u00abmonter d\u2019un cran\u00bb leur riposte en cas de \u00abnouvelles provocations de la Russie, notamment dans l\u2019espace a\u00e9rien de l\u2019Europe de l\u2019Est. Tout en ajoutant : \u00abon ne va pas ouvrir le feu.\u00bb La semaine derni\u00e8re, l\u2019Otan a dit avoir intercept\u00e9 trois MiG-31 russes entr\u00e9s dans l\u2019espace a\u00e9rien de l\u2019Estonie.<\/p>\n<p class=\"fig-paragraph\">Dmitri Peskov a une nouvelle fois rejet\u00e9 vendredi les accusations. \u00abIl n\u2019a \u00e9t\u00e9 pr\u00e9sent\u00e9 aucune preuve de quoi que ce soit\u00bb, a-t-il soulign\u00e9. L\u2019UE veut n\u00e9anmoins renforcer sa s\u00e9curit\u00e9 avec un mur anti-drones, qu\u2019une dizaine de pays, dont plusieurs qui ont connu des incursions, consid\u00e8rent d\u00e9sormais comme \u00abune priorit\u00e9\u00bb.<\/p>\n","protected":false},"excerpt":{"rendered":"Par le biais de son porte-parole le Kremlin a critiqu\u00e9 \u00abdes d\u00e9clarations irresponsables sur la n\u00e9cessit\u00e9 d\u2019abattre des&hellip;\n","protected":false},"author":2,"featured_media":419275,"comment_status":"","ping_status":"","sticky":false,"template":"","format":"standard","meta":{"footnotes":""},"categories":[5],"tags":[11,1011,27,14,12,136,132,28],"class_list":{"0":"post-419274","1":"post","2":"type-post","3":"status-publish","4":"format-standard","5":"has-post-thumbnail","7":"category-international","8":"tag-actualites","9":"tag-fr","10":"tag-france","11":"tag-international","12":"tag-news","13":"tag-otan","14":"tag-russie","15":"tag-world"},"share_on_mastodon":{"url":"https:\/\/pubeurope.com\/@fr\/115271439748777848","error":""},"_links":{"self":[{"href":"https:\/\/www.europesays.com\/fr\/wp-json\/wp\/v2\/posts\/419274","targetHints":{"allow":["GET"]}}],"collection":[{"href":"https:\/\/www.europesays.com\/fr\/wp-json\/wp\/v2\/posts"}],"about":[{"href":"https:\/\/www.europesays.com\/fr\/wp-json\/wp\/v2\/types\/post"}],"author":[{"embeddable":true,"href":"https:\/\/www.europesays.com\/fr\/wp-json\/wp\/v2\/users\/2"}],"replies":[{"embeddable":true,"href":"https:\/\/www.europesays.com\/fr\/wp-json\/wp\/v2\/comments?post=419274"}],"version-history":[{"count":0,"href":"https:\/\/www.europesays.com\/fr\/wp-json\/wp\/v2\/posts\/419274\/revisions"}],"wp:featuredmedia":[{"embeddable":true,"href":"https:\/\/www.europesays.com\/fr\/wp-json\/wp\/v2\/media\/419275"}],"wp:attachment":[{"href":"https:\/\/www.europesays.com\/fr\/wp-json\/wp\/v2\/media?parent=419274"}],"wp:term":[{"taxonomy":"category","embeddable":true,"href":"https:\/\/www.europesays.com\/fr\/wp-json\/wp\/v2\/categories?post=419274"},{"taxonomy":"post_tag","embeddable":true,"href":"https:\/\/www.europesays.com\/fr\/wp-json\/wp\/v2\/tags?post=419274"}],"curies":[{"name":"wp","href":"https:\/\/api.w.org\/{rel}","templated":true}]}}