{"id":419280,"date":"2025-09-26T16:04:12","date_gmt":"2025-09-26T16:04:12","guid":{"rendered":"https:\/\/www.europesays.com\/fr\/419280\/"},"modified":"2025-09-26T16:04:12","modified_gmt":"2025-09-26T16:04:12","slug":"saint-etienne-pourquoi-faut-il-collecter-plus-de-plasma-en-france","status":"publish","type":"post","link":"https:\/\/www.europesays.com\/fr\/419280\/","title":{"rendered":"Saint-\u00c9tienne. Pourquoi faut-il collecter plus de plasma en France\u00a0?"},"content":{"rendered":"<p>Moins connu que le don du sang, le don de plasma n\u2019en est pas moins lui aussi un geste qui sauve des vies.\u00a0Les prot\u00e9ines de ce composant liquide du sang entrent dans la fabrication de nombreux m\u00e9dicaments (immunoglobulines, facteurs de coagulation, albumine\u2026) indispensables \u00e0 des patients pr\u00e9sentant un d\u00e9ficit immunitaire ou souffrant de maladies auto-immunes.<\/p>\n<p>Ce sont des dizaines de milliers de malades en France qui d\u00e9pendent \u00e0 65\u00a0% du plasma collect\u00e9 sur le territoire am\u00e9ricain. Un territoire o\u00f9 \u00ab\u00a0les donneurs peuvent donner leur plasma jusqu\u2018\u00e0 deux fois par semaine pour gagner jusqu\u2019\u00e0 1\u00a0000\u00a0dollars par mois, s\u2019exposant \u00e0 des risques pour leur sant\u00e9, notamment les plus d\u00e9munis\u00a0\u00bb, d\u00e9non\u00e7ait, il y a quelques mois, le pr\u00e9sident de l\u2018\u00e9tablissement fran\u00e7ais du sang.<\/p>\n<p>  Un objectif de 1\u00a0400\u00a0000 litres de plasma \u00e0 collecter<\/p>\n<p>Ce sont toutes ces questions-l\u00e0 qui seront au c\u0153ur de la conf\u00e9rence-d\u00e9bat organis\u00e9e, ce samedi 27\u00a0septembre, \u00e0 14 heures, \u00e0 l\u2019amicale des donneurs de sang, \u00e0 Saint-Etienne. \u00c0 cette occasion, l\u2019amicale recevra la journaliste Clara Robert-Motta. Auteure du livre \u00ab\u00a0De l\u2019or dans le sang\u00a0\u00bb, elle a men\u00e9 une enqu\u00eate sur le commerce mondial du plasma.<\/p>\n<p>Elle interviendra en pr\u00e9sence de Jacques All\u00e9gra, pr\u00e9sident de la F\u00e9d\u00e9ration fran\u00e7aise pour le don de sang b\u00e9n\u00e9vole, de repr\u00e9sentants de l\u2019\u00c9tablissement fran\u00e7ais du sang, du pr\u00e9sident de l\u2019ADOT (Associations pour le don d\u2019organes et de tissus humains) et de repr\u00e9sentants des 52 associations de donneurs de sang de la Loire.<\/p>\n<p>\u00ab\u00a0Notre objectif, affiche H\u00e9l\u00e8ve Favard, pr\u00e9sidente des associations et amicales pour le don du sang b\u00e9n\u00e9vole de la Loire, est de dresser un bilan de situation et mettre en place des actions pour atteindre le pr\u00e9l\u00e8vement de 1\u00a0400\u00a0000 litres de plasma en France en 2028\u00a0\u00bb.<\/p>\n<p>En 2024, 800\u00a0000 litres avaient \u00e9t\u00e9 recueillis. \u00ab\u00a0Nous voulons garantir la fourniture des m\u00e9dicaments suivant les besoins des malades et non comme cela s\u2019est produit, pendant le Covid, \u00eatre confront\u00e9s \u00e0 une p\u00e9nurie de m\u00e9dicaments et ainsi diff\u00e9rer le traitement des malades. Nous souhaitons <a href=\"https:\/\/www.leprogres.fr\/sante\/2025\/04\/04\/don-de-plasma-un-enjeu-de-souverainete-sanitaire-pour-la-france\" target=\"_blank\" rel=\"nofollow noopener\">pr\u00e9lever le plasma dans le respect des donneurs, insiste H\u00e9l\u00e8ne Favard, en pr\u00e9servant l\u2019\u00e9thique du don volontaire et gratuit<\/a>.\u00a0\u00bb<\/p>\n<p class=\"note\">La conf\u00e9rence se tiendra 1 rue Edmond-Charpentier \u00e0 Saint-Etienne<\/p>\n","protected":false},"excerpt":{"rendered":"Moins connu que le don du sang, le don de plasma n\u2019en est pas moins lui aussi un&hellip;\n","protected":false},"author":2,"featured_media":419281,"comment_status":"","ping_status":"","sticky":false,"template":"","format":"standard","meta":{"footnotes":""},"categories":[9653],"tags":[1111,11,2430,7539,1777,674,1011,27,3367,12,25,4001,7538,71],"class_list":{"0":"post-419280","1":"post","2":"type-post","3":"status-publish","4":"format-standard","5":"has-post-thumbnail","7":"category-saint-etienne","8":"tag-actu","9":"tag-actualites","10":"tag-auvergne-rhone-alpes","11":"tag-edition-loire-sud","12":"tag-eu","13":"tag-europe","14":"tag-fr","15":"tag-france","16":"tag-loire","17":"tag-news","18":"tag-republique-francaise","19":"tag-saint-etienne","20":"tag-saint-etienne-ville","21":"tag-sante"},"share_on_mastodon":{"url":"https:\/\/pubeurope.com\/@fr\/115271451693172384","error":""},"_links":{"self":[{"href":"https:\/\/www.europesays.com\/fr\/wp-json\/wp\/v2\/posts\/419280","targetHints":{"allow":["GET"]}}],"collection":[{"href":"https:\/\/www.europesays.com\/fr\/wp-json\/wp\/v2\/posts"}],"about":[{"href":"https:\/\/www.europesays.com\/fr\/wp-json\/wp\/v2\/types\/post"}],"author":[{"embeddable":true,"href":"https:\/\/www.europesays.com\/fr\/wp-json\/wp\/v2\/users\/2"}],"replies":[{"embeddable":true,"href":"https:\/\/www.europesays.com\/fr\/wp-json\/wp\/v2\/comments?post=419280"}],"version-history":[{"count":0,"href":"https:\/\/www.europesays.com\/fr\/wp-json\/wp\/v2\/posts\/419280\/revisions"}],"wp:featuredmedia":[{"embeddable":true,"href":"https:\/\/www.europesays.com\/fr\/wp-json\/wp\/v2\/media\/419281"}],"wp:attachment":[{"href":"https:\/\/www.europesays.com\/fr\/wp-json\/wp\/v2\/media?parent=419280"}],"wp:term":[{"taxonomy":"category","embeddable":true,"href":"https:\/\/www.europesays.com\/fr\/wp-json\/wp\/v2\/categories?post=419280"},{"taxonomy":"post_tag","embeddable":true,"href":"https:\/\/www.europesays.com\/fr\/wp-json\/wp\/v2\/tags?post=419280"}],"curies":[{"name":"wp","href":"https:\/\/api.w.org\/{rel}","templated":true}]}}