{"id":419295,"date":"2025-09-26T16:13:11","date_gmt":"2025-09-26T16:13:11","guid":{"rendered":"https:\/\/www.europesays.com\/fr\/419295\/"},"modified":"2025-09-26T16:13:11","modified_gmt":"2025-09-26T16:13:11","slug":"ils-verifient-des-produits-dans-un-hypermarche-pres-de-rouen","status":"publish","type":"post","link":"https:\/\/www.europesays.com\/fr\/419295\/","title":{"rendered":"ils v\u00e9rifient des produits dans un hypermarch\u00e9 pr\u00e8s de Rouen"},"content":{"rendered":"<p>            Par<br \/>\n        <strong><br \/>\n            <a href=\"https:\/\/actu.fr\/auteur\/fmass\" title=\"Consulter tous les articles de Fabien Massin\" rel=\"nofollow noopener\" target=\"_blank\">Fabien Massin<\/a><br \/>\n        <\/strong><\/p>\n<p>        Publi\u00e9 le<\/p>\n<p>            26 sept. 2025 \u00e0 18h00        <\/p>\n<p><a href=\"https:\/\/actu.fr\/normandie\/sotteville-les-rouen_76681\/agriculteurs-en-colere-une-action-surprise-dans-ce-magasin-metro-pres-de-rouen_62085325.html\" rel=\"nofollow noopener\" target=\"_blank\">Les agriculteurs en col\u00e8re sont de retour<\/a>. Dans le cadre d\u2019un mouvement de protestation \u00e0 l\u2019\u00e9chelle nationale, des agriculteurs ont men\u00e9 une action symbolique \u00e0<strong> l\u2019hypermarch\u00e9 Carrefour de Mont-Saint-Aignan<\/strong>, dans l\u2019agglo de <a href=\"https:\/\/actu.fr\/normandie\/rouen_76540\" rel=\"nofollow noopener\" target=\"_blank\">Rouen (Seine-Maritime)<\/a>. Une initiative conjointe de la FNSEA 76 et des Jeunes agriculteurs.\u00a0<\/p>\n<p>\u00ab\u00a0La France perd en comp\u00e9titivit\u00e9 et doit importer\u00a0\u00bb<\/p>\n<p class=\" wall-content\">\u00ab\u00a0L\u2019agriculture a besoin d\u2019\u00eatre soutenue, explique Jocelin Pesqueux, tr\u00e9sorier de la FDSEA 76, \u00e9leveur \u00e0 Allouville-Bellefosse. Nous voulons rappeler l\u2019incoh\u00e9rence des gouvernement successifs :<strong> on dit vouloir la souverainet\u00e9 alimentaire<\/strong> mais avec des r\u00e8gles environnementales plus b\u00eates que celles de nos voisins, <strong>la France perd en comp\u00e9titivit\u00e9<\/strong> et doit importer des produits agricoles. Aujourd\u2019hui la balance commerciale vient m\u00eame de basculer dans le rouge, alors qu\u2019il n\u2019y a encore pas si longtemps nous \u00e9tions la deuxi\u00e8me puissance exportatrice agricole apr\u00e8s les \u00c9tats-Unis.\u00a0\u00bb<\/p>\n<p class=\" wall-content\">Dans le viseur \u00e9galement des agriculteurs : le trait\u00e9 de libre-\u00e9change entre l\u2019Union europ\u00e9enne et le<strong> Mercosur (alliance de pays l\u2019Am\u00e9rique latine)<\/strong>.\u00a0<\/p>\n<p>Les \u00e9tiquettes des produits scrut\u00e9s<\/p>\n<p class=\" wall-content\">Sur place, dans les rayons du magasin, la dizaine d\u2019agriculteurs est all\u00e9e symboliquement v\u00e9rifier l\u2019origine de certains produits (viandes, fromages, fruits et l\u00e9gumes, etc). L\u2019un d\u2019eux constate : \u00ab\u00a0Des citrons du Br\u00e9sil et du gingembre du P\u00e9rou, <strong>on peut faire mieux<\/strong>.\u00a0\u00bb<\/p>\n<p class=\" wall-content\">Un autre montre deux cr\u00e8mes chantilly, l\u2019une dont le lait est d\u2019origine fran\u00e7aise et l\u2019autre de Belgique. \u00ab\u00a0Il y a \u00e9galement tout ce qui provient d\u2019UE (Union europ\u00e9enne), souligne un agriculteur.<strong> Mais l\u2019UE c\u2019est tr\u00e8s vaste<\/strong> et bien souvent les normes sociales et environnementales sont souvent tr\u00e8s diff\u00e9rentes des n\u00f4tres.\u00a0\u00bb<\/p>\n<p class=\" wall-content\">\n    <img   decoding=\"async\" loading=\"lazy\" src=\"https:\/\/www.europesays.com\/fr\/wp-content\/uploads\/2025\/09\/agriculteurs-mercosur-environnement-rouen-action-symbolique-960x640.jpg\" alt=\"L'action symbolique a \u00e9t\u00e9 organis\u00e9e par la FNSEA et les Jeunes agriculteurs. \" width=\"960\" height=\"640\"\/><br \/>\n    L\u2019action symbolique a \u00e9t\u00e9 organis\u00e9e par la FNSEA et les Jeunes agriculteurs. (\u00a9FM\/76actu)<br \/>\n    <img   decoding=\"async\" loading=\"lazy\" src=\"https:\/\/www.europesays.com\/fr\/wp-content\/uploads\/2025\/09\/agriculteur-rouen-mont-saint-aignan-960x640.jpg\" alt=\"Un agriculteur signale au consommateur un produit dont l'origine n'est pas fran\u00e7aise. \" width=\"960\" height=\"640\"\/><br \/>\n    Un agriculteur signale au consommateur un produit dont l\u2019origine n\u2019est pas fran\u00e7aise. (\u00a9FM\/76actu)<\/p>\n<p>Suivez l\u2019actualit\u00e9 de Rouen sur notre <a href=\"https:\/\/www.whatsapp.com\/channel\/0029VaKfnf99hXF2ddApFB1D\" rel=\"nofollow noopener\" target=\"_blank\">cha\u00eene WhatsApp<\/a> et sur notre <a href=\"https:\/\/www.tiktok.com\/@76actu.fr?lang=fr\" rel=\"nofollow noopener\" target=\"_blank\">compte TikTok<\/a><\/p>\n<p class=\" wall-content\">Personnalisez votre actualit\u00e9 en ajoutant vos villes et m\u00e9dias en favori avec <a href=\"https:\/\/moncompte.actu.fr\" title=\"D\u00e9couvez Mon Actu\" rel=\"nofollow noopener\" data-trk=\"{&quot;cta&quot;:{&quot;action&quot;:&quot;https:\\\/\\\/moncompte.actu.fr&quot;,&quot;category&quot;:&quot;mon compte&quot;,&quot;from&quot;:&quot;article footer&quot;,&quot;name&quot;:&quot;Mon actu&quot;,&quot;type&quot;:&quot;cta&quot;}}\" target=\"_blank\">Mon Actu<\/a>.<\/p>\n<p>                    <script async src=\"\/\/www.tiktok.com\/embed.js\"><\/script><\/p>\n","protected":false},"excerpt":{"rendered":"Par Fabien Massin Publi\u00e9 le 26 sept. 2025 \u00e0 18h00 Les agriculteurs en col\u00e8re sont de retour. Dans&hellip;\n","protected":false},"author":2,"featured_media":419296,"comment_status":"","ping_status":"","sticky":false,"template":"","format":"standard","meta":{"footnotes":""},"categories":[9587],"tags":[1111,11,327,215,1777,674,24728,1011,27,12,5161,25,9590,104],"class_list":{"0":"post-419295","1":"post","2":"type-post","3":"status-publish","4":"format-standard","5":"has-post-thumbnail","7":"category-rouen","8":"tag-actu","9":"tag-actualites","10":"tag-agriculture","11":"tag-commerce","12":"tag-eu","13":"tag-europe","14":"tag-fnsea","15":"tag-fr","16":"tag-france","17":"tag-news","18":"tag-normandie","19":"tag-republique-francaise","20":"tag-rouen","21":"tag-societe"},"share_on_mastodon":{"url":"https:\/\/pubeurope.com\/@fr\/115271487279248566","error":""},"_links":{"self":[{"href":"https:\/\/www.europesays.com\/fr\/wp-json\/wp\/v2\/posts\/419295","targetHints":{"allow":["GET"]}}],"collection":[{"href":"https:\/\/www.europesays.com\/fr\/wp-json\/wp\/v2\/posts"}],"about":[{"href":"https:\/\/www.europesays.com\/fr\/wp-json\/wp\/v2\/types\/post"}],"author":[{"embeddable":true,"href":"https:\/\/www.europesays.com\/fr\/wp-json\/wp\/v2\/users\/2"}],"replies":[{"embeddable":true,"href":"https:\/\/www.europesays.com\/fr\/wp-json\/wp\/v2\/comments?post=419295"}],"version-history":[{"count":0,"href":"https:\/\/www.europesays.com\/fr\/wp-json\/wp\/v2\/posts\/419295\/revisions"}],"wp:featuredmedia":[{"embeddable":true,"href":"https:\/\/www.europesays.com\/fr\/wp-json\/wp\/v2\/media\/419296"}],"wp:attachment":[{"href":"https:\/\/www.europesays.com\/fr\/wp-json\/wp\/v2\/media?parent=419295"}],"wp:term":[{"taxonomy":"category","embeddable":true,"href":"https:\/\/www.europesays.com\/fr\/wp-json\/wp\/v2\/categories?post=419295"},{"taxonomy":"post_tag","embeddable":true,"href":"https:\/\/www.europesays.com\/fr\/wp-json\/wp\/v2\/tags?post=419295"}],"curies":[{"name":"wp","href":"https:\/\/api.w.org\/{rel}","templated":true}]}}