{"id":419297,"date":"2025-09-26T16:14:13","date_gmt":"2025-09-26T16:14:13","guid":{"rendered":"https:\/\/www.europesays.com\/fr\/419297\/"},"modified":"2025-09-26T16:14:13","modified_gmt":"2025-09-26T16:14:13","slug":"scrapbooking-couture-broderie-perles-patchwork-outillage-tricot-crochet-le-salon-creativa-de-rouen-attire-les-passionnes-du-faire-soi-meme","status":"publish","type":"post","link":"https:\/\/www.europesays.com\/fr\/419297\/","title":{"rendered":"Scrapbooking, couture, broderie, perles, patchwork, outillage, tricot, crochet&#8230; Le salon Creativa de Rouen attire les passionn\u00e9s du \u00ab\u00a0faire soi-m\u00eame\u00a0\u00bb"},"content":{"rendered":"<p class=\"article__intro\">Le salon Creativa se tient jusqu\u2019au dimanche 28 septembre 2025\u00a0au parc des Expositions de Rouen (Seine-Maritime). Les fid\u00e8les sont au rendez-vous de cette 23\u00e8me \u00e9dition avec toujours plus d\u2019id\u00e9es de loisirs cr\u00e9atifs.<\/p>\n<p>\n      L\u2019actu des r\u00e9gions\n    <\/p>\n<p>\n      Chaque jour, un tour d\u2019horizon des principales infos de toutes les r\u00e9gions.\n    <\/p>\n<p>    France T\u00e9l\u00e9visions utilise votre adresse e-mail afin de vous envoyer la newsletter \u00ab\u00a0L\u2019actu des r\u00e9gions\u00a0\u00bb. Vous pouvez vous d\u00e9sinscrire \u00e0 tout moment via le lien en bas de cette newsletter. <a target=\"_blank\" href=\"https:\/\/www.francetelevisions.fr\/groupe\/confidentialite\/politique-de-confidentialite\/politique-de-confidentialite-de-france-televisions-6503\" rel=\"nofollow noopener\">Notre politique de confidentialit\u00e9<\/a><\/p>\n<p>DIY comprenez Do In Yourself\u2026 Si vous \u00eates un peu manuelle vous connaissez ces initiales traduites en fran\u00e7ais par \u00ab\u00a0\u00e0 faire soi-m\u00eame\u00a0\u00bb. Et c\u2019est bien ce que viennent chercher les passionn\u00e9es des loisirs cr\u00e9atifs au salon Cr\u00e9ativa de Rouen (Seine-Maritime).<\/p>\n<p>Scrapbooking, couture, broderie, perles, patchwork, outillage, cuisine cr\u00e9ative, tricot, crochet, mercerie, relooking de meubles\u2026 Toutes les th\u00e9matiques des loisirs cr\u00e9atifs seront d\u00e9clin\u00e9es.<\/p>\n<p>Un v\u00e9ritable temple de la cr\u00e9ation o\u00f9 chacun choisi la pratique qui lui correspond. Les tutos des cr\u00e9atrices et cr\u00e9ateurs en ligne cumulent des millions de vues et au cours de ce salon c\u2019est l\u2019occasion de les rencontrer et m\u00eame de partager des ateliers avec eux.<\/p>\n<\/p>\n<p>Parmi les invit\u00e9es d\u2019honneur, on retrouve Virginie alias VINY DIY qui cumule plus de 87,8 K followers sur son compte Instagram. Son objectif\u00a0: rendez la couture accessible \u00e0 tous\u00a0! <\/p>\n<p>Elle a d\u00e9couvert la couture et le crochet avec sa grand-m\u00e8re mais le d\u00e9clic a vraiment eu lieu en 2015 lors de sa derni\u00e8re grossesse. C&rsquo;est l\u00e0 que Virginie s\u2019est mise \u00e0 la couture et a syst\u00e9matiquement r\u00e9alis\u00e9 des tutoriels et des patrons d\u2019accessoires en pdf. Partage et d\u00e9monstration sont ses maitres mots pour d\u00e9montrer que \u00ab\u00a0la couture, c\u2019est facile\u00a0!\u00a0\u00bb<\/p>\n<p>A cot\u00e9 de son stand, son amie Melle Malabar. Karine et Virginie ont eu un v\u00e9ritable coup de c\u0153ur amical et professionnel et travaillent d\u00e9sormais pour proposer \u00ab\u00a0des v\u00eatements basiques accessibles \u00e0 tous\u00a0\u00bb.<\/p>\n<p>Le salon Cr\u00e9ativa Rouen propose aux visiteurs des mati\u00e8res premi\u00e8res, des kits de cr\u00e9ations et des produits novateurs. Un programme tr\u00e8s vari\u00e9 vous attend une nouvelle fois cette ann\u00e9e :\u00a0100 exposants, des ateliers, des expositions et un atelier de couture g\u00e9ant au profit d\u2019Octobre Rose.<\/p>\n<p>Passionn\u00e9s de loisirs cr\u00e9atifs, novices, curieux, vous aurez tous l\u2019opportunit\u00e9 de d\u00e9couvrir combien les activit\u00e9s manuelles peuvent \u00eatre \u00e0 port\u00e9e de tous et sont une v\u00e9ritable source de bien-\u00eatre\u00a0!<\/p>\n<\/p>\n<p>Rep\u00e9rer les nouveaut\u00e9s, trouver des p\u00e9pites que l\u2019on ne trouve nulle part ailleurs, s\u2019initier ou se perfectionner \u00e0 diverses techniques de loisirs cr\u00e9atifs, s\u2019\u00e9merveiller devant les expositions et d\u00e9fil\u00e9s, autant de possibilit\u00e9s et nouveaut\u00e9s \u00e0 d\u00e9couvrir !<\/p>\n<p>Le salon Cr\u00e9ativa se tient jusqu\u2019au dimanche 28 septembre 2025\u00a0au parc des Expositions de Rouen (Seine-Maritime). Horaires : Vendredi 26 septembre : 10h \u00e0 21h. Tarif sp\u00e9cial NOCTURNE (18h \u00e0 21h) : 4euros. Samedi 27 septembre : 10h \u00e0 18h. Dimanche 28 septembre : 10h \u00e0 18h. Tarif plein : 7,50 euros.<\/p>\n","protected":false},"excerpt":{"rendered":"Le salon Creativa se tient jusqu\u2019au dimanche 28 septembre 2025\u00a0au parc des Expositions de Rouen (Seine-Maritime). Les fid\u00e8les&hellip;\n","protected":false},"author":2,"featured_media":419298,"comment_status":"","ping_status":"","sticky":false,"template":"","format":"standard","meta":{"footnotes":""},"categories":[9587],"tags":[1111,11,1777,674,1011,27,12,5161,25,9590],"class_list":{"0":"post-419297","1":"post","2":"type-post","3":"status-publish","4":"format-standard","5":"has-post-thumbnail","7":"category-rouen","8":"tag-actu","9":"tag-actualites","10":"tag-eu","11":"tag-europe","12":"tag-fr","13":"tag-france","14":"tag-news","15":"tag-normandie","16":"tag-republique-francaise","17":"tag-rouen"},"share_on_mastodon":{"url":"https:\/\/pubeurope.com\/@fr\/115271490885878330","error":""},"_links":{"self":[{"href":"https:\/\/www.europesays.com\/fr\/wp-json\/wp\/v2\/posts\/419297","targetHints":{"allow":["GET"]}}],"collection":[{"href":"https:\/\/www.europesays.com\/fr\/wp-json\/wp\/v2\/posts"}],"about":[{"href":"https:\/\/www.europesays.com\/fr\/wp-json\/wp\/v2\/types\/post"}],"author":[{"embeddable":true,"href":"https:\/\/www.europesays.com\/fr\/wp-json\/wp\/v2\/users\/2"}],"replies":[{"embeddable":true,"href":"https:\/\/www.europesays.com\/fr\/wp-json\/wp\/v2\/comments?post=419297"}],"version-history":[{"count":0,"href":"https:\/\/www.europesays.com\/fr\/wp-json\/wp\/v2\/posts\/419297\/revisions"}],"wp:featuredmedia":[{"embeddable":true,"href":"https:\/\/www.europesays.com\/fr\/wp-json\/wp\/v2\/media\/419298"}],"wp:attachment":[{"href":"https:\/\/www.europesays.com\/fr\/wp-json\/wp\/v2\/media?parent=419297"}],"wp:term":[{"taxonomy":"category","embeddable":true,"href":"https:\/\/www.europesays.com\/fr\/wp-json\/wp\/v2\/categories?post=419297"},{"taxonomy":"post_tag","embeddable":true,"href":"https:\/\/www.europesays.com\/fr\/wp-json\/wp\/v2\/tags?post=419297"}],"curies":[{"name":"wp","href":"https:\/\/api.w.org\/{rel}","templated":true}]}}