{"id":419303,"date":"2025-09-26T16:17:10","date_gmt":"2025-09-26T16:17:10","guid":{"rendered":"https:\/\/www.europesays.com\/fr\/419303\/"},"modified":"2025-09-26T16:17:10","modified_gmt":"2025-09-26T16:17:10","slug":"il-surveille-les-150-000-policiers-de-france-stephane-hardouin-un-breton-a-la-tete-de-ligpn","status":"publish","type":"post","link":"https:\/\/www.europesays.com\/fr\/419303\/","title":{"rendered":"Il surveille les 150 000 policiers de France\u00a0: St\u00e9phane Hardouin, un Breton \u00e0 la t\u00eate de l\u2019IGPN"},"content":{"rendered":"<p>Un enfant du Thabor est devenu en f\u00e9vrier dernier le nouveau patron de l\u2019Inspection g\u00e9n\u00e9rale de la Police nationale (IGPN). \u00c0 la t\u00eate de \u00ab la police des polices \u00bb, St\u00e9phane Hardouin, 54 ans, est d\u00e9sormais charg\u00e9 de surveiller les 150 000 policiers fran\u00e7ais. Il est donc en contact r\u00e9gulier avec le ministre de l\u2019Int\u00e9rieur d\u00e9missionnaire, Bruno Retailleau, sur des sujets sensibles comme les violences polici\u00e8res, la corruption ou l\u2019usage de la force.<\/p>\n<p>D\u00e9j\u00e0 en 2022, le ministre G\u00e9rald Darmanin avait nomm\u00e9 une magistrate issue de la justice judiciaire pour diriger l\u2019IGPN. Cette nomination avait suscit\u00e9 de vives r\u00e9actions. Elle avait \u00e9t\u00e9 per\u00e7ue comme un signe de d\u00e9fiance de la part du pouvoir politique \u00e0 l\u2019encontre de l\u2019institution, r\u00e9guli\u00e8rement accus\u00e9e de passivit\u00e9 dans le traitement de cas de violences polici\u00e8res all\u00e9gu\u00e9es. La nomination de St\u00e9phane Hardouin a suscit\u00e9 moins d\u2019opposition mais les critiques restent latentes : \u00ab La police est donc une des rares corporations contr\u00f4l\u00e9es par une personne d\u2019un autre statut, en l\u2019occurrence un magistrat \u00bb, a d\u00e9nonc\u00e9 Un1t\u00e9, un syndicat de policiers<\/p>\n<p>\u00ab Savoir poser les bonnes questions \u00bb<\/p>\n<p>Des critiques que St\u00e9phane Hardouin \u00e9vite adroitement \u00ab L\u2019IGPN reste sous la direction g\u00e9n\u00e9rale de la police. Cette administration a toujours \u00e9t\u00e9 ind\u00e9pendante. M\u00eame un policier ne conna\u00eet pas tous les m\u00e9tiers de la police. Il y a s\u00e9curit\u00e9 publique, l\u2019investigation, le maintien de l\u2019ordre, la police aux fronti\u00e8res, les attach\u00e9s de s\u00e9curit\u00e9 dans les ambassades \u00e0 l\u2019\u00e9tranger, le Raid\u2026 Une foultitude de m\u00e9tiers qui n\u2019ont rien \u00e0 voir les uns avec les autres. Personne ne les conna\u00eetra tous. L\u2019essentiel, c\u2019est de s\u2019appuyer sur les sp\u00e9cialistes et de savoir poser les bonnes questions. J\u2019agis toujours en magistrat. Que dit le droit, que dit l\u2019enqu\u00eate. \u00bb<\/p>\n<p>Un regard qu\u2019il a commenc\u00e9 \u00e0 se forger d\u00e8s son plus jeune \u00e2ge. Fils cadet d\u2019une m\u00e8re professeure d\u2019histoire g\u00e9ographie au lyc\u00e9e de l\u2019Assomption et d\u2019un p\u00e8re professeur de droit \u00e0 l\u2019universit\u00e9 de Rennes, devenu avocat quelques ann\u00e9es plus tard, St\u00e9phane Hardouin s\u2019est vite int\u00e9ress\u00e9 \u00e0 la chose publique. \u00ab Avec mon fr\u00e8re, nous allions \u00e9couter mon p\u00e8re aux assises au Parlement de Bretagne. Il affectionnait particuli\u00e8rement la mati\u00e8re p\u00e9nale et avait une approche tr\u00e8s humaniste. \u00c0 la maison, il n\u2019\u00e9tait pas rare de d\u00eener ou de d\u00e9jeuner avec un d\u00e9tenu en permission\ufeff. \u00bb<\/p>\n<p>Proche de Jean Castex<\/p>\n<p>Berc\u00e9 par cette enfance proche des pr\u00e9toires et des gardes \u00e0 vue, St\u00e9phane Hardouin a obtenu un DEA de droit priv\u00e9 \u00e0 l\u2019Universit\u00e9 Paris 2 Panth\u00e9on-Assas avant d\u2019int\u00e9grer l\u2019\u00e9cole de la magistrature et de devenir procureur. Son premier poste l\u2019a amen\u00e9 \u00e0 Pontoise, dans le Val d\u2019Oise, comme substitut charg\u00e9 des affaires des mineurs. Virement \u00e0 180 degr\u00e9s pour le poste suivant : il int\u00e8gre le p\u00f4le financier o\u00f9 il requiert dans l\u2019affaire des HLM de Paris et dans celle des emplois fictifs d\u2019Elf. Touche \u00e0 tout, le Rennais devient directeur de l\u2019\u00e9cole nationale des greffes, puis secr\u00e9taire g\u00e9n\u00e9ral adjoint de la transformation num\u00e9rique, puis directeur adjoint de cabinet du garde des sceaux.<\/p>\n<p>Mais, assur\u00e9ment, c\u2019est son r\u00f4le de conseiller justice aupr\u00e8s de Jean Castex, alors Premier ministre, qui l\u2019a marqu\u00e9. \u00ab Ce poste m\u2019a renforc\u00e9 et appris, encore un peu plus, l\u2019ind\u00e9pendance. En tant que conseiller, il n\u2019y a pas de s\u00e9curit\u00e9 de l\u2019emploi. Quand tu donnes ton avis, certes le plus document\u00e9 possible, et qu\u2019il va \u00e0 l\u2019encontre de ce que dit un conseiller d\u2019un autre minist\u00e8re, il faut le porter. Ce poste m\u2019a appris beaucoup en termes de n\u00e9gociation. On doit mettre les diff\u00e9rents minist\u00e8res d\u2019accord. Trouver un compromis. Un Premier ministre a une pression \u00e9norme. Celle des \u00e9v\u00e8nements, du parlement, de l\u2019opinion publique\u2026 Cette pression renforce le caract\u00e8re. \u00bb<\/p>\n<p>Un caract\u00e8re que l\u2019on imagine joyeux aussi. En \u00e9voquant sa jeunesse dans la capitale bretonne, son visage s\u2019anime. \u00ab Quand je reviens \u00e0 Rennes, mes souvenirs remontent. On quittait le domicile familial le vendredi en fin d\u2019apr\u00e8s-midi sans savoir \u00e0 quelle heure nous allions rentrer. Aujourd\u2019hui, l\u2019image de Rennes me fait de la peine. Ce qui faisait Rennes, c\u2019\u00e9tait cette convivialit\u00e9, cette qui\u00e9tude. Nos parents n\u2019avaient pas la pr\u00e9occupation de la s\u00e9curit\u00e9. On allait au bout de la nuit ! Cela se passait toujours bien. \u00bb<\/p>\n","protected":false},"excerpt":{"rendered":"Un enfant du Thabor est devenu en f\u00e9vrier dernier le nouveau patron de l\u2019Inspection g\u00e9n\u00e9rale de la Police&hellip;\n","protected":false},"author":2,"featured_media":419304,"comment_status":"","ping_status":"","sticky":false,"template":"","format":"standard","meta":{"footnotes":""},"categories":[2821],"tags":[1111,11,829,765,1777,674,118,3383,1011,27,303,12,1072,584,25],"class_list":{"0":"post-419303","1":"post","2":"type-post","3":"status-publish","4":"format-standard","5":"has-post-thumbnail","7":"category-rennes","8":"tag-actu","9":"tag-actualites","10":"tag-bretagne","11":"tag-en-continu","12":"tag-eu","13":"tag-europe","14":"tag-faits-divers","15":"tag-faits-divers-a-rennes","16":"tag-fr","17":"tag-france","18":"tag-justice","19":"tag-news","20":"tag-police","21":"tag-rennes","22":"tag-republique-francaise"},"share_on_mastodon":{"url":"https:\/\/pubeurope.com\/@fr\/115271502568386693","error":""},"_links":{"self":[{"href":"https:\/\/www.europesays.com\/fr\/wp-json\/wp\/v2\/posts\/419303","targetHints":{"allow":["GET"]}}],"collection":[{"href":"https:\/\/www.europesays.com\/fr\/wp-json\/wp\/v2\/posts"}],"about":[{"href":"https:\/\/www.europesays.com\/fr\/wp-json\/wp\/v2\/types\/post"}],"author":[{"embeddable":true,"href":"https:\/\/www.europesays.com\/fr\/wp-json\/wp\/v2\/users\/2"}],"replies":[{"embeddable":true,"href":"https:\/\/www.europesays.com\/fr\/wp-json\/wp\/v2\/comments?post=419303"}],"version-history":[{"count":0,"href":"https:\/\/www.europesays.com\/fr\/wp-json\/wp\/v2\/posts\/419303\/revisions"}],"wp:featuredmedia":[{"embeddable":true,"href":"https:\/\/www.europesays.com\/fr\/wp-json\/wp\/v2\/media\/419304"}],"wp:attachment":[{"href":"https:\/\/www.europesays.com\/fr\/wp-json\/wp\/v2\/media?parent=419303"}],"wp:term":[{"taxonomy":"category","embeddable":true,"href":"https:\/\/www.europesays.com\/fr\/wp-json\/wp\/v2\/categories?post=419303"},{"taxonomy":"post_tag","embeddable":true,"href":"https:\/\/www.europesays.com\/fr\/wp-json\/wp\/v2\/tags?post=419303"}],"curies":[{"name":"wp","href":"https:\/\/api.w.org\/{rel}","templated":true}]}}