{"id":419313,"date":"2025-09-26T16:23:13","date_gmt":"2025-09-26T16:23:13","guid":{"rendered":"https:\/\/www.europesays.com\/fr\/419313\/"},"modified":"2025-09-26T16:23:13","modified_gmt":"2025-09-26T16:23:13","slug":"bingo-musical-ateliers-dartistes-theatre-que-faire-a-nantes-ce-week-end-voici-nos-idees-sorties","status":"publish","type":"post","link":"https:\/\/www.europesays.com\/fr\/419313\/","title":{"rendered":"Bingo musical, ateliers d&rsquo;artistes, th\u00e9\u00e2tre&#8230; Que faire \u00e0 Nantes ce week-end ? Voici nos id\u00e9es sorties"},"content":{"rendered":"<p>            Par<br \/>\n        <strong><br \/>\n            <a href=\"https:\/\/actu.fr\/auteur\/clemence-pays02-actu-fr\" title=\"Consulter tous les articles de Cl\u00e9mence Pays\" rel=\"nofollow noopener\" target=\"_blank\">Cl\u00e9mence Pays<\/a><br \/>\n        <\/strong><\/p>\n<p>        Publi\u00e9 le<\/p>\n<p>            26 sept. 2025 \u00e0 17h38        <\/p>\n<p>Chaque semaine, la r\u00e9daction d\u2019<a href=\"https:\/\/actu.fr\/nantes\/\" rel=\"nofollow noopener\" target=\"_blank\">actu Nantes<\/a> vous propose une s\u00e9lection d\u2019<strong>activit\u00e9s<\/strong> et d\u2019<strong>\u00e9v\u00e9nements<\/strong> auxquels participer pour passer un bon week-end. Seul ou \u00e0 plusieurs, avec ou sans enfant, ces animations sont vari\u00e9es et ne co\u00fbtent (presque) rien\u2009! Voici notre floril\u00e8ge <strong>du vendredi\u00a026 au dimanche 28\u00a0septembre 2025.<\/strong><\/p>\n<p>Aller au th\u00e9\u00e2tre<\/p>\n<p class=\" wall-content\">Samedi 27\u00a0septembre, <strong>11 th\u00e9\u00e2tres<\/strong> de Nantes s\u2019associent pour organiser <a href=\"https:\/\/actu.fr\/pays-de-la-loire\/nantes_44109\/spectacles-a-nantes-ce-festival-unique-en-france-met-le-theatre-en-avant_63175592.html\" rel=\"nofollow noopener\" target=\"_blank\">la 5e \u00e9dition de la Nuit du th\u00e9\u00e2tre<\/a>. <strong>De 21h30 jusqu\u2019au petit matin,<\/strong> pas moins de <strong>25 spectacles<\/strong> sont programm\u00e9s dans ces th\u00e9\u00e2tres. \u00ab\u2009Tous les styles du spectacle vivant sont \u00e0 (re) d\u00e9couvrir\u2009\u00bb, annoncent les organisateurs.<\/p>\n<p class=\" wall-content\">C\u2019est \u00e9galement l\u2019occasion de p\u00e9n\u00e9trer dans de nouveaux lieux et de se laisser prendre par le jeu d\u2019<strong>artistes locaux<\/strong> et des <strong>compagnies professionnelles.<\/strong><\/p>\n<p>Samedi 27\u00a0septembre, de 21h30 \u00e0 3h, dans 11 th\u00e9\u00e2tres de Nantes. Tarif\u2009: 15\u00a0euros par spectacle\u2009; pass d\u00e9couverte 3 spectacles \u00e0 35\u00a0euros. Programme complet des spectacles, de leurs horaires et lieux \u00e0 retrouver <a href=\"https:\/\/www.nuitdutheatre.fr\/programme\/\" rel=\"nofollow noopener\" target=\"_blank\">en cliquant ici<\/a>.D\u00e9ambuler d\u2019atelier en atelier<\/p>\n<p class=\" wall-content\"><strong>Du vendredi\u00a026 au dimanche 28\u00a0septembre,<\/strong> ateliers, boutiques, caf\u00e9s, maisons, jardins et locaux associatifs ouvrent leurs portes au public \u00e0 l\u2019occasion de <strong>La Balade des ateliers de Chantenay \u2013 Sainte-Anne.<\/strong><\/p>\n<p class=\" wall-content\">Au total, 47 lieux diff\u00e9rents sont \u00e0 visiter. C\u2019est l\u2019occasion de <strong>d\u00e9couvrir le travail des artistes et artisans locaux,<\/strong> d\u2019\u00e9changer avec eux et d\u2019acheter leurs \u0153uvres \u00e0 prix \u00ab\u2009atelier\u2009\u00bb. Des romanciers nantais sont \u00e9galement pr\u00e9sents pour pr\u00e9senter et d\u00e9dicacer leurs livres.<\/p>\n<p class=\" wall-content\"><strong>Concours, d\u00e9gustations, concerts<\/strong> et autres animations rythmeront ce week-end.<\/p>\n<p>Votre r\u00e9gion, votre actu !<\/p>\n<p>Recevez chaque jour les infos qui comptent pour vous.<\/p>\n<p>\t<a href=\"https:\/\/actu.fr\/newsletter\" class=\"ac-btn ac-btn--corner ac-btn--medium ac-btn--blue800\" rel=\"nofollow noopener\" target=\"_blank\">S&rsquo;incrire<\/a><br \/>\nDu vendredi\u00a026 au dimanche 28\u00a0septembre, de 11h \u00e0 20h, entre la butte Sainte-Anne et le quartier Chantenay (plan du guide disponible <a href=\"https:\/\/www.balade-des-ateliers.fr\/#:~:text=La%20balade%20des%20ateliers%20de%20Chantenay%20%E2%80%93%20Sainte%2DAnne&amp;text=e.s%20dans%2047%20lieux%20diff%C3%A9rents,pr%C3%A9senter%20et%20d%C3%A9dicacer%20leurs%20livres.\" rel=\"nofollow noopener\" target=\"_blank\">en cliquant ici<\/a>). Gratuit.Admirer Zeus<\/p>\n<p class=\" wall-content\">Depuis le vendredi 19\u00a0septembre, <strong>un cheval attire tous les regards<\/strong> sur le cour Cambronne. C\u2019est <a href=\"https:\/\/actu.fr\/pays-de-la-loire\/nantes_44109\/une-fierte-nantaise-48-000-visiteurs-sont-venus-voir-zeus-le-celebre-cheval-des-jo_63194297.html\" rel=\"nofollow noopener\" target=\"_blank\">Zeus, l\u2019\u00e9quid\u00e9 m\u00e9canique cr\u00e9\u00e9 par l\u2019Atelier blam<\/a>, qui a envout\u00e9 les millions de spectateurs lors de la c\u00e9r\u00e9monie d\u2019ouverture des <a href=\"https:\/\/actu.fr\/jeux-olympiques-2024\/\" rel=\"nofollow noopener\" target=\"_blank\">Jeux olympiques de Paris<\/a>.<\/p>\n<p class=\" wall-content\"><a href=\"https:\/\/www.instagram.com\/p\/DOx5VdkCGi5\/embed\" title=\"Ouvrir le lien sur Instagram\" rel=\"nofollow noopener\" target=\"_blank\">Visualiser le contenu sur Instagram<\/a><\/p>\n<p class=\" wall-content\">Ce week-end, ce sera les derniers jours pour (re) d\u00e9couvrir cette cr\u00e9ation nantaise. Zeus est pr\u00e9sent\u00e9 sur le trimaran qui a vogu\u00e9 sur la Seine et est <strong>en mouvement pendant une minute, toutes les trois minutes,<\/strong> de 12h30 \u00e0 21h30.<\/p>\n<p>Jusqu\u2019au dimanche 28\u00a0septembre, visible en continu et anim\u00e9 entre 12h30 et 21h30. Gratuit.<\/p>\n<p>D\u00e9couvrir la cath\u00e9drale restaur\u00e9e<\/p>\n<p class=\" wall-content\">Fortement d\u00e9t\u00e9rior\u00e9e par un incendie en 2020, la <strong>cath\u00e9drale Saint-Pierre et Saint-Paul<\/strong> de Nantes a fait l\u2019objet d\u2019un <a href=\"https:\/\/actu.fr\/pays-de-la-loire\/nantes_44109\/ossements-caveaux-decors-de-nombreuses-decouvertes-lors-des-fouilles-a-la-cathedrale-de-nantes_63188216.html\" rel=\"nofollow noopener\" target=\"_blank\">vaste chantier de restauration<\/a>. <strong>Samedi 27\u00a0septembre, l\u2019\u00e9difice religieux rouvrira<\/strong> partiellement au public, qui pourra ainsi d\u00e9couvrir le travail effectu\u00e9 durant ces cinq ans de travaux.<\/p>\n<p class=\" wall-content\">\u00c0 cette occasion, un week-end de festivit\u00e9s est organis\u00e9\u2009: c\u00e9r\u00e9monie, concert, spectacle, d\u00e9fil\u00e9, messe\u2026 Les animations sont nombreuses. Vous pouvez retrouver <strong>l\u2019int\u00e9gralit\u00e9 du planning des animations<\/strong> <a href=\"https:\/\/actu.fr\/pays-de-la-loire\/nantes_44109\/reouverture-de-la-cathedrale-de-nantes-un-week-end-pour-feter-la-renaissance-d-un-monument_63084911.html\" rel=\"nofollow noopener\" target=\"_blank\">en consultant notre article d\u00e9di\u00e9<\/a>.<\/p>\n<p>Samedi 27\u00a0septembre, \u00e0 partir de 14h30 et dimanche 28\u00a0septembre, \u00e0 partir de 9h, place Saint-Pierre, \u00e0 Nantes.<\/p>\n<p>Un dernier tour \u00e0 la guinguette<\/p>\n<p class=\" wall-content\">La saison des guinguettes touche \u00e0 sa fin et certaines vont baisser le rideau ce week-end en attendant le retour des beaux jours. C\u2019est notamment le cas de la <strong>Station nuage,<\/strong> \u00e0 <a href=\"https:\/\/actu.fr\/pays-de-la-loire\/saint-sebastien-sur-loire_44190\" rel=\"nofollow noopener\" target=\"_blank\">Saint-S\u00e9bastien-sur-Loire<\/a>. Vendredi, de 17h \u00e0 23h, les DJ set s\u2019encha\u00eeneront. Samedi, de 19h30 \u00e0 22h, ce sera le dernier blind test et dimanche, \u00ab\u2009la journ\u00e9e des bisous\u2009\u00bb.<\/p>\n<p class=\" wall-content\"><a href=\"https:\/\/www.instagram.com\/p\/DO6KUkiDGdR\/embed\" title=\"Ouvrir le lien sur Instagram\" rel=\"nofollow noopener\" target=\"_blank\">Visualiser le contenu sur Instagram<\/a><\/p>\n<p class=\" wall-content\">Du c\u00f4t\u00e9 des <strong>Nantais,<\/strong> sur le site de la Carri\u00e8re, \u00e0 <a href=\"https:\/\/actu.fr\/pays-de-la-loire\/saint-herblain_44162\" rel=\"nofollow noopener\" target=\"_blank\">Saint-Herblain<\/a>, voici ce qui est pr\u00e9vu\u2009:<\/p>\n<ul class=\" wall-content\">\n<li>vendredi, \u00e0 19h, bingo musical\u2009;<\/li>\n<li>samedi, \u00e0 13h et 15h30, atelier peinture sur c\u00e9ramique (sur inscription) et concert \u00e0 19h avec Le V\u00e9ritable Ariel Toko\u2009;<\/li>\n<li>dimanche, de 12h \u00e0 16h, brunch (sur r\u00e9servation), \u00e0 14h, blind test, de 16h \u00e0 20h DJ set de BAPT2, \u00e0 20h, bingo musical et jeux en bois XXL en acc\u00e8s libre toute la journ\u00e9e.<\/li>\n<\/ul>\n<p class=\" wall-content\"><a href=\"https:\/\/www.instagram.com\/p\/DO_KJobDEan\/embed\" title=\"Ouvrir le lien sur Instagram\" rel=\"nofollow noopener\" target=\"_blank\">Visualiser le contenu sur Instagram<\/a><\/p>\n<p>Station nuage, sur l\u2019\u00eele Forget \u00e0 Saint-S\u00e9bastien-sur-Loire.<br \/>Les Nantais, parc de la Carri\u00e8re, 2bis rue du Souvenir fran\u00e7ais \u00e0 Saint-Herblain.<\/p>\n<p class=\" wall-content\">Personnalisez votre actualit\u00e9 en ajoutant vos villes et m\u00e9dias en favori avec <a href=\"https:\/\/moncompte.actu.fr\" title=\"D\u00e9couvez Mon Actu\" rel=\"nofollow noopener\" data-trk=\"{&quot;cta&quot;:{&quot;action&quot;:&quot;https:\\\/\\\/moncompte.actu.fr&quot;,&quot;category&quot;:&quot;mon compte&quot;,&quot;from&quot;:&quot;article footer&quot;,&quot;name&quot;:&quot;Mon actu&quot;,&quot;type&quot;:&quot;cta&quot;}}\" target=\"_blank\">Mon Actu<\/a>.<\/p>\n<p>                    <script async src=\"\/\/www.instagram.com\/embed.js\"><\/script><\/p>\n","protected":false},"excerpt":{"rendered":"Par Cl\u00e9mence Pays Publi\u00e9 le 26 sept. 2025 \u00e0 17h38 Chaque semaine, la r\u00e9daction d\u2019actu Nantes vous propose&hellip;\n","protected":false},"author":2,"featured_media":419314,"comment_status":"","ping_status":"","sticky":false,"template":"","format":"standard","meta":{"footnotes":""},"categories":[2818],"tags":[1111,11,1777,674,1011,27,1305,766,12,2636,25],"class_list":{"0":"post-419313","1":"post","2":"type-post","3":"status-publish","4":"format-standard","5":"has-post-thumbnail","7":"category-nantes","8":"tag-actu","9":"tag-actualites","10":"tag-eu","11":"tag-europe","12":"tag-fr","13":"tag-france","14":"tag-lifestyle","15":"tag-nantes","16":"tag-news","17":"tag-pays-de-la-loire","18":"tag-republique-francaise"},"share_on_mastodon":{"url":"https:\/\/pubeurope.com\/@fr\/115271526300169415","error":""},"_links":{"self":[{"href":"https:\/\/www.europesays.com\/fr\/wp-json\/wp\/v2\/posts\/419313","targetHints":{"allow":["GET"]}}],"collection":[{"href":"https:\/\/www.europesays.com\/fr\/wp-json\/wp\/v2\/posts"}],"about":[{"href":"https:\/\/www.europesays.com\/fr\/wp-json\/wp\/v2\/types\/post"}],"author":[{"embeddable":true,"href":"https:\/\/www.europesays.com\/fr\/wp-json\/wp\/v2\/users\/2"}],"replies":[{"embeddable":true,"href":"https:\/\/www.europesays.com\/fr\/wp-json\/wp\/v2\/comments?post=419313"}],"version-history":[{"count":0,"href":"https:\/\/www.europesays.com\/fr\/wp-json\/wp\/v2\/posts\/419313\/revisions"}],"wp:featuredmedia":[{"embeddable":true,"href":"https:\/\/www.europesays.com\/fr\/wp-json\/wp\/v2\/media\/419314"}],"wp:attachment":[{"href":"https:\/\/www.europesays.com\/fr\/wp-json\/wp\/v2\/media?parent=419313"}],"wp:term":[{"taxonomy":"category","embeddable":true,"href":"https:\/\/www.europesays.com\/fr\/wp-json\/wp\/v2\/categories?post=419313"},{"taxonomy":"post_tag","embeddable":true,"href":"https:\/\/www.europesays.com\/fr\/wp-json\/wp\/v2\/tags?post=419313"}],"curies":[{"name":"wp","href":"https:\/\/api.w.org\/{rel}","templated":true}]}}