{"id":419315,"date":"2025-09-26T16:24:22","date_gmt":"2025-09-26T16:24:22","guid":{"rendered":"https:\/\/www.europesays.com\/fr\/419315\/"},"modified":"2025-09-26T16:24:22","modified_gmt":"2025-09-26T16:24:22","slug":"pfl-europe-nantes-le-mma-sempare-du-zenith-le-26-septembre-2025","status":"publish","type":"post","link":"https:\/\/www.europesays.com\/fr\/419315\/","title":{"rendered":"PFL Europe Nantes : le MMA s&#8217;empare du Z\u00e9nith le 26 septembre 2025"},"content":{"rendered":"<p>D\u00e8s le d\u00e9but d&rsquo;apr\u00e8s-midi, les fans nantais profiteront d&rsquo;une s\u00e9rie de combats pr\u00e9liminaires, avant une carte principale riche en suspens \u00e0 partir de 18h. Cet \u00e9v\u00e9nement majeur f\u00e9d\u00e8re de nombreux talents du MMA fran\u00e7ais et europ\u00e9en, avec une programmation diffus\u00e9e en direct (et en replay) sur DAZN, accessible sur tous supports num\u00e9riques.<\/p>\n<p><strong>Une affiche repens\u00e9e mais un plateau relev\u00e9<\/strong><\/p>\n<p>Malgr\u00e9 l&rsquo;annulation du combat Abdouraguimov vs Jousset, l&rsquo;organisation du <a href=\"https:\/\/dazn.prf.hn\/click\/camref:1101l5iEE5\/pubref:pfl-nantes-letelegramme\" rel=\"sponsored nofollow noopener\" target=\"_blank\">PFL Europe Nantes<\/a> propose un plateau de combattants de haut niveau. Le duel principal opposera Amin Ayoub, l&rsquo;espoir nantais invaincu depuis neuf combats, au Br\u00e9silien Keweny Lopes chez les poids l\u00e9gers. Ce choc centralise d\u00e9sormais l&rsquo;attention et promet une bataille tactique et explosive.<\/p>\n<p><strong>La soir\u00e9e sera \u00e9galement rythm\u00e9e par de nombreux affrontements d\u00e9cisifs :<\/strong><\/p>\n<p>D\u00e8s 19h, le Z\u00e9nith se transforme en temple du <a href=\"https:\/\/dazn.prf.hn\/click\/camref:1101l5iEE5\/pubref:pfl-nantes-letelegramme\" rel=\"nofollow noopener\" target=\"_blank\">MMA<\/a>, avec une alternance de combats de tous niveaux :<\/p>\n<ul>\n<li style=\"font-weight: 400;\">Poids coq (-61 kg) : Gustavo Oliveira contre Baris Adiguzel<\/li>\n<li style=\"font-weight: 400;\">Poids pailles (\u201152kg) : Maria Guedez Jr vs Kiya O&rsquo;Sullivan<\/li>\n<li style=\"font-weight: 400;\">Poids l\u00e9ger (\u201170kg) : S\u00e9bastien Di Franco contre Mark Ewen<\/li>\n<li style=\"font-weight: 400;\">Poids moyen (\u201184kg) : Vincent del Guerra vs Sofiane A\u00efssaoui<\/li>\n<\/ul>\n<p>Le casting m\u00eale les promesses du MMA hexagonal et des comp\u00e9titeurs europ\u00e9ens aguerris.<\/p>\n<p>\u00a0<\/p>\n<p><a rel=\"sponsored nofollow noopener\" href=\"https:\/\/dazn.prf.hn\/click\/camref:1101l5iEE5\/pubref:pfl-nantes-letelegramme\" target=\"_blank\">Voir la PFL Nantes ici !<\/a><\/p>\n<p>\u00a0<\/p>\n<p><strong>Comment suivre l\u2019event ?\u00a0<\/strong><br \/>La soir\u00e9e <a href=\"https:\/\/dazn.prf.hn\/click\/camref:1101l5iEE5\/pubref:pfl-nantes-letelegramme\" rel=\"sponsored nofollow noopener\" target=\"_blank\">PFL Nantes<\/a> sera diffus\u00e9e en live exclusif sur DAZN, plateforme d\u00e9di\u00e9e aux sports de combat et au MMA. L&rsquo;abonnement DAZN, disponible d\u00e8s 9,99 \u20ac\/mois sans engagement, facilite l&rsquo;acc\u00e8s \u00e0 la carte compl\u00e8te et \u00e0 de nombreux championnats de boxe et arts martiaux. Direct ou replay, sur tous les supports : DAZN propose une exp\u00e9rience immersive comme \u00e0 l&rsquo;ar\u00e8ne.<\/p>\n<p>\u00a0<\/p>\n<p><a rel=\"sponsored nofollow noopener\" href=\"https:\/\/dazn.prf.hn\/click\/camref:1101l5iEE5\/pubref:pfl-nantes-letelegramme\" target=\"_blank\">Souscrire \u00e0 DAZN !<\/a><\/p>\n<p>\u00a0<\/p>\n<p>Ce gala PFL 2025 marquera la mont\u00e9e en puissance du MMA europ\u00e9en, avec des enjeux sportifs d\u00e9terminants et une ambiance de gala au Z\u00e9nith. Malgr\u00e9 le retrait d&rsquo;un combat vedette, la programmation reste spectaculaire et pleine d&rsquo;incertitudes. Le public nantais et les fans devant leur \u00e9cran se pr\u00e9parent \u00e0 vivre des rounds intenses, des retours de situation et des victoires marquantes : chaque affrontement est crucial pour l&rsquo;avenir des comp\u00e9titeurs pr\u00e9sents. Le MMA europ\u00e9en donne rendez-vous \u00e0 Nantes pour une soir\u00e9e m\u00e9morable, entre rivalit\u00e9s sportives, enthousiasme du public et sensation de f\u00eate unique.<\/p>\n","protected":false},"excerpt":{"rendered":"D\u00e8s le d\u00e9but d&rsquo;apr\u00e8s-midi, les fans nantais profiteront d&rsquo;une s\u00e9rie de combats pr\u00e9liminaires, avant une carte principale riche&hellip;\n","protected":false},"author":2,"featured_media":419316,"comment_status":"","ping_status":"","sticky":false,"template":"","format":"standard","meta":{"footnotes":""},"categories":[2818],"tags":[1111,11,1777,674,1011,27,48888,766,12,2636,25,517],"class_list":{"0":"post-419315","1":"post","2":"type-post","3":"status-publish","4":"format-standard","5":"has-post-thumbnail","7":"category-nantes","8":"tag-actu","9":"tag-actualites","10":"tag-eu","11":"tag-europe","12":"tag-fr","13":"tag-france","14":"tag-guide-conso","15":"tag-nantes","16":"tag-news","17":"tag-pays-de-la-loire","18":"tag-republique-francaise","19":"tag-sport"},"share_on_mastodon":{"url":"https:\/\/pubeurope.com\/@fr\/115271530235401751","error":""},"_links":{"self":[{"href":"https:\/\/www.europesays.com\/fr\/wp-json\/wp\/v2\/posts\/419315","targetHints":{"allow":["GET"]}}],"collection":[{"href":"https:\/\/www.europesays.com\/fr\/wp-json\/wp\/v2\/posts"}],"about":[{"href":"https:\/\/www.europesays.com\/fr\/wp-json\/wp\/v2\/types\/post"}],"author":[{"embeddable":true,"href":"https:\/\/www.europesays.com\/fr\/wp-json\/wp\/v2\/users\/2"}],"replies":[{"embeddable":true,"href":"https:\/\/www.europesays.com\/fr\/wp-json\/wp\/v2\/comments?post=419315"}],"version-history":[{"count":0,"href":"https:\/\/www.europesays.com\/fr\/wp-json\/wp\/v2\/posts\/419315\/revisions"}],"wp:featuredmedia":[{"embeddable":true,"href":"https:\/\/www.europesays.com\/fr\/wp-json\/wp\/v2\/media\/419316"}],"wp:attachment":[{"href":"https:\/\/www.europesays.com\/fr\/wp-json\/wp\/v2\/media?parent=419315"}],"wp:term":[{"taxonomy":"category","embeddable":true,"href":"https:\/\/www.europesays.com\/fr\/wp-json\/wp\/v2\/categories?post=419315"},{"taxonomy":"post_tag","embeddable":true,"href":"https:\/\/www.europesays.com\/fr\/wp-json\/wp\/v2\/tags?post=419315"}],"curies":[{"name":"wp","href":"https:\/\/api.w.org\/{rel}","templated":true}]}}