{"id":419317,"date":"2025-09-26T16:25:21","date_gmt":"2025-09-26T16:25:21","guid":{"rendered":"https:\/\/www.europesays.com\/fr\/419317\/"},"modified":"2025-09-26T16:25:21","modified_gmt":"2025-09-26T16:25:21","slug":"le-pas-de-lune-nouveau-bar-hybride-pour-nighter-danser-rever-a-bordeaux","status":"publish","type":"post","link":"https:\/\/www.europesays.com\/fr\/419317\/","title":{"rendered":"Le Pas de Lune\u00a0: nouveau bar hybride pour nighter, danser, r\u00eaver \u00e0 Bordeaux"},"content":{"rendered":"<p data-start=\"418\" data-end=\"753\">\u00c0 30 ans, <strong data-start=\"428\" data-end=\"447\">L\u00e9a Capdevielle<\/strong> signe l\u2019ouverture de son premier \u00e9tablissement. Issue du monde du spectacle et fille de restaurateur bordelais, elle a longtemps jongl\u00e9 entre tourn\u00e9es d\u2019artistes et amour des bons produits. Avec<strong> Le<\/strong> <strong data-start=\"643\" data-end=\"658\">Pas de Lune<\/strong>, inaugur\u00e9 le 4 septembre, elle r\u00e9unit ses deux passions\u00a0: la restauration et la culture.<\/p>\n<p data-start=\"418\" data-end=\"753\">\u00ab\u00a0J\u2019ai choisi le nom\u00a0 parce qu\u2019il \u00e9voque pour moi un entre-deux\u00a0: quelque chose de tr\u00e8s terre \u00e0 terre, mais aussi une part de r\u00eaverie. Je voulais cr\u00e9er un espace m\u00e9dian entre le r\u00e9el et l&rsquo;onirique\u00a0\u00bb nous confie la fondatrice.\u00a0<\/p>\n<p data-start=\"418\" data-end=\"753\"><img loading=\"lazy\" decoding=\"async\" src=\"https:\/\/www.europesays.com\/fr\/wp-content\/uploads\/2025\/09\/bordeaux-pas-de-lune.jpg\" width=\"1000\" height=\"667\" alt=\"bordeaux-pas-de-lune\"\/>\u00a9Nicolas Pulcrano<\/p>\n<p>Un lieu pens\u00e9 pour la sc\u00e8ne et le quartier<\/p>\n<p data-start=\"804\" data-end=\"1318\">Install\u00e9 dans un ancien b\u00e2timent du XVII\u1d49 si\u00e8cle, jadis grenier \u00e0 c\u00e9r\u00e9ales puis brasserie, le <strong>bar s\u2019\u00e9tend sur 180 m\u00b2<\/strong> et abrite deux salles. La plus grande, dot\u00e9e d\u2019une sc\u00e8ne et d\u2019un \u00e9quipement son et lumi\u00e8re professionnels, peut accueillir concerts, stand-up ou jam sessions. Tr\u00e8s ancr\u00e9 dans son quartier, le lieu ambitionne de devenir un <strong data-start=\"1147\" data-end=\"1176\">bar culturel de proximit\u00e9<\/strong>, ouvert du mardi au samedi d\u00e8s 17h, o\u00f9 l\u2019on peut simplement boire un verre\u2026 ou se laisser surprendre par une programmation \u00e9clectique.<\/p>\n<p data-start=\"804\" data-end=\"1318\"><img loading=\"lazy\" decoding=\"async\" src=\"https:\/\/www.europesays.com\/fr\/wp-content\/uploads\/2025\/09\/bar-culture-bordeaux.jpg\" width=\"1000\" height=\"1193\" alt=\"bar-culture-bordeaux\"\/>\u00a9Nicolas Pulcrano<\/p>\n<p>Une programmation foisonnante<\/p>\n<p data-start=\"1366\" data-end=\"1770\">Les soir\u00e9es s\u2019animent particuli\u00e8rement en fin de semaine, du jeudi au samedi, avec concerts, spectacles et jams orchestr\u00e9s par le <strong>rappeur bordelais<\/strong> <strong data-start=\"1514\" data-end=\"1524\">Cheeko<\/strong>. \u00c0 terme, le lieu accueillera aussi <strong data-start=\"1561\" data-end=\"1636\">th\u00e9\u00e2tre, rencontres litt\u00e9raires, cin\u00e9-d\u00e9bats et spectacles pour enfants<\/strong>, toujours en lien avec des artistes locaux. L\u2019id\u00e9e\u00a0: valoriser la sc\u00e8ne bordelaise et cr\u00e9er un espace d\u2019expression libre et joyeux.<\/p>\n<p data-start=\"1366\" data-end=\"1770\"><img loading=\"lazy\" decoding=\"async\" src=\"https:\/\/www.europesays.com\/fr\/wp-content\/uploads\/2025\/09\/pas-de-lune-sainte-croix-bordeaux.jpg\" width=\"1000\" height=\"667\" alt=\"pas-de-lune-sainte-croix-bordeaux\"\/>\u00a9Nicolas Pulcrano<\/p>\n<p>Vivre, danser et bien manger\u00a0<\/p>\n<p data-start=\"1806\" data-end=\"2268\">Au centre de la grande salle, le bar donne le ton\u00a0: une carte volontairement courte, en <strong data-start=\"1894\" data-end=\"1911\">circuit court<\/strong>, qui mise sur la qualit\u00e9 et le fait maison. <strong data-start=\"1956\" data-end=\"2002\">Planches de charcuterie et fromages locaux<\/strong>, \u0153ufs mayo revisit\u00e9s \u00e0 l\u2019ail des ours, tartinables v\u00e9g\u00e9tariens, muffins ou fondants au chocolat composent une offre \u00e0 partager, sal\u00e9e comme sucr\u00e9e. C\u00f4t\u00e9 boissons, m\u00eame exigence\u00a0: bi\u00e8res artisanales, vins soigneusement s\u00e9lectionn\u00e9s, cocktails maison et jus locaux ponctuent l&rsquo;ardoise.<\/p>\n<p data-start=\"1806\" data-end=\"2268\"><img loading=\"lazy\" decoding=\"async\" src=\"https:\/\/www.europesays.com\/fr\/wp-content\/uploads\/2025\/09\/bar-pas-de-lune.jpg\" width=\"1000\" height=\"667\" alt=\"bar-pas-de-lune\"\/>\u00a9Nicolas Pulcrano<\/p>\n<p data-start=\"2299\" data-end=\"2590\">Pens\u00e9 comme un lieu de vie flexible, <strong>Le<\/strong> <strong data-start=\"2336\" data-end=\"2351\">Pas de Lune<\/strong> se pr\u00eate aussi aux \u00e9v\u00e9nements priv\u00e9s\u00a0: des<strong> groupes de 10 \u00e0 150 personnes<\/strong> peuvent r\u00e9server une salle ou l\u2019int\u00e9gralit\u00e9 de l\u2019\u00e9tablissement. Une fa\u00e7on de prolonger la vocation premi\u00e8re de l\u2019adresse\u00a0: r\u00e9unir, surprendre et cr\u00e9er du lien.<\/p>\n<p data-start=\"2299\" data-end=\"2590\"><img loading=\"lazy\" decoding=\"async\" src=\"https:\/\/www.europesays.com\/fr\/wp-content\/uploads\/2025\/09\/le-pas-de-lune-bordeaux.jpg\" width=\"1000\" height=\"667\" alt=\"le-pas-de-lune-bordeaux\"\/>\u00a9Nicolas Pulcrano<\/p>\n<p>Le Pas de Lune<\/p>\n<li class=\"opening-hours\">Mardi &#8211; jeudi : 17:00 &#8211; 0:00<\/li>\n<li class=\"opening-hours\">Vendredi &#8211; samedi : 17:00 &#8211; 2:00<\/li>\n<li class=\"opening-hours close\">Lundi &#8211; dimanche : Ferm\u00e9<\/li>\n","protected":false},"excerpt":{"rendered":"\u00c0 30 ans, L\u00e9a Capdevielle signe l\u2019ouverture de son premier \u00e9tablissement. Issue du monde du spectacle et fille&hellip;\n","protected":false},"author":2,"featured_media":419318,"comment_status":"","ping_status":"","sticky":false,"template":"","format":"standard","meta":{"footnotes":""},"categories":[2817],"tags":[1111,11,1997,1777,674,1011,27,12,2219,25],"class_list":{"0":"post-419317","1":"post","2":"type-post","3":"status-publish","4":"format-standard","5":"has-post-thumbnail","7":"category-bordeaux","8":"tag-actu","9":"tag-actualites","10":"tag-bordeaux","11":"tag-eu","12":"tag-europe","13":"tag-fr","14":"tag-france","15":"tag-news","16":"tag-nouvelle-aquitaine","17":"tag-republique-francaise"},"share_on_mastodon":{"url":"https:\/\/pubeurope.com\/@fr\/115271534704267244","error":""},"_links":{"self":[{"href":"https:\/\/www.europesays.com\/fr\/wp-json\/wp\/v2\/posts\/419317","targetHints":{"allow":["GET"]}}],"collection":[{"href":"https:\/\/www.europesays.com\/fr\/wp-json\/wp\/v2\/posts"}],"about":[{"href":"https:\/\/www.europesays.com\/fr\/wp-json\/wp\/v2\/types\/post"}],"author":[{"embeddable":true,"href":"https:\/\/www.europesays.com\/fr\/wp-json\/wp\/v2\/users\/2"}],"replies":[{"embeddable":true,"href":"https:\/\/www.europesays.com\/fr\/wp-json\/wp\/v2\/comments?post=419317"}],"version-history":[{"count":0,"href":"https:\/\/www.europesays.com\/fr\/wp-json\/wp\/v2\/posts\/419317\/revisions"}],"wp:featuredmedia":[{"embeddable":true,"href":"https:\/\/www.europesays.com\/fr\/wp-json\/wp\/v2\/media\/419318"}],"wp:attachment":[{"href":"https:\/\/www.europesays.com\/fr\/wp-json\/wp\/v2\/media?parent=419317"}],"wp:term":[{"taxonomy":"category","embeddable":true,"href":"https:\/\/www.europesays.com\/fr\/wp-json\/wp\/v2\/categories?post=419317"},{"taxonomy":"post_tag","embeddable":true,"href":"https:\/\/www.europesays.com\/fr\/wp-json\/wp\/v2\/tags?post=419317"}],"curies":[{"name":"wp","href":"https:\/\/api.w.org\/{rel}","templated":true}]}}