{"id":419323,"date":"2025-09-26T16:28:12","date_gmt":"2025-09-26T16:28:12","guid":{"rendered":"https:\/\/www.europesays.com\/fr\/419323\/"},"modified":"2025-09-26T16:28:12","modified_gmt":"2025-09-26T16:28:12","slug":"la-seance-suspendue-apres-le-coup-de-sang-dune-elue","status":"publish","type":"post","link":"https:\/\/www.europesays.com\/fr\/419323\/","title":{"rendered":"la s\u00e9ance suspendue apr\u00e8s le coup de sang d&rsquo;une \u00e9lue"},"content":{"rendered":"<p>            Par<br \/>\n        <strong><br \/>\n            <a href=\"https:\/\/actu.fr\/auteur\/david-saint-sernin\" title=\"Consulter tous les articles de David Saint-Sernin\" target=\"_blank\" rel=\"noopener\">David Saint-Sernin<\/a><br \/>\n        <\/strong><\/p>\n<p>        Publi\u00e9 le<\/p>\n<p>            26 sept. 2025 \u00e0 18h10        <\/p>\n<p>C\u2019est du jamais vu ces derni\u00e8res ann\u00e9es, et sans doute depuis plus longtemps. Vendredi 26\u00a0septembre 2025, apr\u00e8s plusieurs heures de d\u00e9bats nourris, et parfois houleux, le maire de Toulouse, <strong>Jean-Luc Moudenc,<\/strong> a d\u00fb interrompre la s\u00e9ance du conseil municipal en raison du coup de sang d\u2019une \u00e9lue de l\u2019opposition<strong>, <\/strong><a href=\"https:\/\/actu.fr\/occitanie\/toulouse_31555\/toulouse-odile-maurin-elue-et-handicapee-jean-luc-moudenc-veut-me-pousser-a-la-demission_49600113.html\" target=\"_blank\" rel=\"noopener\">Odile Maurin<\/a>.<\/p>\n<p>Pic de tension au conseil municipal<\/p>\n<p class=\" wall-content\">L\u2019\u00e9lue a pris la parole \u00e0 plusieurs reprises ce vendredi, tenant parfois des propos pol\u00e9miques envers la personne de Jean-Luc Moudenc et de sa majorit\u00e9.<\/p>\n<p class=\" wall-content\">Mais la tension est mont\u00e9e \u00e0 son summum ce vendredi apr\u00e8s-midi quand l\u2019\u00e9lue, apr\u00e8s avoir pris \u00ab\u2009une pause technique\u2009\u00bb \u2013 \u00eatre all\u00e9e aux toilettes a-t-elle expliqu\u00e9 \u2013 s\u2019est aper\u00e7ue, en revenant dans la salle du conseil, qu\u2019une d\u00e9lib\u00e9ration sur laquelle elle comptait intervenir, <strong>avait \u00e9t\u00e9 d\u00e9j\u00e0 discut\u00e9e, et vot\u00e9e<\/strong>.<\/p>\n<p class=\" wall-content\">Elle a alors <strong>interpell\u00e9 le maire<\/strong>, l\u2019invitant \u00e0 lui laisser la parole sur la d\u00e9lib\u00e9ration pass\u00e9e. Ce que le maire a refus\u00e9.<\/p>\n<p>L\u2019\u00e9lue exasp\u00e9r\u00e9e par la r\u00e9ponse du maire<\/p>\n<p class=\" wall-content\">\u00ab\u2009Je voudrais savoir s\u2019il est possible ici de prendre une pose technique ou si je proc\u00e8de devant la cam\u00e9ra\u2009\u00bb, lui a r\u00e9pondu l\u2019\u00e9lue d\u2019opposition exasp\u00e9r\u00e9e.<\/p>\n<p>Vid\u00e9os : en ce moment sur Actu<\/p>\n<p class=\" wall-content\">Une \u00e9lue qui s\u2019est ensuite<strong> positionn\u00e9e devant le pupitre du maire<\/strong>, essayant de lui prendre le micro.<\/p>\n<p>    <img   decoding=\"async\" loading=\"lazy\" src=\"https:\/\/www.europesays.com\/fr\/wp-content\/uploads\/2025\/09\/capture-decran-2025-09-26-173046-960x588.png\" alt=\"L'\u00e9lue d'opposition, Odile Maurin, devant le pupitre du maire, emp\u00eache la s\u00e9ance de se poursuivre dans la normalit\u00e9.\" width=\"960\" height=\"588\"\/><br \/>\n    L\u2019\u00e9lue d\u2019opposition, Odile Maurin, devant le pupitre du maire, emp\u00eache la s\u00e9ance de se poursuivre dans la normalit\u00e9. (\u00a9Capture d\u2019\u00e9cran Ville de Toulouse)<\/p>\n<p>Votre r\u00e9gion, votre actu !<\/p>\n<p>Recevez chaque jour les infos qui comptent pour vous.<\/p>\n<p>\t<a href=\"https:\/\/actu.fr\/newsletter\" class=\"ac-btn ac-btn--corner ac-btn--medium ac-btn--blue800\" target=\"_blank\" rel=\"noopener\">S&rsquo;incrire<\/a><\/p>\n<p class=\" wall-content\">\u00ab\u2009Je vous invite \u00e0 rejoindre votre place, <strong>personne ne se comporte comme vous<\/strong>\u2026 Quand vous serez maire de Toulouse, vous viendrez ici, pr\u00e9sentez-vous, c\u2019est dans cinq mois\u2009\u00bb, lui a signifi\u00e9 Jean-Luc Moudenc.<\/p>\n<p>Jean-Luc Moudenc suspend la s\u00e9ance<\/p>\n<p class=\" wall-content\">Une sc\u00e8ne surr\u00e9aliste qui a dur\u00e9 plusieurs minutes ne permettant plus aux d\u00e9bats de se d\u00e9rouler dans le calme.<\/p>\n<p class=\" wall-content\">Face \u00e0 ce <strong>coup de sang<\/strong> de l\u2019\u00e9lue, apr\u00e8s avoir appel\u00e9 les huissiers, Jean-Luc Moudenc a d\u00fb interrompre la s\u00e9ance vers 17h45.<\/p>\n<p class=\" wall-content\">La s\u00e9ance a pu reprendre \u00e0 18h04.<\/p>\n<p class=\" wall-content\">Personnalisez votre actualit\u00e9 en ajoutant vos villes et m\u00e9dias en favori avec <a href=\"https:\/\/moncompte.actu.fr\" title=\"D\u00e9couvez Mon Actu\" rel=\"nofollow noopener\" data-trk=\"{&quot;cta&quot;:{&quot;action&quot;:&quot;https:\\\/\\\/moncompte.actu.fr&quot;,&quot;category&quot;:&quot;mon compte&quot;,&quot;from&quot;:&quot;article footer&quot;,&quot;name&quot;:&quot;Mon actu&quot;,&quot;type&quot;:&quot;cta&quot;}}\" target=\"_blank\">Mon Actu<\/a>.<\/p>\n","protected":false},"excerpt":{"rendered":"Par David Saint-Sernin Publi\u00e9 le 26 sept. 2025 \u00e0 18h10 C\u2019est du jamais vu ces derni\u00e8res ann\u00e9es, et&hellip;\n","protected":false},"author":2,"featured_media":419324,"comment_status":"","ping_status":"","sticky":false,"template":"","format":"standard","meta":{"footnotes":""},"categories":[2816],"tags":[1111,11,1777,674,1011,27,2857,12,2680,316,25,2312],"class_list":{"0":"post-419323","1":"post","2":"type-post","3":"status-publish","4":"format-standard","5":"has-post-thumbnail","7":"category-toulouse","8":"tag-actu","9":"tag-actualites","10":"tag-eu","11":"tag-europe","12":"tag-fr","13":"tag-france","14":"tag-jean-luc-moudenc","15":"tag-news","16":"tag-occitanie","17":"tag-politique","18":"tag-republique-francaise","19":"tag-toulouse"},"share_on_mastodon":{"url":"https:\/\/pubeurope.com\/@fr\/115271546501433671","error":""},"_links":{"self":[{"href":"https:\/\/www.europesays.com\/fr\/wp-json\/wp\/v2\/posts\/419323","targetHints":{"allow":["GET"]}}],"collection":[{"href":"https:\/\/www.europesays.com\/fr\/wp-json\/wp\/v2\/posts"}],"about":[{"href":"https:\/\/www.europesays.com\/fr\/wp-json\/wp\/v2\/types\/post"}],"author":[{"embeddable":true,"href":"https:\/\/www.europesays.com\/fr\/wp-json\/wp\/v2\/users\/2"}],"replies":[{"embeddable":true,"href":"https:\/\/www.europesays.com\/fr\/wp-json\/wp\/v2\/comments?post=419323"}],"version-history":[{"count":0,"href":"https:\/\/www.europesays.com\/fr\/wp-json\/wp\/v2\/posts\/419323\/revisions"}],"wp:featuredmedia":[{"embeddable":true,"href":"https:\/\/www.europesays.com\/fr\/wp-json\/wp\/v2\/media\/419324"}],"wp:attachment":[{"href":"https:\/\/www.europesays.com\/fr\/wp-json\/wp\/v2\/media?parent=419323"}],"wp:term":[{"taxonomy":"category","embeddable":true,"href":"https:\/\/www.europesays.com\/fr\/wp-json\/wp\/v2\/categories?post=419323"},{"taxonomy":"post_tag","embeddable":true,"href":"https:\/\/www.europesays.com\/fr\/wp-json\/wp\/v2\/tags?post=419323"}],"curies":[{"name":"wp","href":"https:\/\/api.w.org\/{rel}","templated":true}]}}