{"id":419327,"date":"2025-09-26T16:31:11","date_gmt":"2025-09-26T16:31:11","guid":{"rendered":"https:\/\/www.europesays.com\/fr\/419327\/"},"modified":"2025-09-26T16:31:11","modified_gmt":"2025-09-26T16:31:11","slug":"taire-de-tamara-al-saadi-ou-lart-de-sindigner-a-voir-a-aix-et-marseille","status":"publish","type":"post","link":"https:\/\/www.europesays.com\/fr\/419327\/","title":{"rendered":"\u00ab\u00a0Taire\u00a0\u00bb de Tamara Al Saadi ou l\u2019art de s\u2019indigner, \u00e0 voir \u00e0 Aix et Marseille"},"content":{"rendered":"<p class=\"rev-margin-0 rev-text-xs-normal\">\u00ab\u00a0Taire\u00a0\u00bb fait dialoguer une adolescente d\u2019aujourd\u2019hui, Eden, avec l\u2019Antigone grecque d\u2019Eschyle.<\/p>\n<p class=\"rev-margin-0 rev-text-xs-bold\">\/ Photo DR Christophe RAYNAUD DE LAGE<\/p>\n<p>Si vous l\u2019avez manqu\u00e9e au Festival d\u2019Avignon l\u2019\u00e9t\u00e9 dernier, <a href=\"https:\/\/www.laprovence.com\/article\/culture-loisirs\/1105701039397214\/marseille-dans-taire-tamara-al-saadi-reecrit-le-mythe-dantigone-a-la-criee\" target=\"_blank\" rel=\"noopener\">Taire de Tamara Al Saadi<\/a> b\u00e9n\u00e9ficie d\u2019une belle visibilit\u00e9 cette saison en r\u00e9gion\u00a0: la pi\u00e8ce sera reprise du 30\u00a0septembre au 4\u00a0octobre au <a href=\"https:\/\/www.laprovence.com\/article\/culture-loisirs\/48451942103846\/stars-danse-et-grandes-voix-la-saison-des-theatres-devoilee-a-aix-marseille-et-arles\" target=\"_blank\" rel=\"noopener\">Th\u00e9\u00e2tre du Jeu de Paume \u00e0 Aix<\/a>, et les 7 et 8\u00a0octobre au <a href=\"https:\/\/www.laprovence.com\/article\/culture-loisirs\/99407505834542\/au-theatre-joliette-a-marseille-la-jeunesse-et-l-international-au-coeur-de-la-saison-2025-2026\" target=\"_blank\" rel=\"noopener\">th\u00e9\u00e2tre Joliette \u00e0 Marseille<\/a>. La cr\u00e9ation de Tamara Al Saadi, auteure-metteure en sc\u00e8ne install\u00e9e \u00e0 Marseille, est en effet produite par L\u2019Extrap\u00f4le, un dispositif de la R\u00e9gion Sud qui r\u00e9unit huit institutions, La Friche et La Cri\u00e9e \u00e0 Marseille, Les Th\u00e9\u00e2tres entre Aix et Marseille, Ch\u00e2teauvallon-Le Libert\u00e9 \u00e0 Toulon, les Festivals de Marseille et d\u2019Avignon, le Th\u00e9\u00e2tre national de Nice et l&rsquo;Anth\u00e9a th\u00e9\u00e2tre d\u2019Antibes.<\/p>\n<p>La pi\u00e8ce fait dialoguer une adolescente d\u2019aujourd\u2019hui, Eden (Chlo\u00e9 Monteiro, jeune actrice tout juste dipl\u00f4m\u00e9e de l\u2019\u00c9cole du Nord), enfant de la Ddass (Direction d\u00e9partementale des affaires sanitaires et sociales) ballott\u00e9e de famille d\u2019accueil en famille d\u2019accueil, de foyer en foyer, avec l\u2019Antigone grecque d\u2019Eschyle (Mayya Sanbar).<\/p>\n<p>Les d\u00e9rives de l\u2019Aide sociale \u00e0 l\u2019enfance<\/p>\n<p>Cheffe d\u2019orchestre virtuose de huit interpr\u00e8tes, com\u00e9diens et acteurs, Tamara Al Saadi allie la beaut\u00e9 plastique aux sujets de soci\u00e9t\u00e9 les plus ardus\u00a0: Taire d\u00e9nonce les dysfonctionnements tragiques du syst\u00e8me public fran\u00e7ais de l\u2019Aide sociale \u00e0 l\u2019enfance et les maltraitances subies par les enfants plac\u00e9s en foyer\u00a0; par exemple, les attouchements entre enfants agresseurs et agress\u00e9s, qui cohabitent en plus dans la m\u00eame chambre. Aussi s\u2019affiche un incipit \u00e9crit \u00e0 la craie blanche sur une ardoise\u00a0: \u00ab\u00a0Enfant, \u00ab\u00a0infans\u00a0\u00bb en latin, celui qui ne parle pas.\u00a0\u00bb Ou plut\u00f4t celui \u00e0 qui l\u2019on ne donne pas la parole.<\/p>\n<p>Malheureusement, l\u2019auteure en fait parfois trop et la pi\u00e8ce souffre d\u2019une accumulation de situations dramatiques et de pathos. Elle dispose cependant de solides atouts\u00a0: elle est port\u00e9e par de jeunes com\u00e9diennes et des seconds r\u00f4les puissants. Lumi\u00e8res et sons, tout est subtil et beau au plateau.<\/p>\n<p>Au final, Taire nous a emport\u00e9s et laiss\u00e9s K.O. debout.<\/p>\n<p>\u00ab\u00a0Taire\u00a0\u00bb du 30\u00a0septembre au 4\u00a0octobre au Jeu de Paume \u00e0 Aix (10\/38\u00a0\u20ac), les theatres.net. Et les 7 et 8\u00a0octobre au th\u00e9\u00e2tre Joliette. 3\/22\u00a0\u20ac.<\/p>\n","protected":false},"excerpt":{"rendered":"\u00ab\u00a0Taire\u00a0\u00bb fait dialoguer une adolescente d\u2019aujourd\u2019hui, Eden, avec l\u2019Antigone grecque d\u2019Eschyle. \/ Photo DR Christophe RAYNAUD DE LAGE&hellip;\n","protected":false},"author":2,"featured_media":419328,"comment_status":"","ping_status":"","sticky":false,"template":"","format":"standard","meta":{"footnotes":""},"categories":[2814],"tags":[17,1111,11,2835,251,1777,674,1011,27,3053,884,12,882,25,40154,40153,40151,40152,3840],"class_list":{"0":"post-419327","1":"post","2":"type-post","3":"status-publish","4":"format-standard","5":"has-post-thumbnail","7":"category-marseille","8":"tag-17","9":"tag-actu","10":"tag-actualites","11":"tag-aix","12":"tag-culture","13":"tag-eu","14":"tag-europe","15":"tag-fr","16":"tag-france","17":"tag-lart","18":"tag-marseille","19":"tag-news","20":"tag-provence-alpes-cote-dazur","21":"tag-republique-francaise","22":"tag-sindigner","23":"tag-saadi","24":"tag-taire","25":"tag-tamara","26":"tag-voir"},"share_on_mastodon":{"url":"https:\/\/pubeurope.com\/@fr\/115271557776453680","error":""},"_links":{"self":[{"href":"https:\/\/www.europesays.com\/fr\/wp-json\/wp\/v2\/posts\/419327","targetHints":{"allow":["GET"]}}],"collection":[{"href":"https:\/\/www.europesays.com\/fr\/wp-json\/wp\/v2\/posts"}],"about":[{"href":"https:\/\/www.europesays.com\/fr\/wp-json\/wp\/v2\/types\/post"}],"author":[{"embeddable":true,"href":"https:\/\/www.europesays.com\/fr\/wp-json\/wp\/v2\/users\/2"}],"replies":[{"embeddable":true,"href":"https:\/\/www.europesays.com\/fr\/wp-json\/wp\/v2\/comments?post=419327"}],"version-history":[{"count":0,"href":"https:\/\/www.europesays.com\/fr\/wp-json\/wp\/v2\/posts\/419327\/revisions"}],"wp:featuredmedia":[{"embeddable":true,"href":"https:\/\/www.europesays.com\/fr\/wp-json\/wp\/v2\/media\/419328"}],"wp:attachment":[{"href":"https:\/\/www.europesays.com\/fr\/wp-json\/wp\/v2\/media?parent=419327"}],"wp:term":[{"taxonomy":"category","embeddable":true,"href":"https:\/\/www.europesays.com\/fr\/wp-json\/wp\/v2\/categories?post=419327"},{"taxonomy":"post_tag","embeddable":true,"href":"https:\/\/www.europesays.com\/fr\/wp-json\/wp\/v2\/tags?post=419327"}],"curies":[{"name":"wp","href":"https:\/\/api.w.org\/{rel}","templated":true}]}}