{"id":419333,"date":"2025-09-26T16:34:11","date_gmt":"2025-09-26T16:34:11","guid":{"rendered":"https:\/\/www.europesays.com\/fr\/419333\/"},"modified":"2025-09-26T16:34:11","modified_gmt":"2025-09-26T16:34:11","slug":"lyon-1er-arrondissement-lyon-1er-farfelue-la-boutique-atelier-creative-de-julie-ouvre-ses-portes-ce-samedi","status":"publish","type":"post","link":"https:\/\/www.europesays.com\/fr\/419333\/","title":{"rendered":"Lyon 1er Arrondissement | Lyon 1er. Farfelue, la boutique-atelier cr\u00e9ative de Julie, ouvre ses portes ce samedi"},"content":{"rendered":"<p>Ce samedi, la boutique-atelier cr\u00e9ative de Julie Delaye ouvre officiellement ses portes. Une journ\u00e9e festive pleine de surprises pour d\u00e9couvrir l\u2019univers de cette cr\u00e9atrice dipl\u00f4m\u00e9e en sculpture. Joliment d\u00e9nomm\u00e9e Farfelue, la boutique pr\u00e9sente les c\u00e9ramiques color\u00e9es faites main par Julie, des pi\u00e8ces uniques pleines de po\u00e9sie et d\u2019originalit\u00e9 pour apporter un peu de magie dans le quotidien. Des ateliers cr\u00e9atifs seront organis\u00e9s trois fois par mois.<\/p>\n<p class=\"note\">Farfelue, 21, rue des Capucins, Lyon 1er. www.farfelue.fr<\/p>\n","protected":false},"excerpt":{"rendered":"Ce samedi, la boutique-atelier cr\u00e9ative de Julie Delaye ouvre officiellement ses portes. Une journ\u00e9e festive pleine de surprises&hellip;\n","protected":false},"author":2,"featured_media":419334,"comment_status":"","ping_status":"","sticky":false,"template":"","format":"standard","meta":{"footnotes":""},"categories":[1889],"tags":[1111,11,2430,1687,2757,1777,674,2271,1011,27,2428,7789,2801,12,25],"class_list":{"0":"post-419333","1":"post","2":"type-post","3":"status-publish","4":"format-standard","5":"has-post-thumbnail","7":"category-lyon","8":"tag-actu","9":"tag-actualites","10":"tag-auvergne-rhone-alpes","11":"tag-culture-loisirs","12":"tag-edition-lyon-villeurbanne","13":"tag-eu","14":"tag-europe","15":"tag-exposition-arts-plastiques","16":"tag-fr","17":"tag-france","18":"tag-lyon","19":"tag-lyon-1er","20":"tag-lyon-1er-arrondissement","21":"tag-news","22":"tag-republique-francaise"},"share_on_mastodon":{"url":"https:\/\/pubeurope.com\/@fr\/115271569716889705","error":""},"_links":{"self":[{"href":"https:\/\/www.europesays.com\/fr\/wp-json\/wp\/v2\/posts\/419333","targetHints":{"allow":["GET"]}}],"collection":[{"href":"https:\/\/www.europesays.com\/fr\/wp-json\/wp\/v2\/posts"}],"about":[{"href":"https:\/\/www.europesays.com\/fr\/wp-json\/wp\/v2\/types\/post"}],"author":[{"embeddable":true,"href":"https:\/\/www.europesays.com\/fr\/wp-json\/wp\/v2\/users\/2"}],"replies":[{"embeddable":true,"href":"https:\/\/www.europesays.com\/fr\/wp-json\/wp\/v2\/comments?post=419333"}],"version-history":[{"count":0,"href":"https:\/\/www.europesays.com\/fr\/wp-json\/wp\/v2\/posts\/419333\/revisions"}],"wp:featuredmedia":[{"embeddable":true,"href":"https:\/\/www.europesays.com\/fr\/wp-json\/wp\/v2\/media\/419334"}],"wp:attachment":[{"href":"https:\/\/www.europesays.com\/fr\/wp-json\/wp\/v2\/media?parent=419333"}],"wp:term":[{"taxonomy":"category","embeddable":true,"href":"https:\/\/www.europesays.com\/fr\/wp-json\/wp\/v2\/categories?post=419333"},{"taxonomy":"post_tag","embeddable":true,"href":"https:\/\/www.europesays.com\/fr\/wp-json\/wp\/v2\/tags?post=419333"}],"curies":[{"name":"wp","href":"https:\/\/api.w.org\/{rel}","templated":true}]}}