{"id":419335,"date":"2025-09-26T16:35:15","date_gmt":"2025-09-26T16:35:15","guid":{"rendered":"https:\/\/www.europesays.com\/fr\/419335\/"},"modified":"2025-09-26T16:35:15","modified_gmt":"2025-09-26T16:35:15","slug":"vacances-scolaires-et-jours-feries-2025-2026-en-ile-de-france","status":"publish","type":"post","link":"https:\/\/www.europesays.com\/fr\/419335\/","title":{"rendered":"Vacances scolaires et jours f\u00e9ri\u00e9s 2025-2026 en Ile-de-France"},"content":{"rendered":"<p>Le d\u00e9tail des vacances scolaires et des jours f\u00e9ri\u00e9s cette ann\u00e9e 2025-2026 en Ile-de-France, dans les acad\u00e9mies de Paris, Cr\u00e9teil et Versailles.<\/p>\n<p> Date des vacances scolaires zone C (Cr\u00e9teil, Montpellier, Paris, Toulouse, Versailles)<\/p>\n<ul class=\"wp-block-list\">\n<li><strong>Rentr\u00e9e scolaire<\/strong>\u00a0: lundi 1er septembre 2025<\/li>\n<li><strong>Vacances de la Toussaint<\/strong>\u00a0: Du samedi 18 octobre 2025 apr\u00e8s les cours au lundi 3 novembre 2025<\/li>\n<li><strong>Vacances de No\u00ebl<\/strong>\u00a0: Du samedi 20 d\u00e9cembre 2025 apr\u00e8s les cours au lundi 5 janvier 2026<\/li>\n<li><strong>Vacances d\u2019hiver\u00a0:<\/strong>\u00a0Du samedi 21 f\u00e9vrier 2026 apr\u00e8s les cours au lundi 9 mars 2026<\/li>\n<li><strong>Vacances de printemps<\/strong>\u00a0: Du samedi 18 avril 2026 apr\u00e8s les cours au lundi 4 mai 2026<\/li>\n<li><strong>Vacances d\u2019\u00e9t\u00e9<\/strong>\u00a0\u00a0: Samedi 4 juillet 2026<\/li>\n<\/ul>\n<p>Jours f\u00e9ri\u00e9s 2025 \u2013 2026<\/p>\n<ul class=\"wp-block-list\">\n<li>Samedi 1er novembre 2025, Toussaint (pendant les vacances de la Toussaint)<\/li>\n<li>Mardi 11 novembre 20254, Armistice de 1918<\/li>\n<li>Jeudi 25 d\u00e9cembre 2025, No\u00ebl<\/li>\n<li>Jeudi 1er janvier 2026, Nouvel An<\/li>\n<li>Lundi 6 avril 2026, lundi de P\u00e2ques <\/li>\n<li>Vendredi 1er mai 2026,\u00a0F\u00eate du Travail (pendant les vacances de printemps)<\/li>\n<li>Vendredi 8 mai 2026, victoire\u00a0des Alli\u00e9s en 1945<\/li>\n<li>Jeudi 14 mai 2026, Ascension<\/li>\n<li>Lundi 25 mai 2026, lundi de Pentec\u00f4te<\/li>\n<li>Mardi 14 juillet 2026, f\u00eate nationale<\/li>\n<li>Samedi15 ao\u00fbt 2026, Assomption<\/li>\n<\/ul>\n","protected":false},"excerpt":{"rendered":"Le d\u00e9tail des vacances scolaires et des jours f\u00e9ri\u00e9s cette ann\u00e9e 2025-2026 en Ile-de-France, dans les acad\u00e9mies de&hellip;\n","protected":false},"author":2,"featured_media":419336,"comment_status":"","ping_status":"","sticky":false,"template":"","format":"standard","meta":{"footnotes":""},"categories":[1592],"tags":[10914,10915,10916,1111,11,14772,1777,674,10917,1011,27,662,12,15830,4769,626,4767,10918,25,10919,10920,3176,20423],"class_list":{"0":"post-419335","1":"post","2":"type-post","3":"status-publish","4":"format-standard","5":"has-post-thumbnail","7":"category-ile-de-france","8":"tag-11-novembre","9":"tag-14-juillet","10":"tag-1er-mai","11":"tag-actu","12":"tag-actualites","13":"tag-creteil","14":"tag-eu","15":"tag-europe","16":"tag-fete-nationale","17":"tag-fr","18":"tag-france","19":"tag-ile-de-france","20":"tag-news","21":"tag-noel","22":"tag-paques","23":"tag-paris","24":"tag-printemps","25":"tag-rentree-scolaire","26":"tag-republique-francaise","27":"tag-toussaint","28":"tag-vacances-de-la-toussaint","29":"tag-vacances-scolaires","30":"tag-versailles"},"share_on_mastodon":{"url":"https:\/\/pubeurope.com\/@fr\/115271573397552251","error":""},"_links":{"self":[{"href":"https:\/\/www.europesays.com\/fr\/wp-json\/wp\/v2\/posts\/419335","targetHints":{"allow":["GET"]}}],"collection":[{"href":"https:\/\/www.europesays.com\/fr\/wp-json\/wp\/v2\/posts"}],"about":[{"href":"https:\/\/www.europesays.com\/fr\/wp-json\/wp\/v2\/types\/post"}],"author":[{"embeddable":true,"href":"https:\/\/www.europesays.com\/fr\/wp-json\/wp\/v2\/users\/2"}],"replies":[{"embeddable":true,"href":"https:\/\/www.europesays.com\/fr\/wp-json\/wp\/v2\/comments?post=419335"}],"version-history":[{"count":0,"href":"https:\/\/www.europesays.com\/fr\/wp-json\/wp\/v2\/posts\/419335\/revisions"}],"wp:featuredmedia":[{"embeddable":true,"href":"https:\/\/www.europesays.com\/fr\/wp-json\/wp\/v2\/media\/419336"}],"wp:attachment":[{"href":"https:\/\/www.europesays.com\/fr\/wp-json\/wp\/v2\/media?parent=419335"}],"wp:term":[{"taxonomy":"category","embeddable":true,"href":"https:\/\/www.europesays.com\/fr\/wp-json\/wp\/v2\/categories?post=419335"},{"taxonomy":"post_tag","embeddable":true,"href":"https:\/\/www.europesays.com\/fr\/wp-json\/wp\/v2\/tags?post=419335"}],"curies":[{"name":"wp","href":"https:\/\/api.w.org\/{rel}","templated":true}]}}