{"id":419337,"date":"2025-09-26T16:36:37","date_gmt":"2025-09-26T16:36:37","guid":{"rendered":"https:\/\/www.europesays.com\/fr\/419337\/"},"modified":"2025-09-26T16:36:37","modified_gmt":"2025-09-26T16:36:37","slug":"les-macronistes-veulent-supprimer-la-c3s-dans-le-budget","status":"publish","type":"post","link":"https:\/\/www.europesays.com\/fr\/419337\/","title":{"rendered":"les macronistes veulent supprimer la C3S dans le budget"},"content":{"rendered":"<p>Un <a href=\"https:\/\/www.latribune.fr\/article\/economie\/france\/1068954199102914\/ils-preferent-cela-a-la-taxe-zucman-le-spectre-d-un-retour-de-l-isf-divise-le-bloc-central\" target=\"_blank\" rel=\"noopener\">retour de l\u2019imp\u00f4t sur la fortune<\/a> (ISF), peu de d\u00e9put\u00e9s du groupe Ensemble pour la R\u00e9publique (EPR) &#8211; \u00e0 savoir les macronistes &#8211; y sont favorables. En revanche, selon nos informations, ils souhaitent venir en aide \u00e0 l\u2019industrie tricolore moribonde dans le prochain budget. Comment\u00a0? En supprimant la contribution sociale de solidarit\u00e9 des soci\u00e9t\u00e9s (C3S). \u00ab\u00a0Il faut baisser les imp\u00f4ts de production pour permettre aux industriels de se d\u00e9velopper\u00a0\u00bb, fait savoir \u00e0 La Tribune, le d\u00e9put\u00e9 EPR Sylvain Maillard, ancien pr\u00e9sident du groupe Renaissance au Palais-Bourbon.<\/p>\n<p>\u00ab\u00a0Excellente id\u00e9e si c\u2019est pour redonner la cotisation sur la valeur ajout\u00e9e des entreprises (CVAE) aux collectivit\u00e9s, r\u00e9agit Andr\u00e9 Laignel, maire socialiste d\u2019Issoudun (Indre), premier vice-pr\u00e9sident de l\u2019association des maires de France et pr\u00e9sident du Comit\u00e9 des finances locales. Si ce n\u2019est pas le cas, ce sera un cadeau suppl\u00e9mentaire aux entreprises.\u00a0\u00bb<\/p>\n","protected":false},"excerpt":{"rendered":"Un retour de l\u2019imp\u00f4t sur la fortune (ISF), peu de d\u00e9put\u00e9s du groupe Ensemble pour la R\u00e9publique (EPR)&hellip;\n","protected":false},"author":2,"featured_media":419338,"comment_status":"","ping_status":"","sticky":false,"template":"","format":"standard","meta":{"footnotes":""},"categories":[1592],"tags":[17,1111,11,54871,33,1777,674,1011,27,662,342,151,25755,12,626,8131,25,7323,4925],"class_list":{"0":"post-419337","1":"post","2":"type-post","3":"status-publish","4":"format-standard","5":"has-post-thumbnail","7":"category-ile-de-france","8":"tag-17","9":"tag-actu","10":"tag-actualites","11":"tag-c3s","12":"tag-economie","13":"tag-eu","14":"tag-europe","15":"tag-fr","16":"tag-france","17":"tag-ile-de-france","18":"tag-impots","19":"tag-les","20":"tag-macronistes","21":"tag-news","22":"tag-paris","23":"tag-production","24":"tag-republique-francaise","25":"tag-supprimer","26":"tag-veulent"},"share_on_mastodon":{"url":"https:\/\/pubeurope.com\/@fr\/115271577318725531","error":""},"_links":{"self":[{"href":"https:\/\/www.europesays.com\/fr\/wp-json\/wp\/v2\/posts\/419337","targetHints":{"allow":["GET"]}}],"collection":[{"href":"https:\/\/www.europesays.com\/fr\/wp-json\/wp\/v2\/posts"}],"about":[{"href":"https:\/\/www.europesays.com\/fr\/wp-json\/wp\/v2\/types\/post"}],"author":[{"embeddable":true,"href":"https:\/\/www.europesays.com\/fr\/wp-json\/wp\/v2\/users\/2"}],"replies":[{"embeddable":true,"href":"https:\/\/www.europesays.com\/fr\/wp-json\/wp\/v2\/comments?post=419337"}],"version-history":[{"count":0,"href":"https:\/\/www.europesays.com\/fr\/wp-json\/wp\/v2\/posts\/419337\/revisions"}],"wp:featuredmedia":[{"embeddable":true,"href":"https:\/\/www.europesays.com\/fr\/wp-json\/wp\/v2\/media\/419338"}],"wp:attachment":[{"href":"https:\/\/www.europesays.com\/fr\/wp-json\/wp\/v2\/media?parent=419337"}],"wp:term":[{"taxonomy":"category","embeddable":true,"href":"https:\/\/www.europesays.com\/fr\/wp-json\/wp\/v2\/categories?post=419337"},{"taxonomy":"post_tag","embeddable":true,"href":"https:\/\/www.europesays.com\/fr\/wp-json\/wp\/v2\/tags?post=419337"}],"curies":[{"name":"wp","href":"https:\/\/api.w.org\/{rel}","templated":true}]}}