{"id":419339,"date":"2025-09-26T16:38:16","date_gmt":"2025-09-26T16:38:16","guid":{"rendered":"https:\/\/www.europesays.com\/fr\/419339\/"},"modified":"2025-09-26T16:38:16","modified_gmt":"2025-09-26T16:38:16","slug":"emmanuel-macron-propose-son-ex-premier-ministre-jean-castex-comme-pdg-de-la-sncf","status":"publish","type":"post","link":"https:\/\/www.europesays.com\/fr\/419339\/","title":{"rendered":"Emmanuel Macron propose son ex-premier ministre Jean Castex comme PDG de la SNCF"},"content":{"rendered":"<p>                         <img loading=\"lazy\" decoding=\"async\" src=\"https:\/\/www.europesays.com\/fr\/wp-content\/uploads\/2025\/09\/a2b52e9_upload-1-tjpzo2ib23iv-000-679v9nt.jpg\" alt=\"Jean Castex, PDG de la RATP, lors du 125\u1d49\u00a0anniversaire de la ligne 1\u00a0du m\u00e9tro, \u00e0 la station Porte Maillot, \u00e0 Paris, le 19\u00a0juillet\u00a02025.\"   width=\"664\" height=\"443\"\/>    Jean Castex, PDG de la RATP, lors du 125\u1d49\u00a0anniversaire de la ligne 1\u00a0du m\u00e9tro, \u00e0 la station Porte Maillot, \u00e0 Paris, le 19\u00a0juillet\u00a02025.  BEHROUZ MEHRI \/ AFP                 <\/p>\n<p class=\"article__paragraph  \">L\u2019\u00e9v\u00e9nement \u00e9tait pr\u00e9vu de longue date, mais il est tentant d\u2019y voir un symbole. Vendredi 26\u00a0septembre au matin, le PDG de la RATP, Jean Castex, \u00e9tait aux ateliers de La\u00a0Villette, \u00e0 Paris, seul point de connexion entre le m\u00e9tro et les rails de la SNCF. Au c\u00f4t\u00e9 de la pr\u00e9sidente de la r\u00e9gion Ile-de-France, Val\u00e9rie P\u00e9cresse, et du directeur g\u00e9n\u00e9ral d\u2019Alstom, Henri Poupart-Lafarge, Jean\u00a0Castex accueillait la premi\u00e8re rame de s\u00e9rie de la ligne\u00a010\u00a0du m\u00e9tro qui entrera en service commercial le 16\u00a0octobre. Quelques heures plus tard, l\u2019Elys\u00e9e a confirm\u00e9 ce que plus personne n\u2019ignorait\u00a0: l\u2019ancien premier ministre est nomm\u00e9 \u00e0 la t\u00eate de la SNCF, comme successeur de Jean-Pierre Farandou.<\/p>\n<p class=\"article__paragraph  \"><a href=\"https:\/\/www.lemonde.fr\/politique\/article\/2022\/05\/14\/a-matignon-le-depart-attendu-de-jean-castex-premier-ministre-sans-ego_6126060_823448.html\" rel=\"nofollow noopener\" target=\"_blank\">L\u2019homme qui dirigea le gouvernement de la France de juillet\u00a02020\u00a0\u00e0 juin\u00a02022<\/a> concr\u00e9tise probablement l\u00e0 l\u2019une de ses ambitions les plus personnelles. A l\u2019automne 2019, alors que Jean\u00a0Castex n\u2019\u00e9tait encore qu\u2019un haut fonctionnaire inconnu du grand public, il s\u2019\u00e9tait port\u00e9 candidat \u00e0 la succession de Guillaume Pepy, comme patron de la SNCF. Sans succ\u00e8s\u00a0: c\u2019est le cheminot Jean-Pierre Farandou \u2013 entr\u00e9 \u00e0 la SNCF en\u00a01981 \u2013 qui a pris, en\u00a02019, les r\u00eanes de l\u2019entreprise\u2026<\/p>\n<p class=\"reading-mode-only \"><strong>Il vous reste 84.18% de cet article \u00e0 lire. La suite est r\u00e9serv\u00e9e aux abonn\u00e9s.<\/strong><\/p>\n","protected":false},"excerpt":{"rendered":"Jean Castex, PDG de la RATP, lors du 125\u1d49\u00a0anniversaire de la ligne 1\u00a0du m\u00e9tro, \u00e0 la station Porte&hellip;\n","protected":false},"author":2,"featured_media":419340,"comment_status":"","ping_status":"","sticky":false,"template":"","format":"standard","meta":{"footnotes":""},"categories":[1888],"tags":[1111,1928,11,1927,1777,674,1011,27,12,1926,626,1925,25],"class_list":{"0":"post-419339","1":"post","2":"type-post","3":"status-publish","4":"format-standard","5":"has-post-thumbnail","7":"category-paris","8":"tag-actu","9":"tag-actu-paris","10":"tag-actualites","11":"tag-actualites-paris","12":"tag-eu","13":"tag-europe","14":"tag-fr","15":"tag-france","16":"tag-news","17":"tag-news-paris","18":"tag-paris","19":"tag-paris-news","20":"tag-republique-francaise"},"share_on_mastodon":{"url":"https:\/\/pubeurope.com\/@fr\/115271585634230422","error":""},"_links":{"self":[{"href":"https:\/\/www.europesays.com\/fr\/wp-json\/wp\/v2\/posts\/419339","targetHints":{"allow":["GET"]}}],"collection":[{"href":"https:\/\/www.europesays.com\/fr\/wp-json\/wp\/v2\/posts"}],"about":[{"href":"https:\/\/www.europesays.com\/fr\/wp-json\/wp\/v2\/types\/post"}],"author":[{"embeddable":true,"href":"https:\/\/www.europesays.com\/fr\/wp-json\/wp\/v2\/users\/2"}],"replies":[{"embeddable":true,"href":"https:\/\/www.europesays.com\/fr\/wp-json\/wp\/v2\/comments?post=419339"}],"version-history":[{"count":0,"href":"https:\/\/www.europesays.com\/fr\/wp-json\/wp\/v2\/posts\/419339\/revisions"}],"wp:featuredmedia":[{"embeddable":true,"href":"https:\/\/www.europesays.com\/fr\/wp-json\/wp\/v2\/media\/419340"}],"wp:attachment":[{"href":"https:\/\/www.europesays.com\/fr\/wp-json\/wp\/v2\/media?parent=419339"}],"wp:term":[{"taxonomy":"category","embeddable":true,"href":"https:\/\/www.europesays.com\/fr\/wp-json\/wp\/v2\/categories?post=419339"},{"taxonomy":"post_tag","embeddable":true,"href":"https:\/\/www.europesays.com\/fr\/wp-json\/wp\/v2\/tags?post=419339"}],"curies":[{"name":"wp","href":"https:\/\/api.w.org\/{rel}","templated":true}]}}