{"id":419344,"date":"2025-09-26T16:41:13","date_gmt":"2025-09-26T16:41:13","guid":{"rendered":"https:\/\/www.europesays.com\/fr\/419344\/"},"modified":"2025-09-26T16:41:13","modified_gmt":"2025-09-26T16:41:13","slug":"les-socialistes-y-voient-un-vrai-signal-liberation","status":"publish","type":"post","link":"https:\/\/www.europesays.com\/fr\/419344\/","title":{"rendered":"les socialistes y voient un \u00abvrai signal\u00bb \u2013 Lib\u00e9ration"},"content":{"rendered":"<p class=\"sc-cPiKLX AiZTS text-element\">Si les socialistes parisiens affirment publiquement qu\u2019une victoire au second tour <a href=\"https:\/\/www.liberation.fr\/politique\/legislative-partielle-a-paris-barnier-en-tete-au-premier-tour-match-avec-la-socialiste-bredin-au-second-20250921_W75RJMXVGJFS5B6ED2WLML3BEE\/\" target=\"_blank\" rel=\"noreferrer noopener\" title=\"https:\/\/www.liberation.fr\/politique\/legislative-partielle-a-paris-barnier-en-tete-au-premier-tour-match-avec-la-socialiste-bredin-au-second-20250921_W75RJMXVGJFS5B6ED2WLML3BEE\/\">de la partielle de la 2e circonscription de la capitale<\/a>, dimanche 28 septembre, reste possible, tout le monde sait, en r\u00e9alit\u00e9, que cela rel\u00e8verait du miracle. Difficile, en effet, d\u2019imaginer <a href=\"https:\/\/www.liberation.fr\/politique\/legislative-partielle-a-paris-la-socialiste-frederique-bredin-reve-de-rive-gauche-20250924_QPA3W7SEYRC4XDPITCV7LCOA5A\/\" target=\"_blank\" rel=\"noreferrer noopener\" title=\"https:\/\/www.liberation.fr\/politique\/legislative-partielle-a-paris-la-socialiste-frederique-bredin-reve-de-rive-gauche-20250924_QPA3W7SEYRC4XDPITCV7LCOA5A\/\">la candidate PS Fr\u00e9d\u00e9rique Bredin<\/a>, qui ne dispose pas vraiment de r\u00e9serves de voix, rattraper son retard du premier tour sur <a href=\"https:\/\/www.liberation.fr\/tags\/michel-barnier\/\" target=\"_blank\" rel=\"noreferrer noopener\" title=\"h &lt;div style=\" clear:=\"\" both=\"\"><\/p>\n","protected":false},"excerpt":{"rendered":"Si les socialistes parisiens affirment publiquement qu\u2019une victoire au second tour de la partielle de la 2e circonscription&hellip;\n","protected":false},"author":2,"featured_media":419345,"comment_status":"","ping_status":"","sticky":false,"template":"","format":"standard","meta":{"footnotes":""},"categories":[1888],"tags":[11,1777,674,1011,27,27636,5945,12,626,429,25],"class_list":{"0":"post-419344","1":"post","2":"type-post","3":"status-publish","4":"format-standard","5":"has-post-thumbnail","7":"category-paris","8":"tag-actualites","9":"tag-eu","10":"tag-europe","11":"tag-fr","12":"tag-france","13":"tag-michel-barnier","14":"tag-municipales-elections","15":"tag-news","16":"tag-paris","17":"tag-ps","18":"tag-republique-francaise"},"share_on_mastodon":{"url":"https:\/\/pubeurope.com\/@fr\/115271597070035152","error":""},"_links":{"self":[{"href":"https:\/\/www.europesays.com\/fr\/wp-json\/wp\/v2\/posts\/419344","targetHints":{"allow":["GET"]}}],"collection":[{"href":"https:\/\/www.europesays.com\/fr\/wp-json\/wp\/v2\/posts"}],"about":[{"href":"https:\/\/www.europesays.com\/fr\/wp-json\/wp\/v2\/types\/post"}],"author":[{"embeddable":true,"href":"https:\/\/www.europesays.com\/fr\/wp-json\/wp\/v2\/users\/2"}],"replies":[{"embeddable":true,"href":"https:\/\/www.europesays.com\/fr\/wp-json\/wp\/v2\/comments?post=419344"}],"version-history":[{"count":0,"href":"https:\/\/www.europesays.com\/fr\/wp-json\/wp\/v2\/posts\/419344\/revisions"}],"wp:featuredmedia":[{"embeddable":true,"href":"https:\/\/www.europesays.com\/fr\/wp-json\/wp\/v2\/media\/419345"}],"wp:attachment":[{"href":"https:\/\/www.europesays.com\/fr\/wp-json\/wp\/v2\/media?parent=419344"}],"wp:term":[{"taxonomy":"category","embeddable":true,"href":"https:\/\/www.europesays.com\/fr\/wp-json\/wp\/v2\/categories?post=419344"},{"taxonomy":"post_tag","embeddable":true,"href":"https:\/\/www.europesays.com\/fr\/wp-json\/wp\/v2\/tags?post=419344"}],"curies":[{"name":"wp","href":"https:\/\/api.w.org\/{rel}","templated":true}]}}