{"id":419348,"date":"2025-09-26T16:43:10","date_gmt":"2025-09-26T16:43:10","guid":{"rendered":"https:\/\/www.europesays.com\/fr\/419348\/"},"modified":"2025-09-26T16:43:10","modified_gmt":"2025-09-26T16:43:10","slug":"lannion-la-defaite-de-lukraine-serait-aussi-la-notre-previennent-ses-soutiens","status":"publish","type":"post","link":"https:\/\/www.europesays.com\/fr\/419348\/","title":{"rendered":"Lannion. \u00ab La d\u00e9faite de l\u2019Ukraine serait aussi la n\u00f4tre \u00bb, pr\u00e9viennent ses soutiens"},"content":{"rendered":"<p>            Par<br \/>\n        <strong><br \/>\n            <a href=\"https:\/\/actu.fr\/auteur\/jeremy-nedelec\" title=\"Consulter tous les articles de J\u00e9r\u00e9my N\u00e9d\u00e9lec\" rel=\"nofollow noopener\" target=\"_blank\">J\u00e9r\u00e9my N\u00e9d\u00e9lec<\/a><br \/>\n        <\/strong><\/p>\n<p>        Publi\u00e9 le<\/p>\n<p>            26 sept. 2025 \u00e0 18h09        <\/p>\n<p>Une quarantaine de personnes \u00e9taient r\u00e9unies devant la mairie de <b>Lannion<\/b>, ce jeudi 25\u00a0septembre, \u00e0 l\u2019appel de <b>Tr\u00e9gor Solidarit\u00e9 Ukraine<\/b>, qui organise des rassemblements mensuels depuis l\u2019invasion russe en f\u00e9vrier\u00a02022.<\/p>\n<p>La volte-face de Trump<\/p>\n<p class=\" wall-content\">\u00ab\u2009L\u2019Union Europ\u00e9enne ne r\u00e9sisterait pas \u00e0 une d\u00e9faite de l\u2019Ukraine, qui serait aussi la n\u00f4tre\u2009\u00bb, a alert\u00e9 l\u2019association. Le pr\u00e9sident des \u00c9tats-Unis Donald Trump a bien sugg\u00e9r\u00e9 le 23\u00a0septembre que l\u2019Ukraine <a href=\"https:\/\/www.courrierinternational.com\/article\/diplomatie-volte-face-spectaculaire-trump-estime-desormais-que-l-ukraine-peut-gagner-la-guerre_235495\" rel=\"nofollow noopener\" target=\"_blank\">\u00ab\u2009pouvait gagner la guerre\u2009\u00bb<\/a> mais l\u2019association tr\u00e9gorroise pr\u00e9vient que \u00ab\u2009ces mots n\u2019auront de cr\u00e9dit que s\u2019ils s\u2019accompagnent d\u2019actes\u2009\u00bb.<\/p>\n<p class=\" wall-content\">Tr\u00e9gor Solidarit\u00e9 Ukraine a mis en avant <a href=\"https:\/\/www.change.org\/p\/skyshield-sauvons-les-civils-des-drones-russes-prot%C3%A9geons-le-ciel-de-l-ukraine\" rel=\"nofollow noopener\" target=\"_blank\">la p\u00e9tition lanc\u00e9e par le collectif Skyshield<\/a>, pour la protection du ciel de l\u2019Ukraine contre les drones russes.<\/p>\n<p>Les animations \u00e0 venir<\/p>\n<p class=\" wall-content\">Le chanteur <b>Korentin Le Davay<\/b> a interpr\u00e9t\u00e9 deux complaintes en breton, et l\u2019association a fait un point sur les prochaines animations. Elle compte organiser une exposition, et peut-\u00eatre un concert, en novembre, dans le cadre du festival des solidarit\u00e9s. Ce m\u00eame mois, une projection est pr\u00e9vue au cin\u00e9ma Les Baladins du film De ma fen\u00eatre \u2013 Carnets de Lviv de Guillaume Sauzedde, \u00ab\u2009le r\u00e9alisateur sera l\u00e0 et animera la discussion\u2009\u00bb, annonce Tr\u00e9gor Solidarit\u00e9 Ukraine.<\/p>\n<p class=\" wall-content\">Qui donne avant cela rendez-vous le 16\u00a0octobre, \u00e0 18\u2009h, devant la mairie pour son prochain rassemblement.<\/p>\n<p class=\" wall-content\">Personnalisez votre actualit\u00e9 en ajoutant vos villes et m\u00e9dias en favori avec <a href=\"https:\/\/moncompte.actu.fr\" title=\"D\u00e9couvez Mon Actu\" rel=\"nofollow noopener\" data-trk=\"{&quot;cta&quot;:{&quot;action&quot;:&quot;https:\\\/\\\/moncompte.actu.fr&quot;,&quot;category&quot;:&quot;mon compte&quot;,&quot;from&quot;:&quot;article footer&quot;,&quot;name&quot;:&quot;Mon actu&quot;,&quot;type&quot;:&quot;cta&quot;}}\" target=\"_blank\">Mon Actu<\/a>.<\/p>\n","protected":false},"excerpt":{"rendered":"Par J\u00e9r\u00e9my N\u00e9d\u00e9lec Publi\u00e9 le 26 sept. 2025 \u00e0 18h09 Une quarantaine de personnes \u00e9taient r\u00e9unies devant la&hellip;\n","protected":false},"author":2,"featured_media":419349,"comment_status":"","ping_status":"","sticky":false,"template":"","format":"standard","meta":{"footnotes":""},"categories":[1590],"tags":[11,1777,674,131,12,104,220],"class_list":{"0":"post-419348","1":"post","2":"type-post","3":"status-publish","4":"format-standard","5":"has-post-thumbnail","7":"category-ukraine","8":"tag-actualites","9":"tag-eu","10":"tag-europe","11":"tag-guerre-en-ukraine","12":"tag-news","13":"tag-societe","14":"tag-ukraine"},"share_on_mastodon":{"url":"https:\/\/pubeurope.com\/@fr\/115271604936586399","error":""},"_links":{"self":[{"href":"https:\/\/www.europesays.com\/fr\/wp-json\/wp\/v2\/posts\/419348","targetHints":{"allow":["GET"]}}],"collection":[{"href":"https:\/\/www.europesays.com\/fr\/wp-json\/wp\/v2\/posts"}],"about":[{"href":"https:\/\/www.europesays.com\/fr\/wp-json\/wp\/v2\/types\/post"}],"author":[{"embeddable":true,"href":"https:\/\/www.europesays.com\/fr\/wp-json\/wp\/v2\/users\/2"}],"replies":[{"embeddable":true,"href":"https:\/\/www.europesays.com\/fr\/wp-json\/wp\/v2\/comments?post=419348"}],"version-history":[{"count":0,"href":"https:\/\/www.europesays.com\/fr\/wp-json\/wp\/v2\/posts\/419348\/revisions"}],"wp:featuredmedia":[{"embeddable":true,"href":"https:\/\/www.europesays.com\/fr\/wp-json\/wp\/v2\/media\/419349"}],"wp:attachment":[{"href":"https:\/\/www.europesays.com\/fr\/wp-json\/wp\/v2\/media?parent=419348"}],"wp:term":[{"taxonomy":"category","embeddable":true,"href":"https:\/\/www.europesays.com\/fr\/wp-json\/wp\/v2\/categories?post=419348"},{"taxonomy":"post_tag","embeddable":true,"href":"https:\/\/www.europesays.com\/fr\/wp-json\/wp\/v2\/tags?post=419348"}],"curies":[{"name":"wp","href":"https:\/\/api.w.org\/{rel}","templated":true}]}}