{"id":419350,"date":"2025-09-26T16:44:11","date_gmt":"2025-09-26T16:44:11","guid":{"rendered":"https:\/\/www.europesays.com\/fr\/419350\/"},"modified":"2025-09-26T16:44:11","modified_gmt":"2025-09-26T16:44:11","slug":"etats-unis-le-tireur-du-centre-dimmigration-detestait-le-gouvernement","status":"publish","type":"post","link":"https:\/\/www.europesays.com\/fr\/419350\/","title":{"rendered":"\u00c9tats-Unis : le tireur du centre d&rsquo;immigration d\u00e9testait le gouvernement"},"content":{"rendered":"<p>          <img decoding=\"async\" class=\"c-ad__placeholder__logo\" src=\"https:\/\/static.euronews.com\/website\/images\/logos\/logo-euronews-stacked-outlined-72x72-grey-9.svg\" width=\"72\" height=\"72\" alt=\"\" loading=\"lazy\"\/><br \/>\n          PUBLICIT\u00c9<\/p>\n<p>Des responsables am\u00e9ricains ont offert un motif possible derri\u00e8re l&rsquo;attaque d&rsquo;un tireur sur une installation du Service de l\u2019immigration et des douanes des \u00c9tats-Unis (ICE) mercredi, qui a entra\u00een\u00e9 la mort d&rsquo;une personne.<\/p>\n<p>Ils disent que Joshua Jahn, \u00e2g\u00e9 de 29 ans, d\u00e9testait le gouvernement des \u00c9tats-Unis et qu&rsquo;il voulait inciter \u00e0 la terreur en tuant des agents f\u00e9d\u00e9raux. Citant des notes manuscrites trouv\u00e9es \u00e0 son domicile en banlieue, ils ont d\u00e9clar\u00e9 qu&rsquo;il avait l&rsquo;intention de tendre une embuscade \u00e0 l&rsquo;agence avant de se tirer fatalement dessus apr\u00e8s l&rsquo;assaut.<\/p>\n<p>La fusillade \u00e0 l&rsquo;aube mercredi visait le b\u00e2timent de l&rsquo;ICE, y compris une camionnette dans une entr\u00e9e ferm\u00e9e qui d\u00e9tenait des d\u00e9tenus. Un d\u00e9tenu a \u00e9t\u00e9 tu\u00e9, et deux autres ont \u00e9t\u00e9 gri\u00e8vement bless\u00e9s. Aucun personnel de l&rsquo;ICE n&rsquo;a \u00e9t\u00e9 bless\u00e9.<\/p>\n<p>Jahn \u00ab avait sp\u00e9cifiquement l&rsquo;intention de tuer des agents de l&rsquo;ICE \u00bb, tirant sur des v\u00e9hicules transportant du personnel de l&rsquo;ICE, des agents f\u00e9d\u00e9raux et des d\u00e9tenus. \u00ab Il a \u00e9galement tir\u00e9 plusieurs coups de feu dans les fen\u00eatres du b\u00e2timent o\u00f9 de nombreux employ\u00e9s de l&rsquo;ICE travaillent tous les jours \u00bb, a d\u00e9clar\u00e9 Joseph Rothrock, agent en charge du bureau ext\u00e9rieur du FBI \u00e0 Dallas.<\/p>\n<p>Les notes de Jahn indiquaient \u00ab qu&rsquo;il ne s&rsquo;attendait pas \u00e0 survivre \u00e0 cet \u00e9v\u00e9nement \u00bb, a d\u00e9clar\u00e9 Rothrock. \u00ab Il voulait causer la terreur. \u00bb<\/p>\n<p>Le tireur, que les autorit\u00e9s ont dit tirer de mani\u00e8re indiscrimin\u00e9e depuis un toit voisin, \u00e9tait impliqu\u00e9 dans une \u00ab planification de haute pr\u00e9cision avant l&rsquo;attaque \u00bb, a d\u00e9clar\u00e9 le directeur du FBI, Kash Patel, sur la plateforme sociale X.<\/p>\n<p>Patel a cit\u00e9 une note disant : \u00ab J&rsquo;esp\u00e8re que cela donnera aux agents de l&rsquo;ICE une vraie terreur, de penser, y a-t-il un tireur embusqu\u00e9 avec des balles perforantes sur ce toit ? \u00bb La note utilisait une apparente abr\u00e9viation pour les balles perforantes.<\/p>\n<p>L&rsquo;attaque a eu lieu alors que le renforcement de l&rsquo;application de l&rsquo;immigration a g\u00e9n\u00e9r\u00e9 une r\u00e9action contre les agents de l&rsquo;ICE et suscit\u00e9 la peur dans les communaut\u00e9s d&rsquo;immigrants \u00e0 travers le pays.<\/p>\n<p>L&rsquo;assaillant semblait avoir agi seul. Nancy Larson, la procureure am\u00e9ricaine par int\u00e9rim pour le district nord du Texas, a d\u00e9clar\u00e9 que les enqu\u00eateurs avaient d\u00e9couvert les notes au domicile de Jahn. Une autre note disait : \u00ab Oui, c&rsquo;\u00e9tait juste moi. \u00bb D&rsquo;autres notes \u00e9taient tr\u00e8s critiques envers les agents de l&rsquo;ICE et indiquaient qu&rsquo;il esp\u00e9rait \u00e9viter de blesser des d\u00e9tenus.<\/p>\n<p>Les enqu\u00eateurs n&rsquo;ont pas trouv\u00e9 que le tireur \u00e9tait membre d&rsquo;un groupe ou d&rsquo;une entit\u00e9 particuli\u00e8re, a d\u00e9clar\u00e9 Larson. Et bien qu&rsquo;il ait \u00e9crit de mani\u00e8re g\u00e9n\u00e9rale sur la haine du gouvernement f\u00e9d\u00e9ral, il n&rsquo;a mentionn\u00e9 aucune agence f\u00e9d\u00e9rale autre que l&rsquo;ICE, a-t-elle dit.<\/p>\n<p>Le tireur avait \u00e9galement t\u00e9l\u00e9charg\u00e9 un document intitul\u00e9 \u00ab Bureau de la s\u00e9curit\u00e9 int\u00e9rieure et de la gestion des urgences du comt\u00e9 de Dallas \u00bb contenant une liste d&rsquo;installations de la s\u00e9curit\u00e9 int\u00e9rieure, a d\u00e9clar\u00e9 Patel.<\/p>\n<p>Quelques heures avant la fusillade, l&rsquo;assaillant a effectu\u00e9 plusieurs recherches sur Internet concernant des informations balistiques et des vid\u00e9os de l&rsquo;assassinat de l&rsquo;activiste conservateur Charlie Kirk sur le campus d&rsquo;une universit\u00e9 de l&rsquo;Utah ce mois-ci, a d\u00e9clar\u00e9 Patel. Le mois dernier, l&rsquo;homme a recherch\u00e9 des applications qui suivaient la pr\u00e9sence d&rsquo;agents de l&rsquo;ICE, a-t-il ajout\u00e9.<\/p>\n<p>Mercredi, Patel a publi\u00e9 une photo sur les r\u00e9seaux sociaux montrant une balle trouv\u00e9e sur les lieux avec \u00ab ANTI-ICE \u00bb \u00e9crit dessus. La secr\u00e9taire \u00e0 la S\u00e9curit\u00e9 int\u00e9rieure, Kristi Noem, a ordonn\u00e9 une augmentation de la s\u00e9curit\u00e9 dans les installations de l&rsquo;ICE \u00e0 travers les \u00c9tats-Unis, selon un message du DHS sur X.<\/p>\n<p><strong>Le tireur est arriv\u00e9 avant l&rsquo;aube avec une \u00e9chelle<\/strong><\/p>\n<p>L&rsquo;installation de l&rsquo;ICE se trouve le long de l&rsquo;Interstate 35 East, juste au sud-ouest de Dallas Love Field, un grand a\u00e9roport desservant la r\u00e9gion m\u00e9tropolitaine de Dallas-Fort Worth, et \u00e0 quelques p\u00e2t\u00e9s de maisons des h\u00f4tels.<\/p>\n<p>Jahn a \u00e9t\u00e9 vu en train de conduire dans la r\u00e9gion vers 3 heures du matin avec une grande \u00e9chelle sur le toit de son v\u00e9hicule, a d\u00e9clar\u00e9 Larson. On pense que l&rsquo;\u00e9chelle a \u00e9t\u00e9 utilis\u00e9e pour grimper sur le toit d&rsquo;un b\u00e2timent voisin.<\/p>\n<p>Les coups de feu ont commenc\u00e9 vers 6h30, a d\u00e9clar\u00e9 Larson. Les tirs ont \u00e9t\u00e9 dirig\u00e9s le long de la longueur de l&rsquo;installation de l&rsquo;ICE, dans les fen\u00eatres et dans la camionnette, a-t-elle dit.<\/p>\n<p>Jahn a l\u00e9galement obtenu le fusil \u00e0 verrou utilis\u00e9 dans la fusillade en ao\u00fbt, a d\u00e9clar\u00e9 Rothrock.<\/p>\n<p>Il \u00ab a \u00e9galement reconnu la possibilit\u00e9 d&rsquo;autres victimes \u00bb, a d\u00e9clar\u00e9 Rothrock. \u00ab Il savait qu&rsquo;il y avait de fortes chances que des d\u00e9tenus de l&rsquo;ICE soient transport\u00e9s ce matin-l\u00e0 \u00e0 l&rsquo;endroit exact o\u00f9 il se trouvait depuis son perchoir \u00bb sur le toit.<\/p>\n<p>Selon les proc\u00e9dures de l&rsquo;ICE, les d\u00e9tenus \u00e9taient attach\u00e9s \u00e0 l&rsquo;int\u00e9rieur de la camionnette, a d\u00e9clar\u00e9 Marcos Charles, directeur du bureau ext\u00e9rieur des op\u00e9rations d&rsquo;application et de retrait pour l&rsquo;ICE.<\/p>\n<p>\u00ab Sous les tirs, plusieurs agents f\u00e9d\u00e9raux ont couru dans ce feu pour retirer ces individus et tenter de leur prodiguer des soins de sauvetage dans les circonstances les plus d\u00e9sesp\u00e9r\u00e9es \u00bb, a d\u00e9clar\u00e9 Rothrock.<\/p>\n<p>Les autorit\u00e9s n&rsquo;ont pas r\u00e9v\u00e9l\u00e9 les noms des victimes.<\/p>\n<p><strong>Qui \u00e9tait le tireur ?<\/strong><\/p>\n<p>Noah Jahn a d\u00e9crit son fr\u00e8re comme \u00ab unique \u00bb et a d\u00e9clar\u00e9 \u00e0 NBC News que les messages anti-ICE \u00e9taient surprenants.<\/p>\n<p>\u00ab Il n&rsquo;avait pas de sentiments forts envers l&rsquo;ICE autant que je sache \u00bb, a d\u00e9clar\u00e9 Noah Jahn. \u00ab Il ne s&rsquo;int\u00e9ressait pas \u00e0 la politique de chaque c\u00f4t\u00e9 autant que je sache. \u00bb<\/p>\n<p>Il a dit que les deux avaient grandi \u00e0 environ 30 miles (48 km) \u00e0 Allen, au Texas, et que son fr\u00e8re s&rsquo;int\u00e9ressait au codage mais \u00e9tait sans emploi. Noah Jahn a dit qu&rsquo;il avait vu son fr\u00e8re pour la derni\u00e8re fois il y a deux semaines chez leurs parents et que rien ne semblait inhabituel.<\/p>\n<p>Un porte-parole du Collin College \u00e0 proximit\u00e9 de McKinney a d\u00e9clar\u00e9 par courriel qu&rsquo;un Joshua Jahn y avait \u00e9tudi\u00e9 \u00ab \u00e0 diverses reprises \u00bb entre 2013 et 2018.<\/p>\n<p>\u00c0 la fin de 2017, Jahn a travers\u00e9 le pays pour travailler \u00e0 un emploi au salaire minimum r\u00e9coltant de la marijuana pendant plusieurs mois, a d\u00e9clar\u00e9 Ryan Sanderson, propri\u00e9taire d&rsquo;une ferme de cannabis l\u00e9gal dans l&rsquo;\u00c9tat de Washington.<\/p>\n<p><strong>L&rsquo;ICE a \u00e9t\u00e9 cibl\u00e9 ailleurs<\/strong><\/p>\n<p>Noem a not\u00e9 une augmentation r\u00e9cente des attaques ciblant les agents de l&rsquo;ICE.<\/p>\n<p>Le 4 juillet, des attaquants en tenue militaire noire ont ouvert le feu \u00e0 l&rsquo;ext\u00e9rieur du centre de d\u00e9tention de Prairieland \u00e0 Alvarado, au sud-ouest de Dallas, ont d\u00e9clar\u00e9 des procureurs f\u00e9d\u00e9raux. Un policier a \u00e9t\u00e9 bless\u00e9. Au moins 11 personnes ont \u00e9t\u00e9 inculp\u00e9es en lien avec l&rsquo;attaque.<\/p>\n<p>Quelques jours plus tard, un homme avec un fusil d&rsquo;assaut a tir\u00e9 des dizaines de balles sur des agents f\u00e9d\u00e9raux quittant une installation de la patrouille frontali\u00e8re \u00e0 McAllen. L&rsquo;homme, identifi\u00e9 comme Ryan Louis Mosqueda, a bless\u00e9 un policier intervenant avant que les autorit\u00e9s ne le tuent.<\/p>\n","protected":false},"excerpt":{"rendered":"PUBLICIT\u00c9 Des responsables am\u00e9ricains ont offert un motif possible derri\u00e8re l&rsquo;attaque d&rsquo;un tireur sur une installation du Service&hellip;\n","protected":false},"author":2,"featured_media":419351,"comment_status":"","ping_status":"","sticky":false,"template":"","format":"standard","meta":{"footnotes":""},"categories":[1589],"tags":[11,75,73,1866,1061,12,1864,1865,1863,308,2949],"class_list":{"0":"post-419350","1":"post","2":"type-post","3":"status-publish","4":"format-standard","5":"has-post-thumbnail","7":"category-etats-unis","8":"tag-actualites","9":"tag-donald-trump","10":"tag-etats-unis","11":"tag-etats-unis-damerique","12":"tag-immigration","13":"tag-news","14":"tag-united-states","15":"tag-united-states-of-america","16":"tag-us","17":"tag-usa","18":"tag-violences"},"share_on_mastodon":{"url":"https:\/\/pubeurope.com\/@fr\/115271609304596364","error":""},"_links":{"self":[{"href":"https:\/\/www.europesays.com\/fr\/wp-json\/wp\/v2\/posts\/419350","targetHints":{"allow":["GET"]}}],"collection":[{"href":"https:\/\/www.europesays.com\/fr\/wp-json\/wp\/v2\/posts"}],"about":[{"href":"https:\/\/www.europesays.com\/fr\/wp-json\/wp\/v2\/types\/post"}],"author":[{"embeddable":true,"href":"https:\/\/www.europesays.com\/fr\/wp-json\/wp\/v2\/users\/2"}],"replies":[{"embeddable":true,"href":"https:\/\/www.europesays.com\/fr\/wp-json\/wp\/v2\/comments?post=419350"}],"version-history":[{"count":0,"href":"https:\/\/www.europesays.com\/fr\/wp-json\/wp\/v2\/posts\/419350\/revisions"}],"wp:featuredmedia":[{"embeddable":true,"href":"https:\/\/www.europesays.com\/fr\/wp-json\/wp\/v2\/media\/419351"}],"wp:attachment":[{"href":"https:\/\/www.europesays.com\/fr\/wp-json\/wp\/v2\/media?parent=419350"}],"wp:term":[{"taxonomy":"category","embeddable":true,"href":"https:\/\/www.europesays.com\/fr\/wp-json\/wp\/v2\/categories?post=419350"},{"taxonomy":"post_tag","embeddable":true,"href":"https:\/\/www.europesays.com\/fr\/wp-json\/wp\/v2\/tags?post=419350"}],"curies":[{"name":"wp","href":"https:\/\/api.w.org\/{rel}","templated":true}]}}