{"id":419368,"date":"2025-09-26T16:57:10","date_gmt":"2025-09-26T16:57:10","guid":{"rendered":"https:\/\/www.europesays.com\/fr\/419368\/"},"modified":"2025-09-26T16:57:10","modified_gmt":"2025-09-26T16:57:10","slug":"motogp-johann-zarco-unterstreicht-deutliche-fortschritte-bei-honda-mit-neuem-paket","status":"publish","type":"post","link":"https:\/\/www.europesays.com\/fr\/419368\/","title":{"rendered":"MotoGP: Johann Zarco unterstreicht deutliche Fortschritte bei Honda mit neuem Paket"},"content":{"rendered":"<p>Johann Zarco erlebte einen lehrreichen Tag in Motegi. Als Zehnter im Training qualifizierte sich der Franzose direkt f\u00fcr Q2 und nutzte den Japan-GP am Freitag, um ein neues Paket zu testen, das ihm fr\u00fcher als erwartet zur Verf\u00fcgung gestellt wurde. Das gab ihm neuen Optimismus, auch wenn der Honda-Pilot wei\u00df, dass noch Arbeit zu leisten ist, um das Potenzial dieser technischen Entwicklungen voll auszusch\u00f6pfen.<\/p>\n<p>Am schwierigsten war es, mit zwei sehr unterschiedlichen Motorr\u00e4dern zu jonglieren. W\u00e4hrend ihm sein Werk f\u00fcr seinen Heim-Grand-Prix ein neues Paket anbot, stellte Honda Johann Zarco nur eine Maschine zur Verf\u00fcgung. Daher wechselte er w\u00e4hrend der Testsessions zwischen den alten und neuen Teilen.<\/p>\n<p class=\"gt-block\">\u201eEs ist nicht einfach, die Session zu managen, da ich sehr gut gestartet bin. Aber dann, w\u00e4hrend der Session, bin ich auf das neue Motorrad umgestiegen und es ist nicht einfach, das neue Motorrad einzusch\u00e4tzen, wenn der Reifen bereits abbaut. vertraute er w\u00e4hrend seiner Pressekonferenz am Freitag an. Man muss es wirklich schaffen, ruhig zu bleiben. Aber seit den Tests in Misano bin ich auf dem Motorrad und bei der Arbeit wieder etwas ruhiger geworden, um die Momente besser genie\u00dfen zu k\u00f6nnen. Das hat sich heute schon ausgezahlt, also ist es gut.\u201c<\/p>\n<\/p>\n<p>Ein neues Paket und bessere Empfindungen f\u00fcr Zarco<\/p>\n<p class=\"gt-block\">Er f\u00e4hrt fort: \u201eWenn man wirklich mit den Details spielen will, muss man zwei identische Motorr\u00e4der haben. Aber hier ist das nicht m\u00f6glich. Ich bin froh, hier ein komplettes Paket zu haben, was \u00fcberhaupt nicht geplant war. Ich sollte es in Australien haben. Aber es ist nicht dasselbe Setup. Es gibt Nuancen. Irgendwann, bei dieser Geschwindigkeit, muss man wirklich mit den Details spielen, um sich jedes Mal besser zu f\u00fchlen. Ich bin froh, hier zu sein, aber ich denke, es gibt noch Arbeit daran.\u201c<\/p>\n<p class=\"gt-block\">Trotz dieser Einschr\u00e4nkungen sind die Ergebnisse eindeutig: Das neue Paket bringt eine deutliche Verbesserung des Handlings des Motorrads und das Fahrgef\u00fchl des franz\u00f6sischen Fahrers ist dadurch umso besser. \u201eIch denke, es sorgt f\u00fcr viel mehr Stabilit\u00e4t am Hinterrad, egal ob beim Bremsen oder Beschleunigen, das Handling ist besser. Man kann besser bremsen und die Verz\u00f6gerung besser kontrollieren. Und dann haben wir sogar noch etwas mehr Motor. In Misano zum Beispiel war es schwer zu sehen, weil es eine sehr kleine Strecke ist. Hier sehen wir, dass wir sie nicht verlieren.\u201c, analysiert Zarco.<\/p>\n<p>Bis zur Spitze ist es noch ein weiter Weg, aber die Werksfahrer Joan Mir und Luca Marini, deren zwei Maschinen mit diesem neuen Paket ausgestattet sind, landeten am Freitag unter den ersten Sechs. Ein Beweis daf\u00fcr, dass diese Entwicklungen in die richtige Richtung gehen.<\/p>\n<p class=\"gt-block\"><strong>LESEN SIE AUCH &gt; <a href=\"https:\/\/www.autohebdo.de\/Nachrichten\/MotoGP\/der-Zeitplan-f%C3%BCr-den-MotoGP-Japan-GP-2025.html\" rel=\"nofollow noopener\" target=\"_blank\">Der Zeitplan f\u00fcr den MotoGP Japan GP 2025<\/a><\/strong><\/p>\n","protected":false},"excerpt":{"rendered":"Johann Zarco erlebte einen lehrreichen Tag in Motegi. Als Zehnter im Training qualifizierte sich der Franzose direkt f\u00fcr&hellip;\n","protected":false},"author":2,"featured_media":419369,"comment_status":"","ping_status":"","sticky":false,"template":"","format":"standard","meta":{"footnotes":""},"categories":[1413],"tags":[1011,27,1457,1456,60],"class_list":{"0":"post-419368","1":"post","2":"type-post","3":"status-publish","4":"format-standard","5":"has-post-thumbnail","7":"category-moto","8":"tag-fr","9":"tag-france","10":"tag-moto","11":"tag-motocycle","12":"tag-sports"},"share_on_mastodon":{"url":"https:\/\/pubeurope.com\/@fr\/115271659999760113","error":""},"_links":{"self":[{"href":"https:\/\/www.europesays.com\/fr\/wp-json\/wp\/v2\/posts\/419368","targetHints":{"allow":["GET"]}}],"collection":[{"href":"https:\/\/www.europesays.com\/fr\/wp-json\/wp\/v2\/posts"}],"about":[{"href":"https:\/\/www.europesays.com\/fr\/wp-json\/wp\/v2\/types\/post"}],"author":[{"embeddable":true,"href":"https:\/\/www.europesays.com\/fr\/wp-json\/wp\/v2\/users\/2"}],"replies":[{"embeddable":true,"href":"https:\/\/www.europesays.com\/fr\/wp-json\/wp\/v2\/comments?post=419368"}],"version-history":[{"count":0,"href":"https:\/\/www.europesays.com\/fr\/wp-json\/wp\/v2\/posts\/419368\/revisions"}],"wp:featuredmedia":[{"embeddable":true,"href":"https:\/\/www.europesays.com\/fr\/wp-json\/wp\/v2\/media\/419369"}],"wp:attachment":[{"href":"https:\/\/www.europesays.com\/fr\/wp-json\/wp\/v2\/media?parent=419368"}],"wp:term":[{"taxonomy":"category","embeddable":true,"href":"https:\/\/www.europesays.com\/fr\/wp-json\/wp\/v2\/categories?post=419368"},{"taxonomy":"post_tag","embeddable":true,"href":"https:\/\/www.europesays.com\/fr\/wp-json\/wp\/v2\/tags?post=419368"}],"curies":[{"name":"wp","href":"https:\/\/api.w.org\/{rel}","templated":true}]}}