{"id":419370,"date":"2025-09-26T16:58:10","date_gmt":"2025-09-26T16:58:10","guid":{"rendered":"https:\/\/www.europesays.com\/fr\/419370\/"},"modified":"2025-09-26T16:58:10","modified_gmt":"2025-09-26T16:58:10","slug":"le-racing-92-avec-sa-charniere-carbonneau-seunes-clermont-lance-le-jeune-michaux-a-larena","status":"publish","type":"post","link":"https:\/\/www.europesays.com\/fr\/419370\/","title":{"rendered":"le Racing 92 avec sa charni\u00e8re Carbonneau-Seunes, Clermont lance le jeune Michaux \u00e0 l\u2019Arena"},"content":{"rendered":"<p>Apr\u00e8s leur succ\u00e8s \u00e0 Perpignan, les Franciliens re\u00e7oivent ce samedi les Auvergnats, \u00e0 Paris La D\u00e9fense Arena.<\/p>\n<p class=\"fig-paragraph\">Pour la r\u00e9ception de l\u2019ASM Clermont Auvergne ce samedi \u00e0 l\u2019occasion de la 4e journ\u00e9e du Top 14,\u00a0<a href=\"http:\/\/www.lefigaro.fr\/sports\/rugby\/top-14\/top-14-acteur-principal-du-renouveau-du-racing-92-patrice-collazo-prolonge-20250528\" data-fig-type=\"NewsFlash\" data-gtm-custom-categorie=\"navigation\" data-gtm-custom-action=\"crossclick\" data-gtm-custom-label=\"Contextuel\" data-gtm-event=\"customEventSPE\" data-fig-domain=\"LEFIGARO\" target=\"_blank\" rel=\"noopener\">Patrice Collazo<\/a>, le manager du Racing 92, a reconduit sa jeune Carbonneau-Seunes, particuli\u00e8rement en vue en ce d\u00e9but de saison. Du solide au centre avec Yuisova et\u00a0<a href=\"http:\/\/www.lefigaro.fr\/sports\/rugby\/xv-de-france\/on-a-donne-une-belle-image-de-l-equipe-de-france-se-satisfait-le-capitaine-du-xv-de-france-gael-fickou-20250719\" data-fig-type=\"NewsFlash\" data-gtm-custom-categorie=\"navigation\" data-gtm-custom-action=\"crossclick\" data-gtm-custom-label=\"Contextuel\" data-gtm-event=\"customEventSPE\" data-fig-domain=\"LEFIGARO\" target=\"_blank\" rel=\"noopener\">Fickou<\/a>. Spring (capitaine) et Hulleu d\u00e9buteront sur les ailes, avec James \u00e0 l\u2019arri\u00e8re \u00e0 Paris La D\u00e9fense Arena.<\/p>\n<p class=\"fig-paragraph\">Du c\u00f4t\u00e9 de l\u2019ASM,\u00a0<a href=\"http:\/\/www.lefigaro.fr\/sports\/rugby\/top-14\/top-14-urios-et-les-supporters-clermontois-la-reponse-pas-rechauffee-du-figaro-20250328\" data-fig-type=\"NewsFlash\" data-gtm-custom-categorie=\"navigation\" data-gtm-custom-action=\"crossclick\" data-gtm-custom-label=\"Contextuel\" data-gtm-event=\"customEventSPE\" data-fig-domain=\"LEFIGARO\" target=\"_blank\" rel=\"noopener\">Christophe Urios<\/a>\u00a0a d\u00e9cid\u00e9 de lancer dans le grand bain le deuxi\u00e8me-ligne L\u00e9o Michaux, seulement 18 ans et sacr\u00e9 champion de France Crabos en juin dernier. \u00c0 noter qu\u2019il n\u2019y a aucun changement dans la ligne de trois-quarts, avec la charni\u00e8re\u00a0<a href=\"http:\/\/www.lefigaro.fr\/sports\/rugby\/top-14\/top-14-clermont-devra-gommer-son-irregularite-met-en-garde-le-capitaine-baptiste-jauneau-20250907\" data-fig-type=\"NewsFlash\" data-gtm-custom-categorie=\"navigation\" data-gtm-custom-action=\"crossclick\" data-gtm-custom-label=\"Contextuel\" data-gtm-event=\"customEventSPE\" data-fig-domain=\"LEFIGARO\" target=\"_blank\" rel=\"noopener\">Jauneau<\/a>&#8211;<a href=\"http:\/\/www.lefigaro.fr\/sports\/rugby\/top-14\/boude-par-les-blacks-adoube-par-cotter-cinq-choses-a-savoir-sur-harry-plummer-le-nouvel-ouvreur-de-clermont-20250913\" data-fig-type=\"NewsFlash\" data-gtm-custom-categorie=\"navigation\" data-gtm-custom-action=\"crossclick\" data-gtm-custom-label=\"Contextuel\" data-gtm-event=\"customEventSPE\" data-fig-domain=\"LEFIGARO\" target=\"_blank\" rel=\"noopener\">Plummer<\/a>\u00a0toujours aux commandes. Fouyssac et Darricarrere encha\u00eenent au centre et le triangle arri\u00e8re sera compos\u00e9 de Raka et Fall aux ailes, avec Hamdaoui \u00e0 l\u2019arri\u00e8re.<\/p>\n","protected":false},"excerpt":{"rendered":"Apr\u00e8s leur succ\u00e8s \u00e0 Perpignan, les Franciliens re\u00e7oivent ce samedi les Auvergnats, \u00e0 Paris La D\u00e9fense Arena. Pour&hellip;\n","protected":false},"author":2,"featured_media":419371,"comment_status":"","ping_status":"","sticky":false,"template":"","format":"standard","meta":{"footnotes":""},"categories":[1412],"tags":[10980,1451,1452,1453,1454,1455,1011,27,5421,60],"class_list":{"0":"post-419370","1":"post","2":"type-post","3":"status-publish","4":"format-standard","5":"has-post-thumbnail","7":"category-f1","8":"tag-asm-clermont-auvergne","9":"tag-f1","10":"tag-formula-1","11":"tag-formula1","12":"tag-formule-1","13":"tag-formule1","14":"tag-fr","15":"tag-france","16":"tag-racing-92","17":"tag-sports"},"share_on_mastodon":{"url":"https:\/\/pubeurope.com\/@fr\/115271663840915722","error":""},"_links":{"self":[{"href":"https:\/\/www.europesays.com\/fr\/wp-json\/wp\/v2\/posts\/419370","targetHints":{"allow":["GET"]}}],"collection":[{"href":"https:\/\/www.europesays.com\/fr\/wp-json\/wp\/v2\/posts"}],"about":[{"href":"https:\/\/www.europesays.com\/fr\/wp-json\/wp\/v2\/types\/post"}],"author":[{"embeddable":true,"href":"https:\/\/www.europesays.com\/fr\/wp-json\/wp\/v2\/users\/2"}],"replies":[{"embeddable":true,"href":"https:\/\/www.europesays.com\/fr\/wp-json\/wp\/v2\/comments?post=419370"}],"version-history":[{"count":0,"href":"https:\/\/www.europesays.com\/fr\/wp-json\/wp\/v2\/posts\/419370\/revisions"}],"wp:featuredmedia":[{"embeddable":true,"href":"https:\/\/www.europesays.com\/fr\/wp-json\/wp\/v2\/media\/419371"}],"wp:attachment":[{"href":"https:\/\/www.europesays.com\/fr\/wp-json\/wp\/v2\/media?parent=419370"}],"wp:term":[{"taxonomy":"category","embeddable":true,"href":"https:\/\/www.europesays.com\/fr\/wp-json\/wp\/v2\/categories?post=419370"},{"taxonomy":"post_tag","embeddable":true,"href":"https:\/\/www.europesays.com\/fr\/wp-json\/wp\/v2\/tags?post=419370"}],"curies":[{"name":"wp","href":"https:\/\/api.w.org\/{rel}","templated":true}]}}