{"id":419376,"date":"2025-09-26T17:01:10","date_gmt":"2025-09-26T17:01:10","guid":{"rendered":"https:\/\/www.europesays.com\/fr\/419376\/"},"modified":"2025-09-26T17:01:10","modified_gmt":"2025-09-26T17:01:10","slug":"ce-cadeau-que-tom-cruise-offre-chaque-annee-a-une-actrice","status":"publish","type":"post","link":"https:\/\/www.europesays.com\/fr\/419376\/","title":{"rendered":"Ce cadeau que Tom Cruise offre chaque ann\u00e9e \u00e0 une actrice"},"content":{"rendered":"<p>Il y a pr\u00e8s de 20 ans en arri\u00e8re, alors qu\u00a0\u00bbelle n&rsquo;avait que 11 ans, <strong>Dakota Fanning<\/strong> partageait l&rsquo;affiche de La Guerre des Mondes avec <a href=\"https:\/\/www.grazia.fr\/people\/tom-cruise-reuni-avec-ses-enfants-bella-et-connor-une-rare-photo-partagee-sur-instagram-1086457.html\" rel=\"nofollow noopener\" target=\"_blank\"><strong>Tom Cruise<\/strong><\/a>.<\/p>\n<p>Et depuis ce tournage, la jeune femme, aujourd&rsquo;hui \u00e2g\u00e9e de 30 ans, a particuli\u00e8rement \u00e9t\u00e9 g\u00e2t\u00e9 par le c\u00e9l\u00e8bre acteur. Invit\u00e9e sur le plateau de l&rsquo;\u00e9mission The Kelly Clarkson Show\u00a0ce mercredi 5 juin, <a href=\"https:\/\/www.grazia.fr\/people\/qui-est-dakota-fanning-297336.html#item=1\" rel=\"nofollow noopener\" target=\"_blank\">Dakota Fanning<\/a> a r\u00e9v\u00e9l\u00e9 que Tom Cruise lui avait offert, \u00e0 l&rsquo;\u00e9poque, <strong>son premier t\u00e9l\u00e9phone portable<\/strong> pour son anniversaire. Un Motorola Razr !<\/p>\n<p> Une belle attention <\/p>\n<p>Mais ce n&rsquo;est pas le seul cadeau qu&rsquo;elle a re\u00e7u de sa part&#8230; Loin de l\u00e0. \u00ab\u00a0<strong>Il m&rsquo;envoie toujours la m\u00eame chose chaque ann\u00e9e<\/strong>\u00ab\u00a0, a-t-elle r\u00e9v\u00e9l\u00e9. \u00ab\u00a0Quand j&rsquo;\u00e9tais petite, j&rsquo;aimais beaucoup les chaussures. J&rsquo;ai commenc\u00e9 \u00e0 pouvoir porter des petites chaussures pour adulte lorsque j&rsquo;\u00e9tais sur la tourn\u00e9e pour la promotion du film La\u00a0Guerre des mondes.J&rsquo;\u00e9tais tr\u00e8s excit\u00e9e ! Depuis cet anniversaire, il m&rsquo;envoie toujours <a href=\"https:\/\/www.grazia.fr\/mode\/shopping\/7-tendances-chaussures-qui-squatteront-tous-les-pieds-et-dans-lesquelles-investir-en-2024-1026666.html#item=1\" rel=\"nofollow noopener\" target=\"_blank\"><strong>des chaussures<\/strong><\/a>\u00ab\u00a0, a-t-elle ajout\u00e9.<\/p>\n<p>    Dakota Fanning : \u00ab\u00a0C&rsquo;est tellement attentionn\u00e9\u00a0\u00bb <\/p>\n<p>Un geste qui touche profond\u00e9ment l&rsquo;actrice. \u00ab\u00a0Il s&rsquo;en souvient chaque ann\u00e9e. Je me disais toujours : peut-\u00eatre que quand j&rsquo;aurai 18 ans ou 21 ans, il arr\u00eatera. Mais il y a quelques ann\u00e9es, il m&rsquo;a dit qu&rsquo;<strong>il aime bien prendre de mes nouvelles<\/strong>. C&rsquo;est tellement attentionn\u00e9 et j&rsquo;appr\u00e9cie beaucoup de geste\u00a0\u00bb, a-t-elle \u00e9galement d\u00e9clar\u00e9 \u00e0 Entertainment Tonight.<\/p>\n<p id=\"mntl-sc-block_16-0\" class=\"comp mntl-sc-block mntl-sc-block-html\">Le 23 f\u00e9vrier dernier, Dakota Fanning a f\u00eat\u00e9 <strong>ses 30 ans<\/strong> et a donc re\u00e7u ce fameux cadeau traditionnel de la part de Tom Cruise. Pour cette journ\u00e9e sp\u00e9ciale, la star am\u00e9ricaine a fait sensation dans une robe corset en satin, issue de la collection automne\/hiver 2024 de la maison Dolce &amp; Gabanna. \u00ab\u00a0Je suis tr\u00e8s reconnaissante pour toutes les opportunit\u00e9s que j&rsquo;ai en ce moment et que j&rsquo;ai eues par le pass\u00e9. Je veux me concentrer sur le fait d&rsquo;\u00eatre pr\u00e9sente et d&rsquo;en profiter, sans jamais me prendre la t\u00eate\u00a0\u00bb, a-t-elle \u00e9galement confi\u00e9. Preuve que l&rsquo;acteur Tom Cruise est de nature g\u00e9n\u00e9reuse&#8230;<\/p>\n<p>    A lire \u00e9galement :                  <\/p>\n","protected":false},"excerpt":{"rendered":"Il y a pr\u00e8s de 20 ans en arri\u00e8re, alors qu\u00a0\u00bbelle n&rsquo;avait que 11 ans, Dakota Fanning partageait&hellip;\n","protected":false},"author":2,"featured_media":419377,"comment_status":"","ping_status":"","sticky":false,"template":"","format":"standard","meta":{"footnotes":""},"categories":[1359],"tags":[58,59,1011,27,973,6055],"class_list":{"0":"post-419376","1":"post","2":"type-post","3":"status-publish","4":"format-standard","5":"has-post-thumbnail","7":"category-people","8":"tag-divertissement","9":"tag-entertainment","10":"tag-fr","11":"tag-france","12":"tag-people","13":"tag-republishing"},"share_on_mastodon":{"url":"https:\/\/pubeurope.com\/@fr\/115271675707169653","error":""},"_links":{"self":[{"href":"https:\/\/www.europesays.com\/fr\/wp-json\/wp\/v2\/posts\/419376","targetHints":{"allow":["GET"]}}],"collection":[{"href":"https:\/\/www.europesays.com\/fr\/wp-json\/wp\/v2\/posts"}],"about":[{"href":"https:\/\/www.europesays.com\/fr\/wp-json\/wp\/v2\/types\/post"}],"author":[{"embeddable":true,"href":"https:\/\/www.europesays.com\/fr\/wp-json\/wp\/v2\/users\/2"}],"replies":[{"embeddable":true,"href":"https:\/\/www.europesays.com\/fr\/wp-json\/wp\/v2\/comments?post=419376"}],"version-history":[{"count":0,"href":"https:\/\/www.europesays.com\/fr\/wp-json\/wp\/v2\/posts\/419376\/revisions"}],"wp:featuredmedia":[{"embeddable":true,"href":"https:\/\/www.europesays.com\/fr\/wp-json\/wp\/v2\/media\/419377"}],"wp:attachment":[{"href":"https:\/\/www.europesays.com\/fr\/wp-json\/wp\/v2\/media?parent=419376"}],"wp:term":[{"taxonomy":"category","embeddable":true,"href":"https:\/\/www.europesays.com\/fr\/wp-json\/wp\/v2\/categories?post=419376"},{"taxonomy":"post_tag","embeddable":true,"href":"https:\/\/www.europesays.com\/fr\/wp-json\/wp\/v2\/tags?post=419376"}],"curies":[{"name":"wp","href":"https:\/\/api.w.org\/{rel}","templated":true}]}}