{"id":419378,"date":"2025-09-26T17:02:13","date_gmt":"2025-09-26T17:02:13","guid":{"rendered":"https:\/\/www.europesays.com\/fr\/419378\/"},"modified":"2025-09-26T17:02:13","modified_gmt":"2025-09-26T17:02:13","slug":"soulages-une-autre-lumiere-parchemins-enneiges-au-musee-du-luxembourg-liberation","status":"publish","type":"post","link":"https:\/\/www.europesays.com\/fr\/419378\/","title":{"rendered":"\u00abSoulages, une autre lumi\u00e8re\u00bb, parchemins enneig\u00e9s au mus\u00e9e du Luxembourg &#8211; Lib\u00e9ration"},"content":{"rendered":"<ol>\n<li><a href=\"https:\/\/news.google.com\/rss\/articles\/CBMi1wFBVV95cUxQeXptS2ZPcHp2MXBzS2VhQ2c1VWwzQnZiQzVWUFdOS25INDNKT205amZUNkczRzFRZXdSV3FRYnJTMEdLYWNtYnd0V1FpeW03cDhsZ0c3SDNRSkRfSVhXMzRaUV9CR3ZLMDBpUzRIc2RVUDNTLTJ0TkdzU3RaZ3hRSkdxUG9kWF9MbkFKOVhxelVFSVpFbXgzdUp4X3ZZOFJfWmRad3V3WmUzaTRXbEkybFpETUR6QWFoU0cyaWR5YVpTVENybE5QMzZZVFRjUmpIZ0E3Y2pqbw?oc=5\" target=\"_blank\" rel=\"nofollow noopener\">\u00abSoulages, une autre lumi\u00e8re\u00bb, parchemins enneig\u00e9s au mus\u00e9e du Luxembourg<\/a>&nbsp;&nbsp;Lib\u00e9ration<\/li>\n<li><a href=\"https:\/\/news.google.com\/rss\/articles\/CBMipAFBVV95cUxOQ01RdThKa0NiQlBnaTMyR0UzN0xSeGFSZmNTVnVzSTB1QWhGeUFyZFVZTVR4QTJCZHZTenJ5eHB3cmNOb1lJT1Y2d29ZeDZJVGFscUY4NWtVUzA0SW9PRUlSeDc3ZEZnLUtTeEh4OVFEa3V4cmlpTXNvS3lKVDJCSG1IbzRacFF4OHBYVl9pYXRsVjRwRGxPRmFYR3pjLWJ1UWFncg?oc=5\" target=\"_blank\" rel=\"nofollow noopener\">Expo Pierre Soulages au mus\u00e9e du Luxembourg<\/a>&nbsp;&nbsp;Les Echos<\/li>\n<li><a href=\"https:\/\/news.google.com\/rss\/articles\/CBMiywFBVV95cUxOR0RjRG1ZaDJvaFF3YWoyNlptaTZrak9pMWYtS0VUN2YzWTBXQmZjUnpVODF2eXRRdmU1QUhaRjBvU1RGWGszZ3NzNTVrY05BYW0tdmkyV0dDRklldlJmRzdCZTNmTjJGTGNLeFFUNGIzY3NwM184M1p1U0lrVjZWV1FIV0p4T1BGc1l2UFpoSy1Za0Y2U19FMzhSUWxZTW13bEZKXzk4MjFrQ3JXLU1wOEFzR1BlMV94R0hqUlh0alNvbGVxNFV4UUt2cw?oc=5\" target=\"_blank\" rel=\"nofollow noopener\">Critique expo : Pierre Soulages au Mus\u00e9e du Luxembourg, le vertige du geste dans \u00ab\u00a0Une autre lumi\u00e8re\u00a0\u00bb<\/a>&nbsp;&nbsp;Radio France<\/li>\n<li><a href=\"https:\/\/news.google.com\/rss\/articles\/CBMimAFBVV95cUxQSFJKazdtY2xQSTBIQmpXLVVRUjZ4LTQ4Y1U3UGRIS01OVURoUlNWUDdVMThKeEdvYkpxbndOWWpBNUJ3QTBXWG9zNEozUm5raEYxdVlhTzJwTzFxYmIyeGU2aC1KTlQtenZ5OG9sQWlXVExmbFBlaEdhOW9hbEpkNjNqZU82VGxWQUV2OWxvYS00RjBlY0NiNw?oc=5\" target=\"_blank\" rel=\"nofollow noopener\">Pierre Soulages : Le chercheur de lumi\u00e8re par l\u2019\u0153uvre au noir<\/a>&nbsp;&nbsp;Diacritik<\/li>\n<li><a href=\"https:\/\/news.google.com\/rss\/articles\/CBMimwFBVV95cUxOVHlQdEJ2Vk1rYTZxbTBYcDl3c25zMS1pbXRSX3kxdTFMVDJnTlpnSXBPZ3lUX2RycXdpZW5UcWJFQmgxQmZWOXlFcm12YjVleWZYanV3WWo3R2pLTFhvQ3FGZGVJa2VOekc5cnhyb2I3ZV95U01qb09PbmJaZ0ZiT2tOT0FrRk9tVk1qaFRpTlBMTDBla3RkQUJySQ?oc=5\" target=\"_blank\" rel=\"nofollow noopener\">Soulages, une autre lumi\u00e8re. Peintures sur papier<\/a>&nbsp;&nbsp;Le Soir<\/li>\n<\/ol>\n","protected":false},"excerpt":{"rendered":"\u00abSoulages, une autre lumi\u00e8re\u00bb, parchemins enneig\u00e9s au mus\u00e9e du Luxembourg&nbsp;&nbsp;Lib\u00e9ration Expo Pierre Soulages au mus\u00e9e du Luxembourg&nbsp;&nbsp;Les Echos&hellip;\n","protected":false},"author":2,"featured_media":419379,"comment_status":"","ping_status":"","sticky":false,"template":"","format":"standard","meta":{"footnotes":""},"categories":[1358],"tags":[1348,1384,1385,1386,58,59,1011,27],"class_list":{"0":"post-419378","1":"post","2":"type-post","3":"status-publish","4":"format-standard","5":"has-post-thumbnail","7":"category-arts-et-design","8":"tag-arts","9":"tag-arts-and-design","10":"tag-arts-et-design","11":"tag-design","12":"tag-divertissement","13":"tag-entertainment","14":"tag-fr","15":"tag-france"},"share_on_mastodon":{"url":"https:\/\/pubeurope.com\/@fr\/115271679856040114","error":""},"_links":{"self":[{"href":"https:\/\/www.europesays.com\/fr\/wp-json\/wp\/v2\/posts\/419378","targetHints":{"allow":["GET"]}}],"collection":[{"href":"https:\/\/www.europesays.com\/fr\/wp-json\/wp\/v2\/posts"}],"about":[{"href":"https:\/\/www.europesays.com\/fr\/wp-json\/wp\/v2\/types\/post"}],"author":[{"embeddable":true,"href":"https:\/\/www.europesays.com\/fr\/wp-json\/wp\/v2\/users\/2"}],"replies":[{"embeddable":true,"href":"https:\/\/www.europesays.com\/fr\/wp-json\/wp\/v2\/comments?post=419378"}],"version-history":[{"count":0,"href":"https:\/\/www.europesays.com\/fr\/wp-json\/wp\/v2\/posts\/419378\/revisions"}],"wp:featuredmedia":[{"embeddable":true,"href":"https:\/\/www.europesays.com\/fr\/wp-json\/wp\/v2\/media\/419379"}],"wp:attachment":[{"href":"https:\/\/www.europesays.com\/fr\/wp-json\/wp\/v2\/media?parent=419378"}],"wp:term":[{"taxonomy":"category","embeddable":true,"href":"https:\/\/www.europesays.com\/fr\/wp-json\/wp\/v2\/categories?post=419378"},{"taxonomy":"post_tag","embeddable":true,"href":"https:\/\/www.europesays.com\/fr\/wp-json\/wp\/v2\/tags?post=419378"}],"curies":[{"name":"wp","href":"https:\/\/api.w.org\/{rel}","templated":true}]}}