{"id":419380,"date":"2025-09-26T17:03:26","date_gmt":"2025-09-26T17:03:26","guid":{"rendered":"https:\/\/www.europesays.com\/fr\/419380\/"},"modified":"2025-09-26T17:03:26","modified_gmt":"2025-09-26T17:03:26","slug":"sophie-de-closets-peu-de-maisons-ont-la-chance-de-celebrer-leurs-150-ans","status":"publish","type":"post","link":"https:\/\/www.europesays.com\/fr\/419380\/","title":{"rendered":"Sophie de Closets : \u00ab\u00a0Peu de maisons ont la chance de c\u00e9l\u00e9brer leurs 150\u00a0ans\u00a0\u00bb"},"content":{"rendered":"<p><strong>Livres Hebdo : Que repr\u00e9sentent les 150 ans de Flammarion pour la maison et\u00a0pour vous\u00a0? Et qu&rsquo;est-ce qu&rsquo;organise la maison \u00e0 cette occasion\u00a0?<\/strong><\/p>\n<p><strong>Sophie de Closets :\u00a0<\/strong>Peu de maisons ont la chance de c\u00e9l\u00e9brer un tel anniversaire ! Flammarion a \u00e9t\u00e9 fond\u00e9e par <strong>Ernest Flammarion<\/strong>, en association avec un libraire, <strong>Charles Marpon<\/strong>, et son histoire comme son catalogue sont d&rsquo;une richesse impressionnante. C&rsquo;est une maison qui, tout au long de son existence, est tr\u00e8s tourn\u00e9e vers la nouveaut\u00e9 et valorise son fonds notamment \u00e0 travers ses grandes collections de poches, comme \u00ab\u00a0Champs\u00a0\u00bb ou \u00ab\u00a0GF\u00a0\u00bb, et son fonds jeunesse avec \u00ab\u00a0Les albums du P\u00e8re Castor\u00a0\u00bb, notamment. Pour mettre en avant les p\u00e9pites que rec\u00e8le le fonds Flammarion, nous avons r\u00e9\u00e9dit\u00e9 dans une collection anniversaire des titres embl\u00e9matiques et anciens parus au sein de la maison et refl\u00e9tant sa grande diversit\u00e9, de <strong>Colette <\/strong>\u00e0 <strong>Fernand Braudel<\/strong>, d&rsquo;<strong>Alberto Moravia <\/strong>\u00e0 <strong>Fran\u00e7ois Mitterrand<\/strong>, ou encore <strong>Paul Bocuse<\/strong>. Pour f\u00eater cet anniversaire, nous avons choisi d&rsquo;organiser deux \u00e9v\u00e9nements.<\/p>\n<p>          Sophie de Closets- Photo OLIVIER DION<\/p>\n<p>Pour t\u00e9l\u00e9charger ce document, vous devez d&rsquo;abord acheter l&rsquo;article correspondant.<\/p>\n<p>D&rsquo;abord au mois de septembre, l&rsquo;exposition Le savant et l&rsquo;\u00e9diteur \u00e0 la Galerie Gallimard (Paris VIIe), con\u00e7ue par <strong>Alban\u00a0Cerisier<\/strong> et son \u00e9quipe, retrace les d\u00e9buts de la maison et pr\u00e9sente pour la premi\u00e8re fois de fabuleuses illustrations originales publi\u00e9es dans des livres de <strong>Camille Flammarion<\/strong>. Lorsqu&rsquo;Ernest Flammarion, libraire, fonde sa maison d&rsquo;\u00e9dition, la France conna\u00eet un essor de la lecture, de l&rsquo;instruction publique et du savoir. Son fr\u00e8re Camille, l&rsquo;astronome le plus c\u00e9l\u00e8bre de son \u00e9poque et dont on comm\u00e9more cette ann\u00e9e le centenaire de la mort, publie d\u00e8s 1879 l&rsquo;Astronomie populaire et de nombreux livres de science qui ont un succ\u00e8s retentissant. Pour atteindre le grand public, le savoir doit plaire et l&rsquo;illustration contribue beaucoup \u00e0 cette diffusion. Il nous paraissait int\u00e9ressant de c\u00e9l\u00e9brer ce souci de diffuser dans la joie et la beaut\u00e9 le savoir aujourd&rsquo;hui, alors que la science et l&rsquo;expertise sont malheureusement tr\u00e8s contest\u00e9es. C&rsquo;est ce moment historique que retrace aussi l&rsquo;historienne <strong>Elsa Courant <\/strong>dans un livre paru chez Flammarion en septembre dont le titre sonne comme un manifeste\u00a0: Faire r\u00eaver le monde.<\/p>\n<p>Et, deuxi\u00e8me temps fort de notre anniversaire, nous organisons un festival r\u00e9unissant plus de 40 auteurs publi\u00e9s par Flammarion qui vont rencontrer le public au cours du week-end du 18 et 19\u00a0octobre prochain, \u00e0 Deauville. Le Fameux Festival se tiendra aux Franciscaines, un lieu multiculturel qui accueillera des d\u00e9bats, des ateliers, des s\u00e9ances de d\u00e9dicace et m\u00eame un bal litt\u00e9raire. Aller \u00e0 la rencontre des lecteurs et leur proposer d&rsquo;entendre, de rencontrer nos auteurs, de d\u00e9battre, c&rsquo;est une mani\u00e8re de s&rsquo;inscrire dans l&rsquo;h\u00e9ritage de Flammarion\u00a0: rendre le savoir et l&rsquo;imaginaire joyeusement accessibles \u00e0 tous, rappeler sans rel\u00e2che que les exp\u00e9riences de lecture sont des exp\u00e9riences exaltantes et enthousiasmantes.<\/p>\n<p><strong>Votre boussole demeure-t-elle\u00a0: \u00ab\u00a0Sommes-nous assez exigeants et grand public\u00a0\u00bb\u00a0?<\/strong><\/p>\n<p>Exigeants, oui, mais pas au sens d&rsquo;\u00e9litiste. Au contraire. Notre exigence, c&rsquo;est de publier des textes de grande qualit\u00e9 et de les mettre dans les mains du plus grand nombre. La libert\u00e9 et l&rsquo;ind\u00e9pendance, dont nous avons l&rsquo;immense chance de disposer au sein du groupe Madrigall, sont au service d&rsquo;une tr\u00e8s grande diversit\u00e9 avec comme seule fronti\u00e8re notre imagination.<\/p>\n<p>          Biographie<\/p>\n<p><strong>2001 :\u00a0<\/strong>DEA d&rsquo;histoire contemporaine et r\u00e9daction du m\u00e9moire\u00a0Quand la t\u00e9l\u00e9vision aimait les \u00e9crivains :\u00a0\u00ab lectures pour tous\u00a0\u00bb\u00a0(1953-1968) \u00e0 l&rsquo;Institut d&rsquo;\u00e9tudes politiques de Paris. Obtention du prix d&rsquo;encouragement \u00e0 la recherche de l&rsquo;Institut national de l&rsquo;audiovisuel.<\/p>\n<p><strong>2004\u00a0<\/strong>: Sophie de Closets rejoint Fayard en tant qu&rsquo;assistante d&rsquo;\u00e9dition.\u00a0<\/p>\n<p><strong>2014 :\u00a0<\/strong>Sophie de Closets est nomm\u00e9e directrice de Fayard apr\u00e8s deux ans en tant que directrice litt\u00e9raire charg\u00e9e de la non-fiction, et un an \u00e0 la direction \u00e9ditoriale.<\/p>\n<p><strong>2022 :\u00a0<\/strong>Nomination au poste de pr\u00e9sidente-directrice g\u00e9n\u00e9rale des \u00e9ditions Flammarion.\u00a0<\/p>\n<p>\u00a0<\/p>\n<p>Pour t\u00e9l\u00e9charger ce document, vous devez d&rsquo;abord acheter l&rsquo;article correspondant.<\/p>\n<p><strong>\u00ab\u00a0<\/strong>Les enqu\u00eates peuvent jouer un r\u00f4le soci\u00e9tal\u00a0<strong>\u00bb<\/strong><\/p>\n<p><strong>Parmi vos republications, on retrouve Paul Bocuse ou Colette, mais aussi Vladimir Jank\u00e9l\u00e9vitch ou Fernand Braudel. Pourrait-on aujourd&rsquo;hui faire des succ\u00e8s avec des livres aussi pointus\u00a0?<\/strong><\/p>\n<p>C&rsquo;est un peu un poncif de d\u00e9plorer l&rsquo;\u00e2ge d&rsquo;or des sciences humaines, de penser qu&rsquo;il est derri\u00e8re nous. Dans les ann\u00e9es 1960 \u00e0 1980, <strong>Michel Foucault <\/strong>et <strong>Emmanuel Le Roy Ladurie<\/strong> faisaient l&rsquo;actualit\u00e9 et certains de leurs livres caracolaient au sommet des best-sellers. Aujourd&rsquo;hui, du fait de la place pr\u00e9pond\u00e9rante des \u00e9crans, la structure du d\u00e9bat public et sa polarisation renforc\u00e9e par les r\u00e9seaux sociaux, l&rsquo;acc\u00e9l\u00e9ration de nos vies, l&rsquo;\u00e9poque a h\u00e9las beaucoup chang\u00e9.<\/p>\n<p>Ce n&rsquo;est pas pour autant que nous avons d\u00e9sert\u00e9 les sciences humaines, bien au contraire\u00a0! Et souvent avec succ\u00e8s\u00a0: depuis le d\u00e9but de l&rsquo;ann\u00e9e, \u00c8ve de <strong>Cat Bohannon<\/strong>, une histoire de l&rsquo;humanit\u00e9 \u00e0 travers l&rsquo;\u00e9volution du corps f\u00e9minin, s&rsquo;est vendu \u00e0 15\u00a0000 exemplaires. Parler avec sa m\u00e8re, essai de philosophie \u00e9thique de <strong>Maxime Rov\u00e8re\u00a0<\/strong>; Le monde confisqu\u00e9 de l&rsquo;historien <strong>Arnaud Orain\u00a0<\/strong>ou Vivre avec les hommes. R\u00e9flexions sur le proc\u00e8s Pelicot de la philosophe <strong>Manon Garcia<\/strong> atteignent ou d\u00e9passent 10\u00a0000 ventes. Et <strong>Didier Eribon<\/strong> est traduit dans vingt langues. C\u00f4t\u00e9 documents, le succ\u00e8s de La meute de <strong>Charlotte Bela\u00efch<\/strong> et <strong>Olivier P\u00e9rou <\/strong>ou des livres de <strong>Jimmy Mohamed <\/strong>d\u00e9montrent notre dynamisme. Une enqu\u00eate sur un parti politique qui fait 120\u00a0000 ventes, c&rsquo;est rare mais r\u00e9jouissant.<\/p>\n<p><strong>Pourtant,\u00a0Les ogres de Victor Castanet s&rsquo;est beaucoup moins bien vendu que Les fossoyeurs, son pr\u00e9c\u00e9dent livre, que vous aviez publi\u00e9 chez Fayard.\u00a0<\/strong><\/p>\n<p>Un succ\u00e8s comme celui des Fossoyeurs, qui s&rsquo;est vendu \u00e0 pr\u00e8s de 300\u00a0000 exemplaires, a re\u00e7u cinq prix, a contribu\u00e9 \u00e0 changer la soci\u00e9t\u00e9, c&rsquo;est quand m\u00eame assez rare, non\u00a0? Nous sommes tr\u00e8s fiers d&rsquo;avoir publi\u00e9 Les ogres, l&rsquo;enqu\u00eate de Victor Castanet sur les cr\u00e8ches priv\u00e9es, qui para\u00eet ces jours-ci en poche chez J&rsquo;ai lu et s&rsquo;est d\u00e9j\u00e0 vendu \u00e0 pr\u00e8s de 30 000 exemplaires. Le livre, dont les droits d&rsquo;adaptation audiovisuelle ont \u00e9t\u00e9 c\u00e9d\u00e9s avant parution, a permis de porter le sujet devant l&rsquo;Assembl\u00e9e nationale, de favoriser le vote d&rsquo;une loi pour mieux contr\u00f4ler le secteur et, je l&rsquo;esp\u00e8re, a aid\u00e9 \u00e0 changer les choses.<\/p>\n<p><strong>Les livres de Victor Castanet, notamment, posent la question du r\u00f4le social de l&rsquo;\u00e9diteur.<\/strong><\/p>\n<p>Tout \u00e9diteur, tout acteur de la cha\u00eene du livre ne peut \u00eatre que convaincu du r\u00f4le social indispensable de la lecture. Surtout quand le savoir, la nuance, le temps long, l&rsquo;attention sont tellement menac\u00e9s. Les enqu\u00eates peuvent jouer un r\u00f4le soci\u00e9tal, et amener dans le d\u00e9bat public des dysfonctionnements, r\u00e9v\u00e9ler et analyser des faces obscures de notre soci\u00e9t\u00e9 ou de pouvoirs divers. Pardon de vous dire \u00e7a \u00e0 vous, journaliste, mais la presse a de moins en moins les moyens de financer des enqu\u00eates au long cours et les lieux o\u00f9 l&rsquo;ind\u00e9pendance et la libert\u00e9 sont garanties se rar\u00e9fient.<\/p>\n<p>Nous avons la chance rare d&rsquo;appartenir \u00e0 un groupe ind\u00e9pendant dirig\u00e9 par <strong>Antoine Gallimard<\/strong>, qui nous permet d&rsquo;offrir cette libert\u00e9 \u00e0 nos auteurs. Et ce n&rsquo;est pas une mission incompatible avec notre souci de la rentabilit\u00e9\u00a0: si l&rsquo;enqu\u00eate est bonne, publi\u00e9e au bon moment, elle rencontre l&rsquo;int\u00e9r\u00eat des lecteurs et ouvre un d\u00e9bat. On vient d&rsquo;\u00e9voquer La meute ou Les ogres, on pourrait citer aussi Les juges et l&rsquo;assassin de <strong>G\u00e9rard Davet<\/strong> et<strong> Fabrice Lhomme<\/strong>, ce sont tous des succ\u00e8s de librairie.<\/p>\n<p>Se renouveler apr\u00e8s\u00a0<a href=\"https:\/\/www.livreshebdo.fr\/article\/flammarion-150-ans-dedition-en-prise-avec-lesprit-du-temps\" target=\"_blank\" rel=\"noopener\">150 ans<\/a>\u00a0<\/p>\n<p><strong>Comment souhaitez-vous faire \u00e9voluer la litt\u00e9rature chez Flammarion \u00e0 l&rsquo;avenir\u00a0?<\/strong><\/p>\n<p>Flammarion a toujours \u00e9t\u00e9 aussi une maison de litt\u00e9rature, accueillant une grande diversit\u00e9 d&rsquo;auteurs, certains -s&rsquo;adressant davantage au grand public comme <strong>Virginie Grimaldi <\/strong>ou <strong>Gilles Legardinier <\/strong>aujourd&rsquo;hui, d&rsquo;autres \u00e9tant pr\u00e9sents dans notre catalogue depuis des d\u00e9cennies, comme <strong>Michel Houellebecq<\/strong>, <strong>Christine Angot<\/strong>, <strong>Catherine Millet <\/strong>ou <strong>Yasmina Reza<\/strong>. Depuis une dizaine d&rsquo;ann\u00e9es, <strong>Alix Penent<\/strong>, directrice \u00e9ditoriale de la litt\u00e9rature fran\u00e7aise, continue \u00e0 construire ce catalogue et y a fait entrer une g\u00e9n\u00e9ration d&rsquo;auteurs \u00e0 l&rsquo;image d&rsquo;<strong>Olivier Adam<\/strong>, <strong>Alice Zeniter <\/strong>et tant d&rsquo;autres. Elle continue \u00e0 faire \u00e9merger de nouvelles voix qui se sont impos\u00e9es dans des genres et des \u00e9coles diff\u00e9rentes,<strong> Rapha\u00ebl Quenard<\/strong> au printemps, <strong>Victor Jestin<\/strong> ou <strong>Gabrielle de Tournemire<\/strong> dans cette rentr\u00e9e. Nous avons donc la chance de publier nombre de romanciers formidables. Ce qui me pr\u00e9occupe, ce n&rsquo;est pas l&rsquo;offre \u00e9ditoriale, mais plut\u00f4t la place de la litt\u00e9rature dans les m\u00e9dias et les points de vente. L&rsquo;explosion de l&rsquo;offre r\u00e9duit les mises en place&#8230; Les temps sont rudes pour les libraires.<\/p>\n<p>Comment faire pour que la jeune g\u00e9n\u00e9ration, qui lit manifestement beaucoup, passe de la romantasy de <strong>Rebecca Yarros<\/strong> aux livres de <strong>Brigitte Giraud<\/strong> ou de <strong>Vanessa Schneider<\/strong>\u00a0? Comment \u00e9largir le d\u00e9sir, la curiosit\u00e9 des lecteurs, quels sont les moyens efficaces de prescription dans un monde o\u00f9 se renforce le poids des r\u00e9seaux sociaux, o\u00f9 l&rsquo;actualit\u00e9 est plus intense et paroxystique que n&rsquo;importe quelle s\u00e9rie Netflix\u00a0? Le march\u00e9 du livre a souffert du d\u00e9but de la pr\u00e9sidence Trump, j&rsquo;ai moi-m\u00eame pass\u00e9 trois semaines atterr\u00e9e en regardant les m\u00e9dias \u00e0 chaque alerte de mon t\u00e9l\u00e9phone. Comment pr\u00e9server une disponibilit\u00e9 d&rsquo;esprit indispensable pour ouvrir la porte d&rsquo;une librairie et se laisser surprendre par un livre dont on ignorait l&rsquo;existence jusque-l\u00e0\u00a0?\u00a0<\/p>\n<p><strong>Les droits audiovisuels repr\u00e9sentent-ils une part croissante de votre chiffre d&rsquo;affaires\u00a0?<\/strong><\/p>\n<p>Nous vivons \u00e0 une \u00e9poque qui manifeste un immense besoin d&rsquo;histoires. Alors, oui, le chiffre d&rsquo;affaires des cessions de droit est en hausse. Mais notre mission, notre m\u00e9tier, est avant tout d&rsquo;\u00eatre et de rester des \u00e9diteurs, et nous croyons toujours \u00e0 l&rsquo;avenir du livre.\u00a0<\/p>\n<p><strong>Les m\u00e9dias demeurent-ils des partenaires fiables dans la promotion du livre\u00a0?<\/strong><\/p>\n<p>La vie paraissait plus simple de ce point de vue il y a trente ou quarante ans, on pouvait se dire\u00a0: \u00ab\u00a0l&rsquo;auteur est invit\u00e9 chez Bernard Pivot, il a un bon article dans Le Monde. C&rsquo;est bien parti, on r\u00e9imprime&#8230;\u00a0\u00bb Ce n&rsquo;est plus le cas aujourd&rsquo;hui, m\u00eame si les m\u00e9dias sont \u00e9videmment toujours indispensables. D\u00e9sormais, on en demande beaucoup aux auteurs\u00a0: multiplier les rencontres, les salons, \u00eatre pr\u00e9sent sur les r\u00e9seaux sociaux&#8230; Les modes de prescription sont de plus en plus \u00e9clat\u00e9s et divers. Il faut d\u00e9multiplier nos efforts et notre \u00e9nergie pour faire conna\u00eetre nos livres par tous les moyens, il n&rsquo;y a plus de martingale.<\/p>\n<p>Multiplier les initiatives<\/p>\n<p><strong>Brigitte Giraud a re\u00e7u le prix Goncourt en 2022 pour Vivre vite, publi\u00e9 chez vous. Mais cette ann\u00e9e, vous n&rsquo;avez aucun roman sur cette liste, m\u00eame si vous \u00eates tr\u00e8s pr\u00e9sents sur d&rsquo;autres, notamment celle du Renaudot. Quelle est votre politique en mati\u00e8re de prix\u00a0?<\/strong><\/p>\n<p>Je ne suis pas s\u00fbre de savoir ce qu&rsquo;est une \u00ab\u00a0politique en mati\u00e8re de prix\u00a0\u00bb. \u00c9videmment, nous esp\u00e9rons toujours que nos livres parus \u00e0 la rentr\u00e9e soient c\u00e9l\u00e9br\u00e9s et distingu\u00e9s, la rentr\u00e9e litt\u00e9raire est un moment d&rsquo;exaltation et d&rsquo;angoisse pour tout le monde. Les \u00e9diteurs \u00e9trangers sont parfois perplexes quand on leur explique le concept de \u00ab\u00a0rentr\u00e9e\u00a0\u00bb\u00a0: pr\u00e8s de 500 romans publi\u00e9s dans un laps de temps tr\u00e8s court, \u00e0 un des moments de l&rsquo;ann\u00e9e o\u00f9 les lecteurs ont le moins de temps pour lire. Et pourtant, cette fameuse rentr\u00e9e suscite une curiosit\u00e9 et une attention pour la litt\u00e9rature tout \u00e0 fait exceptionnelles, chez les libraires comme pour les m\u00e9dias et le public\u00a0: chacun attend une r\u00e9v\u00e9lation, une surprise, une confirmation. Finalement, c&rsquo;est plut\u00f4t exaltant.<\/p>\n<p><strong>Vous d\u00e9veloppez \u00e9galement une offre de spectacles autour de vos auteurs.<\/strong><\/p>\n<p>Nous cherchons d&rsquo;autres moyens de faire venir les gens vers nos auteurs et autrices, vers leurs textes et l&rsquo;app\u00e9tence pour l&rsquo;exp\u00e9rience live est tr\u00e8s forte. Au printemps dernier a \u00e9t\u00e9 cr\u00e9\u00e9e \u00ab\u00a0Une bonne compagnie\u00a0\u00bb, une filiale de Madrigall qui s&rsquo;est associ\u00e9 \u00e0 Asterios, entreprise de spectacles dirig\u00e9e par <strong>Olivier Poubelle<\/strong>, pr\u00e9cis\u00e9ment dans ce but\u00a0: proposer des rendez-vous r\u00e9guliers sur sc\u00e8ne, o\u00f9 nos auteurs pourraient se produire, donner la parole aux livres en quelque sorte. Les formats possibles sont tr\u00e8s ouverts et nous avons plusieurs projets en cours. On a d\u00e9j\u00e0 rempli l&rsquo;Olympia avec <strong>Xavier Niel <\/strong>l&rsquo;an dernier, lors de la parution de son autobiographie, ou produit un spectacle \u00e9crit par <strong>La Rata<\/strong>, artiste queer militante, \u00e0 l&rsquo;occasion de la parution de son livre Give it to me\u00a0!,\u00a0une contre-histoire f\u00e9ministe et engag\u00e9e de la pop. C&rsquo;est cette m\u00eame ambition qui nous a conduits \u00e0 imaginer notre Fameux Festival \u00e0 Deauville.<\/p>\n<p><strong>Hachette ou Editis ont fait de gros investissements dans la distribution et la diffusion ces derni\u00e8res ann\u00e9es. Qu&rsquo;en est-il d&rsquo;UD, qui vous distribue\u00a0?<\/strong><\/p>\n<p>Je suis tr\u00e8s satisfaite d&rsquo;UD et de notre diffusion. Preuve en est, le succ\u00e8s grandissant de Virginie Grimaldi, dont les livres en grand format sont pass\u00e9s, il y a trois ans quand elle a rejoint Flammarion, de la diffusion-distribution Hachette \u00e0 la n\u00f4tre. Les ventes, avec son dernier roman Les heures fragiles\u00a0paru en mai dernier, ont presque doubl\u00e9.<\/p>\n<p><strong>Un des plus gros enjeux de 2026 pour votre maison est le livre de Gis\u00e8le Pelicot. Que pouvez-vous nous en dire\u00a0?\u00a0<\/strong><\/p>\n<p>Le livre s&rsquo;appelle Et la joie de vivre, il est \u00e9crit avec <strong>Judith Perrignon<\/strong>, qui est une journaliste et romanci\u00e8re de grand talent. J&rsquo;en ai lu plus de la moiti\u00e9 d\u00e9j\u00e0 et c&rsquo;est un texte vraiment exceptionnel, un r\u00e9cit litt\u00e9raire d&rsquo;une sinc\u00e9rit\u00e9 et d&rsquo;une puissance bouleversantes. Il b\u00e9n\u00e9ficiera d&rsquo;une sortie dans presque vingt pays en f\u00e9vrier 2026, avec, pour la France, un tirage autour de 150 000 exemplaires.<\/p>\n<p>Si \u00ab\u00a0l&rsquo;\u00e9diteur a un r\u00f4le social\u00a0\u00bb, si\u00a0\u00ab\u00a0pour atteindre le grand public, le savoir doit plaire\u00a0\u00bb,\u00a0en voici l&rsquo;illustration en 304 pages revenant sur un si\u00e8cle et demi d&rsquo;histoire \u00e0 travers le livre par l&rsquo;historien Pascal Fouch\u00e9. Flammarion. 150 ans d&rsquo;\u00e9dition et de librairie, Pascal Fouch\u00e9 avec la collaboration d&rsquo;Alban Cerisier, Flammarion (2025), 304 p. avec illustr., 36 \u20ac<\/p>\n<p><img decoding=\"async\" alt=\"Flammarion\" data-entity-type=\"file\" data-entity-uuid=\"3d54d487-b93c-48a1-9054-f4e13e2fea6f\" src=\"https:\/\/www.europesays.com\/fr\/wp-content\/uploads\/2025\/09\/flammarion.jpg\"\/><\/p>\n<p>Pour t\u00e9l\u00e9charger ce document, vous devez d&rsquo;abord acheter l&rsquo;article correspondant.<\/p>\n","protected":false},"excerpt":{"rendered":"Livres Hebdo : Que repr\u00e9sentent les 150 ans de Flammarion pour la maison et\u00a0pour vous\u00a0? Et qu&rsquo;est-ce qu&rsquo;organise&hellip;\n","protected":false},"author":2,"featured_media":419381,"comment_status":"","ping_status":"","sticky":false,"template":"","format":"standard","meta":{"footnotes":""},"categories":[1357],"tags":[1379,58,59,1011,27,1380],"class_list":{"0":"post-419380","1":"post","2":"type-post","3":"status-publish","4":"format-standard","5":"has-post-thumbnail","7":"category-livres","8":"tag-books","9":"tag-divertissement","10":"tag-entertainment","11":"tag-fr","12":"tag-france","13":"tag-livres"},"share_on_mastodon":{"url":"https:\/\/pubeurope.com\/@fr\/115271684165418558","error":""},"_links":{"self":[{"href":"https:\/\/www.europesays.com\/fr\/wp-json\/wp\/v2\/posts\/419380","targetHints":{"allow":["GET"]}}],"collection":[{"href":"https:\/\/www.europesays.com\/fr\/wp-json\/wp\/v2\/posts"}],"about":[{"href":"https:\/\/www.europesays.com\/fr\/wp-json\/wp\/v2\/types\/post"}],"author":[{"embeddable":true,"href":"https:\/\/www.europesays.com\/fr\/wp-json\/wp\/v2\/users\/2"}],"replies":[{"embeddable":true,"href":"https:\/\/www.europesays.com\/fr\/wp-json\/wp\/v2\/comments?post=419380"}],"version-history":[{"count":0,"href":"https:\/\/www.europesays.com\/fr\/wp-json\/wp\/v2\/posts\/419380\/revisions"}],"wp:featuredmedia":[{"embeddable":true,"href":"https:\/\/www.europesays.com\/fr\/wp-json\/wp\/v2\/media\/419381"}],"wp:attachment":[{"href":"https:\/\/www.europesays.com\/fr\/wp-json\/wp\/v2\/media?parent=419380"}],"wp:term":[{"taxonomy":"category","embeddable":true,"href":"https:\/\/www.europesays.com\/fr\/wp-json\/wp\/v2\/categories?post=419380"},{"taxonomy":"post_tag","embeddable":true,"href":"https:\/\/www.europesays.com\/fr\/wp-json\/wp\/v2\/tags?post=419380"}],"curies":[{"name":"wp","href":"https:\/\/api.w.org\/{rel}","templated":true}]}}