{"id":419384,"date":"2025-09-26T17:05:21","date_gmt":"2025-09-26T17:05:21","guid":{"rendered":"https:\/\/www.europesays.com\/fr\/419384\/"},"modified":"2025-09-26T17:05:21","modified_gmt":"2025-09-26T17:05:21","slug":"pierre-perret-cest-fini","status":"publish","type":"post","link":"https:\/\/www.europesays.com\/fr\/419384\/","title":{"rendered":"Pierre Perret : c&rsquo;est fini"},"content":{"rendered":"<p>Tous les matins, les \u00e9quipes de \u00ab\u00a0T\u00e9l\u00e9matin\u00a0\u00bb accueillent en fin d&rsquo;\u00e9mission une personnalit\u00e9 venue faire la promotion d&rsquo;un film, d&rsquo;une pi\u00e8ce de th\u00e9\u00e2tre, d&rsquo;une s\u00e9rie ou encore d&rsquo;un album. C&rsquo;est exactement pour cette raison que <strong>Pierre Perret a \u00e9t\u00e9 convi\u00e9 sur le plateau de France 2 ce 26 septembre<\/strong>. A 91 ans, <a href=\"https:\/\/www.public.fr\/karima-charni-sinvite-dans-la-maison-de-pierre-perret-et-decouvre-sa-collection-insolite-qui-prend-beaucoup-de-place\" target=\"_blank\" rel=\"noopener\">l&rsquo;artiste<\/a> semble infatigable. Rendez-vous compte&#8230; Il c\u00e9l\u00e8bre cette ann\u00e9e ses <strong>70 ans de carri\u00e8re<\/strong> et, pour l&rsquo;occasion, il a d\u00e9cid\u00e9 de sortir <strong>un triple album intitul\u00e9 Une vie d\u2019humour et de tendresse <\/strong>qui regroupe ses plus grands tubes.<\/p>\n<p>Et autant dire qu&rsquo;il y en a un paquet. Pierre Perret est devenu<strong> un monument de la chanson fran\u00e7aise<\/strong>. Certaines de ses chansons sont apprises par les plus jeunes \u00e0 l&rsquo;\u00e9cole. Des \u00e9coles, <strong>il y en a m\u00eame 45 qui portent son nom<\/strong> aujourd&rsquo;hui. Les chiffres ont de quoi faire tourner la t\u00eate. En 70 ans de carri\u00e8re,<a href=\"https:\/\/www.public.fr\/pierre-perret-derape-face-a-la-candidate-aux-europeennes-rima-hassan-en-tes-veines-depourvues-de-sang-circule-un-jus-nauseabond\" target=\"_blank\" rel=\"noopener\"> le natif du Tarn-et-Garonne<\/a> a sorti <strong>trente albums studio <\/strong>et compos\u00e9 et\/ou interpr\u00e9t\u00e9 <strong>480 chansons<\/strong>. Rien que \u00e7a ! Parmi ses titres les plus m\u00e9morables, on peut citer notamment Lili, Les jolies colonies de vacances ou encore Le Zizi.<\/p>\n<p>A l&rsquo;occasion de cet entretien, Samuel Ollivier a alors demand\u00e9 \u00e0 <a href=\"https:\/\/www.public.fr\/a-90-ans-pierre-perret-met-fin-a-sa-carriere-quand-je-vois-ce-qui-arrive-a-arditi\" target=\"_blank\" rel=\"noopener\">son invit\u00e9<\/a> s&rsquo;il envisageait de<strong> retourner sur sc\u00e8ne<\/strong>. \u201cOn aimerait vous revoir aussi en concert. Est-ce que c\u2019est d\u00e9finitivement termin\u00e9 ?\u201d, l&rsquo;a questionn\u00e9 le complice de M\u00e9lanie Taravant. Cela ne semble pas d&rsquo;actualit\u00e9. <a href=\"https:\/\/www.public.fr\/je-ne-savais-pas-que-laurent-ruquier-la-reponse-cinglante-de-pierre-perret-a-l-attention-de-l-animateur-de-rtl\" target=\"_blank\" rel=\"noopener\">Le compositeur<\/a> a \u00ab\u00a0<strong>arr\u00eat\u00e9 il y a un an et demi \u00e0 peu pr\u00e8s<\/strong>\u00a0\u00bb mais pourquoi ?<\/p>\n<p>Pierre Perret pr\u00eat \u00e0 prendre sa retraite \u00e0 91 ans ?<\/p>\n<p>S&rsquo;il s&rsquo;est \u00e9loign\u00e9 de la sc\u00e8ne, Pierre Perret confesse que \u00ab\u00a0<strong>c&rsquo;est par respect du public.<\/strong> Je me dis : \u2018le jour o\u00f9 tu vas commencer \u00e0 devenir ramollo, si un jour tu perds tes l\u00e9gumes, l\u00e0 \u00e7a ne va plus\u2026\u2019\u201d, a-t-il expliqu\u00e9. Quant \u00e0 la retraite ? L&rsquo;envisage-t-il ? Invit\u00e9 de \u00ab\u00a0C \u00e0 vous\u00a0\u00bb ce 22 septembre, <a href=\"https:\/\/www.google.com\/url?sa=t&amp;source=web&amp;rct=j&amp;opi=89978449&amp;url=https:\/\/vsd.fr\/26693-reportage-pierre-perret-nous-a-fait-descendre-dans-sa-cave-a-vins-2\/&amp;ved=2ahUKEwjghvPyxPaPAxVTK_sDHa2tIh8QFnoECBYQAQ&amp;usg=AOvVaw2H2TpEKkQL2Fq2foHJe9Iu\" target=\"_blank\" rel=\"noopener\">l&rsquo;interpr\u00e8te de La Cage aux Oiseaux<\/a> a \u00e9t\u00e9 <strong>cat\u00e9gorique<\/strong>. Pour lui, il est hors de question de s&rsquo;en aller quand sa sant\u00e9 ne suivra plus.<\/p>\n<p>\u00ab\u00a0Je me suis donn\u00e9 en spectacle toute ma vie mais<strong> je ne voudrais pas que la derni\u00e8re image de moi, \u00e7a soit un mec qui perd ses l\u00e9gumes, qui tombe, qui commence \u00e0 chercher ses mots.<\/strong><strong> <\/strong>Je ne supporterai pas, parce que les gens ne m\u00e9ritent pas \u00e7a, surtout ceux qui m\u2019aiment\u00a0\u00bb, a-t-il expliqu\u00e9 \u00e0 <a href=\"https:\/\/www.google.com\/url?sa=t&amp;source=web&amp;rct=j&amp;opi=89978449&amp;url=https:\/\/vsd.fr\/75473-anne-elisabeth-lemoine-ce-celebre-chroniqueur-accuse-davoir-pris-la-grosse-tete\/&amp;ved=2ahUKEwiywPePxfaPAxVqVKQEHVSTN6MQFnoECBsQAQ&amp;usg=AOvVaw3qRP8j_yTVd_DUMTF4qXMn\" target=\"_blank\" rel=\"noopener\">Anne-Elisabeth Lemoine<\/a>. Tr\u00e8s proche de ses fans, Pierre Perret a alors fini par ajouter : \u00ab\u00a0<strong>Je ne voudrais pas les d\u00e9cevoir, ce serait trop triste pour moi<\/strong>\u00ab\u00a0.<\/p>\n<p>      Mentionn\u00e9s dans cet article<\/p>\n<p>      Sur le m\u00eame sujet<\/p>\n","protected":false},"excerpt":{"rendered":"Tous les matins, les \u00e9quipes de \u00ab\u00a0T\u00e9l\u00e9matin\u00a0\u00bb accueillent en fin d&rsquo;\u00e9mission une personnalit\u00e9 venue faire la promotion d&rsquo;un&hellip;\n","protected":false},"author":2,"featured_media":419385,"comment_status":"","ping_status":"","sticky":false,"template":"","format":"standard","meta":{"footnotes":""},"categories":[1355],"tags":[1695,5551,1696,58,59,1011,27,2400,594,1361,873,34584,137,12959],"class_list":{"0":"post-419384","1":"post","2":"type-post","3":"status-publish","4":"format-standard","5":"has-post-thumbnail","7":"category-musique","8":"tag-chanson","9":"tag-chanson-francaise","10":"tag-chanteur","11":"tag-divertissement","12":"tag-entertainment","13":"tag-fr","14":"tag-france","15":"tag-france-televisions","16":"tag-france-2","17":"tag-music","18":"tag-musique","19":"tag-pierre-perret","20":"tag-retraite","21":"tag-telematin"},"share_on_mastodon":{"url":"https:\/\/pubeurope.com\/@fr\/115271691426318103","error":""},"_links":{"self":[{"href":"https:\/\/www.europesays.com\/fr\/wp-json\/wp\/v2\/posts\/419384","targetHints":{"allow":["GET"]}}],"collection":[{"href":"https:\/\/www.europesays.com\/fr\/wp-json\/wp\/v2\/posts"}],"about":[{"href":"https:\/\/www.europesays.com\/fr\/wp-json\/wp\/v2\/types\/post"}],"author":[{"embeddable":true,"href":"https:\/\/www.europesays.com\/fr\/wp-json\/wp\/v2\/users\/2"}],"replies":[{"embeddable":true,"href":"https:\/\/www.europesays.com\/fr\/wp-json\/wp\/v2\/comments?post=419384"}],"version-history":[{"count":0,"href":"https:\/\/www.europesays.com\/fr\/wp-json\/wp\/v2\/posts\/419384\/revisions"}],"wp:featuredmedia":[{"embeddable":true,"href":"https:\/\/www.europesays.com\/fr\/wp-json\/wp\/v2\/media\/419385"}],"wp:attachment":[{"href":"https:\/\/www.europesays.com\/fr\/wp-json\/wp\/v2\/media?parent=419384"}],"wp:term":[{"taxonomy":"category","embeddable":true,"href":"https:\/\/www.europesays.com\/fr\/wp-json\/wp\/v2\/categories?post=419384"},{"taxonomy":"post_tag","embeddable":true,"href":"https:\/\/www.europesays.com\/fr\/wp-json\/wp\/v2\/tags?post=419384"}],"curies":[{"name":"wp","href":"https:\/\/api.w.org\/{rel}","templated":true}]}}