{"id":419400,"date":"2025-09-26T17:14:08","date_gmt":"2025-09-26T17:14:08","guid":{"rendered":"https:\/\/www.europesays.com\/fr\/419400\/"},"modified":"2025-09-26T17:14:08","modified_gmt":"2025-09-26T17:14:08","slug":"de-lusm-a-laffaire-fillon-le-parcours-de-nathalie-gavarino-la-presidente-du-tribunal-qui-a-condamne-nicolas-sarkozy-le-figaro","status":"publish","type":"post","link":"https:\/\/www.europesays.com\/fr\/419400\/","title":{"rendered":"De l\u2019USM \u00e0 l\u2019affaire Fillon, le parcours de Nathalie Gavarino, la pr\u00e9sidente du tribunal qui a condamn\u00e9 Nicolas Sarkozy &#8211; Le Figaro"},"content":{"rendered":"<ol>\n<li><a href=\"https:\/\/news.google.com\/rss\/articles\/CBMi-wFBVV95cUxQQzRKUWRHMmdKXzl5ZlBRUWt5RHVERDVGNklXSElfeEJKVFVNRE5jT29tZ1Ezem9tZmV3bnVzd2JPeHB5V2VNeFVMNlMwSDJILU5HSDRUZlNmRnNyTW5BUi1MT1k4TWVzYVlvNEJEQ0hEb291aFhJTThTNzJUZkVjT1FYQXd3SGhRaEt6aVRCTkZvRDJWR09PUFJadFM5dHNuS1R3al9qMVBWc1hYNnEtMWVKb2VjeXp4U3BSUUhfdkNiQWNJQmQ4NGFqUmtQSUtNcUlwdWEyRmRaY2dUMXIta3h6QWtibTRqOVBfOWN5RU53Qkl3SFB3RGszUQ?oc=5\" target=\"_blank\" rel=\"nofollow noopener\">De l\u2019USM \u00e0 l\u2019affaire Fillon, le parcours de Nathalie Gavarino, la pr\u00e9sidente du tribunal qui a condamn\u00e9 Nicolas Sarkozy<\/a>&nbsp;&nbsp;Le Figaro<\/li>\n<li><a href=\"https:\/\/news.google.com\/rss\/articles\/CBMivwFBVV95cUxQZzN1U1NLNUVwVHA3MWJoVWZma0hFR1lGX3lBVUFTT25Nb2ctdTZ1U0lwclhESmNGRVl6a2IyMWFtOG1qWTRFbnFkbDNJZl9lU0h0Y3B4cElzQlBMdnRIRllmWGFlTVZqVU9yNFJhN1FSczk2MlVKOGZieGRSckNjTXQza2cwaWU0TjJWS3prM243bGJ1UnEycWFBZFVFYUFfTGUzaG0xSHpHUVMxbVdHR1BwdWlMZGZCMXRGUUwyZw?oc=5\" target=\"_blank\" rel=\"nofollow noopener\">Sarkozy-Kadhafi : dix questions pour tout comprendre d\u2019un jugement historique<\/a>&nbsp;&nbsp;Mediapart<\/li>\n<li><a href=\"https:\/\/news.google.com\/rss\/articles\/CBMixgFBVV95cUxQSmI1UE8wQzFUbWpQUkxFSmZBUGlFbkhEcEFlR3NwZkR3MnBvdWR0RWJoREFvd3RHS0JZLW5iZFJ6NE14bndMOXhCaDA0b1RHTGVKdF9HbmZBcUNLcW4xM25RWDNlaDd1dGZjSVhZLUNEczRpeC1oYlBHdVR0MGVLYnZvYk5ZX1N0OWk3UDRQR25pRWtUZk5mRl9KZ1F5dGszQ2lvWjJBNHk4Z041RTBxY1B0djc5MXlhZW9XWS1SeG9NVExJdFE?oc=5\" target=\"_blank\" rel=\"nofollow noopener\">Nicolas Sarkozy a deux petites chances d\u2019\u00e9viter la prison<\/a>&nbsp;&nbsp;20 Minutes<\/li>\n<li><a href=\"https:\/\/news.google.com\/rss\/articles\/CBMimwJBVV95cUxPaUktTFdEanNhUDlGMDZYdFVWeElHakRUMW5OUVNtXzZkb0pjckRFVktQaGtkS3dmUnNjOXRhR1NqYjlIVVNNeUthdkJwQlJiUFNhSjlsdnItMnE4NVRINDZPQUkyV01BRlFRdXN0RHF1NU0wWkZVWENIeC1LaXl5ZGI0amRyelNFelctbVBWR0o0dDB3RkhIS1hjbDN1dEVvcFBZaEhkVXJPU2d3RjVSUFB3OHhrN3MyUW5mOVNRSUp2eEhTZkotSjRKRUxqNFFhUUNrSERwS29FcmJWUXA1REwyc2pwVG45YmpZeWRTQ0hYendValY1Tno5cktLNjUtSmR3M0dOQ1dBQ2hWRHRJQ1RGUXBnenhLV2dz?oc=5\" target=\"_blank\" rel=\"nofollow noopener\">Cellule isol\u00e9e, douche, t\u00e9l\u00e9vision, parloirs\u2026 Quelles seront les conditions de d\u00e9tention de Nicolas Sarkozy en prison<\/a>&nbsp;&nbsp;Le Parisien<\/li>\n<li><a href=\"https:\/\/news.google.com\/rss\/articles\/CBMi6gFBVV95cUxQaDJMNHo4d19CUXV3bF82TEtNaGFFLTcxajBDNHB4S2RxNmdvLUdNeHIwbWl2ZkRtelZwZEpMaXhaaDhranFmYVFhd1VYQmVBMjZWbWRTTFByaTFyUl9CaWE3cW80Tm9ac2I5ekdrcXNVZVFBVWVSaXdOTG9WQmxLM1loM3A0SWR0MDJzS2IzU0lhZGZHdFpjRDRrZ3hHSjhGWVRoZTdFdDdzQi1JMWxzMG56Sl96Z3M4WFdzS0JOUm53ZFRpa2FoUmpUNGZKbWpMRENSZWkwSkxDakJyRFI3Ti1WakpuaFRNcmc?oc=5\" target=\"_blank\" rel=\"nofollow noopener\">Condamnation de Nicolas Sarkozy : dans quelles conditions sera incarc\u00e9r\u00e9 l&rsquo;ancien pr\u00e9sident ?<\/a>&nbsp;&nbsp;France Info<\/li>\n<\/ol>\n","protected":false},"excerpt":{"rendered":"De l\u2019USM \u00e0 l\u2019affaire Fillon, le parcours de Nathalie Gavarino, la pr\u00e9sidente du tribunal qui a condamn\u00e9 Nicolas&hellip;\n","protected":false},"author":2,"featured_media":395849,"comment_status":"","ping_status":"","sticky":false,"template":"","format":"standard","meta":{"footnotes":""},"categories":[4],"tags":[11,1011,27,12,25],"class_list":{"0":"post-419400","1":"post","2":"type-post","3":"status-publish","4":"format-standard","5":"has-post-thumbnail","7":"category-france","8":"tag-actualites","9":"tag-fr","10":"tag-france","11":"tag-news","12":"tag-republique-francaise"},"share_on_mastodon":{"url":"https:\/\/pubeurope.com\/@fr\/115271726898760515","error":""},"_links":{"self":[{"href":"https:\/\/www.europesays.com\/fr\/wp-json\/wp\/v2\/posts\/419400","targetHints":{"allow":["GET"]}}],"collection":[{"href":"https:\/\/www.europesays.com\/fr\/wp-json\/wp\/v2\/posts"}],"about":[{"href":"https:\/\/www.europesays.com\/fr\/wp-json\/wp\/v2\/types\/post"}],"author":[{"embeddable":true,"href":"https:\/\/www.europesays.com\/fr\/wp-json\/wp\/v2\/users\/2"}],"replies":[{"embeddable":true,"href":"https:\/\/www.europesays.com\/fr\/wp-json\/wp\/v2\/comments?post=419400"}],"version-history":[{"count":0,"href":"https:\/\/www.europesays.com\/fr\/wp-json\/wp\/v2\/posts\/419400\/revisions"}],"wp:featuredmedia":[{"embeddable":true,"href":"https:\/\/www.europesays.com\/fr\/wp-json\/wp\/v2\/media\/395849"}],"wp:attachment":[{"href":"https:\/\/www.europesays.com\/fr\/wp-json\/wp\/v2\/media?parent=419400"}],"wp:term":[{"taxonomy":"category","embeddable":true,"href":"https:\/\/www.europesays.com\/fr\/wp-json\/wp\/v2\/categories?post=419400"},{"taxonomy":"post_tag","embeddable":true,"href":"https:\/\/www.europesays.com\/fr\/wp-json\/wp\/v2\/tags?post=419400"}],"curies":[{"name":"wp","href":"https:\/\/api.w.org\/{rel}","templated":true}]}}