{"id":419401,"date":"2025-09-26T17:15:17","date_gmt":"2025-09-26T17:15:17","guid":{"rendered":"https:\/\/www.europesays.com\/fr\/419401\/"},"modified":"2025-09-26T17:15:17","modified_gmt":"2025-09-26T17:15:17","slug":"lhebdo-dextreme-droite-valeurs-actuelles-rachete-par-un-trio-dhommes-daffaires-dont-pierre-edouard-sterin-liberation","status":"publish","type":"post","link":"https:\/\/www.europesays.com\/fr\/419401\/","title":{"rendered":"L\u2019hebdo d\u2019extr\u00eame droite \u00abValeurs actuelles\u00bb rachet\u00e9 par un trio d\u2019hommes d\u2019affaires, dont Pierre-Edouard St\u00e9rin \u2013 Lib\u00e9ration"},"content":{"rendered":"<p class=\"sc-cPiKLX AiZTS text-element\">De l\u2019extr\u00eame droite \u00e0 la droite extr\u00eamement conservatrice ? Voil\u00e0 un changement d\u2019actionnaire qui, pour une fois, ne devrait pas traumatiser toute une r\u00e9daction. Ce vendredi matin, <a href=\"https:\/\/www.lefigaro.fr\/medias\/valeurs-actuelles-rachete-par-un-trio-d-investisseurs-francais-20250926\" target=\"_blank\" rel=\"noreferrer nofollow noopener\" title=\"https:\/\/www.lefigaro.fr\/medias\/valeurs-actuelles-rachete-par-un-trio-d-investisseurs-francais-20250926\">le Figaro<\/a> a r\u00e9v\u00e9l\u00e9 que <a href=\"https:\/\/www.liberation.fr\/economie\/medias\/valeurs-actuelles-voit-cyril-hanouna-en-candidat-a-la-presidentielle-2027-20250428_R5GR2G4WXBHMFNGPO5AEP3DQNQ\/\" target=\"_blank\" rel=\"noreferrer nofollow noopener\" title=\"https:\/\/www.liberation.fr\/economie\/medias\/valeurs-actuelles-voit-cyril-hanouna-en-candidat-a-la-presidentielle-2027-20250428_R5GR2G4WXBHMFNGPO5AEP3DQNQ\/\">l\u2019hebdomadaire Valeurs actuelles<\/a> va prochainement \u00eatre vendu par son actuel propri\u00e9taire, la famille Safa, \u00e0 un trio d\u2019investisseurs fran\u00e7ais men\u00e9 par l\u2019entrepreneur Benjamin La Combe, 50 ans. Ce dernier est associ\u00e9 au milliardaire r\u00e9actionnaire <a href=\"https:\/\/www.liberation.fr\/tags\/pierre-edouard-sterin\/\" target=\"_blank\" rel=\"noreferrer nofollow noopener\" title=\"https:\/\/www.liberation.fr\/tags\/pierre-edouard-sterin\/\">Pierre-Edouard St\u00e9rin<\/a> et \u00e0 la famille Caude, qui a d\u00e9j\u00e0 investi par le pass\u00e9 dans l\u2019information en ligne.  <\/p>\n<p class=\"sc-cPiKLX AiZTS text-element\">Lorsque la vente sera finalis\u00e9e, \u00abdans les prochaines semaines\u00bb, selon le communiqu\u00e9 des repreneurs, Benjamin La Combe, nov <\/p>\n","protected":false},"excerpt":{"rendered":"De l\u2019extr\u00eame droite \u00e0 la droite extr\u00eamement conservatrice ? Voil\u00e0 un changement d\u2019actionnaire qui, pour une fois, ne&hellip;\n","protected":false},"author":2,"featured_media":419402,"comment_status":"","ping_status":"","sticky":false,"template":"","format":"standard","meta":{"footnotes":""},"categories":[2],"tags":[11,1076,1011,27,12,24249],"class_list":{"0":"post-419401","1":"post","2":"type-post","3":"status-publish","4":"format-standard","5":"has-post-thumbnail","7":"category-actualites","8":"tag-actualites","9":"tag-extreme-droite","10":"tag-fr","11":"tag-france","12":"tag-news","13":"tag-pierre-edouard-sterin"},"share_on_mastodon":{"url":"https:\/\/pubeurope.com\/@fr\/115271730689978055","error":""},"_links":{"self":[{"href":"https:\/\/www.europesays.com\/fr\/wp-json\/wp\/v2\/posts\/419401","targetHints":{"allow":["GET"]}}],"collection":[{"href":"https:\/\/www.europesays.com\/fr\/wp-json\/wp\/v2\/posts"}],"about":[{"href":"https:\/\/www.europesays.com\/fr\/wp-json\/wp\/v2\/types\/post"}],"author":[{"embeddable":true,"href":"https:\/\/www.europesays.com\/fr\/wp-json\/wp\/v2\/users\/2"}],"replies":[{"embeddable":true,"href":"https:\/\/www.europesays.com\/fr\/wp-json\/wp\/v2\/comments?post=419401"}],"version-history":[{"count":0,"href":"https:\/\/www.europesays.com\/fr\/wp-json\/wp\/v2\/posts\/419401\/revisions"}],"wp:featuredmedia":[{"embeddable":true,"href":"https:\/\/www.europesays.com\/fr\/wp-json\/wp\/v2\/media\/419402"}],"wp:attachment":[{"href":"https:\/\/www.europesays.com\/fr\/wp-json\/wp\/v2\/media?parent=419401"}],"wp:term":[{"taxonomy":"category","embeddable":true,"href":"https:\/\/www.europesays.com\/fr\/wp-json\/wp\/v2\/categories?post=419401"},{"taxonomy":"post_tag","embeddable":true,"href":"https:\/\/www.europesays.com\/fr\/wp-json\/wp\/v2\/tags?post=419401"}],"curies":[{"name":"wp","href":"https:\/\/api.w.org\/{rel}","templated":true}]}}