{"id":419419,"date":"2025-09-26T17:26:11","date_gmt":"2025-09-26T17:26:11","guid":{"rendered":"https:\/\/www.europesays.com\/fr\/419419\/"},"modified":"2025-09-26T17:26:11","modified_gmt":"2025-09-26T17:26:11","slug":"la-generosite-dune-infirmiere-permet-de-sauver-une-eglise-pres-de-rouen","status":"publish","type":"post","link":"https:\/\/www.europesays.com\/fr\/419419\/","title":{"rendered":"la g\u00e9n\u00e9rosit\u00e9 d\u2019une infirmi\u00e8re permet de sauver une \u00e9glise pr\u00e8s de Rouen"},"content":{"rendered":"<p>            Par<br \/>\n        <strong><br \/>\n            <a href=\"https:\/\/actu.fr\/auteur\/isabellevilly\" title=\"Consulter tous les articles de Isabelle Villy\" target=\"_blank\" rel=\"noopener\">Isabelle Villy<\/a><br \/>\n        <\/strong><\/p>\n<p>        Publi\u00e9 le<\/p>\n<p>            26 sept. 2025 \u00e0 18h34        <\/p>\n<p>Coralie Roger est d\u00e9c\u00e9d\u00e9e en 2019. Originaire du d\u00e9partement de l\u2019Eure, elle a exerc\u00e9 la profession d\u2019infirmi\u00e8re dans la r\u00e9gion de <a href=\"https:\/\/actu.fr\/normandie\/rouen_76540\" target=\"_blank\" rel=\"noopener\">Rouen (Seine-Maritime)<\/a>. Au terme de sa vie, elle a choisi de faire <strong>un legs <\/strong>\u00e0 <a href=\"https:\/\/actu.fr\/tag\/fondation-du-patrimoine\" target=\"_blank\" rel=\"noopener\">la Fondation du Patrimoine<\/a>, \u00e0 charge que celle-ci utilise l\u2019argent pour la restauration des \u00e9glises normandes. <strong>Cinq \u00e9glises de Normandie<\/strong> ont ainsi \u00e9t\u00e9 s\u00e9lectionn\u00e9es par la Fondation, parmi lesquelles l\u2019\u00e9glise Sainte-Jeanne-d\u2019Arc d\u2019<a href=\"https:\/\/actu.fr\/normandie\/eslettes_76245\" target=\"_blank\" rel=\"noopener\">Eslettes<\/a>, con\u00e7ue par un architecte bien connu \u00e0 Rouen,<strong> Pierres Chirol<\/strong>, et construite il y a cent ans, par l\u2019entreprise Lanfry, tout aussi r\u00e9put\u00e9e.<\/p>\n<p>Le montant du legs officialis\u00e9 mercredi dernier<\/p>\n<p class=\" wall-content\">Les repr\u00e9sentants de la <strong>Fondation du Patrimoine<\/strong> \u00e9taient pr\u00e9sents, mercredi 17\u00a0septembre, \u00e0 Eslettes, pour annoncer officiellement la somme attribu\u00e9e \u00e0 l\u2019\u00e9glise de la paroisse, \u00e0 savoir 50 000\u00a0euros. Le maire de la commune, <strong>Roland Gueville<\/strong>, \u00e9tait \u00e9galement pr\u00e9sent, tout comme le pr\u00eatre de la paroisse Romain Duriez, mais aussi des habitants du village, attach\u00e9s \u00e0 leur \u00e9glise, ainsi que les membres de l\u2019association dioc\u00e9saine \u00c9glise d\u2019Eslettes, m\u00e9moire et patrimoine. Et le r\u00f4le de l\u2019association s\u2019av\u00e8re pr\u00e9pond\u00e9rant pour les projets de restauration de l\u2019\u00e9glise.<\/p>\n<p>    <img   decoding=\"async\" loading=\"lazy\" src=\"https:\/\/www.europesays.com\/fr\/wp-content\/uploads\/2025\/09\/41ba3357cbc8645ba3357cbc829ba3v-960x640.jpg\" alt=\"Particularit\u00e9 : la cloche est dissoci\u00e9e de l'\u00e9glise.\u00a0\" width=\"960\" height=\"640\"\/><br \/>\n    Particularit\u00e9 : la cloche est dissoci\u00e9e de l\u2019\u00e9glise.\u00a0 (\u00a9Isabelle VILLY)<\/p>\n<p class=\" wall-content\">L\u2019\u00e9difice pr\u00e9sente en effet quelques particularit\u00e9s, comme celle d\u2019\u00eatre la propri\u00e9t\u00e9 du dioc\u00e8se, <strong>\u00ab une sp\u00e9cificit\u00e9 du village \u00bb<\/strong>, constate le maire. Ce qui revient \u00e0 dire que, contrairement \u00e0 une grande majorit\u00e9 des \u00e9glises qui appartiennent aux communes (loi de 1905 de s\u00e9paration de l\u2019\u00c9glise et de l\u2019\u00c9tat), l\u2019entretien et la restauration de l\u2019\u00e9glise Sainte-Jeanne-d\u2019Arc, n\u2019incombent pas \u00e0 la commune d\u2019Eslettes.<\/p>\n<p class=\" wall-content\">L\u2019association a donc \u00e9t\u00e9 cr\u00e9\u00e9e en vue de collecter des fonds, en organisant de nombreuses animations, avec pour objectif de <strong>sauvegarder, restaurer et valoriser l\u2019\u00e9difice<\/strong>. La qu\u00eate de fonds pour engager des travaux est essentielle et c\u2019est l\u00e0 que le concours de la Fondation du Patrimoine s\u2019av\u00e8re capital : via des collectes de dons, mais aussi, comme c\u2019est le cas pour Eslettes, via des legs, ou encore gr\u00e2ce au m\u00e9c\u00e9nat, il est possible de r\u00e9colter l\u2019argent n\u00e9cessaire pour proc\u00e9der \u00e0 la sauvegarde du patrimoine, notamment religieux.<\/p>\n<p>Gratitude envers la bienfaitrice, Coralie Roger<\/p>\n<p class=\" wall-content\">Bien entendu, <strong>la t\u00e2che est immense<\/strong> au regard des nombreux lieux de culte en danger. Le d\u00e9l\u00e9gu\u00e9 r\u00e9gional de la Fondation du Patrimoine, Olivier Leclerc, a d\u2019ailleurs rappel\u00e9 que le patrimoine religieux, en Normandie, est <strong>colossal<\/strong>. \u00ab On a cette chance de pouvoir accompagner la restauration de ce patrimoine. Nous fonctionnons uniquement avec la g\u00e9n\u00e9rosit\u00e9 des donateurs, nous ne sommes que des b\u00e9n\u00e9voles anim\u00e9s par notre passion du patrimoine. \u00bb<\/p>\n<p>    <img   decoding=\"async\" loading=\"lazy\" class=\"size-large\" src=\"https:\/\/www.europesays.com\/fr\/wp-content\/uploads\/2025\/09\/5d593aac1cc86d1693aac1cc821b93v-960x640.jpg\" alt=\"Eslettes plaque legs\" width=\"960\" height=\"640\"\/><br \/>\n    Une plaque en hommage \u00e0 la donatrice, Coralie Roger, a \u00e9t\u00e9 d\u00e9voil\u00e9e.\u00a0 \u00a9Isabelle VILLY<\/p>\n<p class=\" wall-content\">Le d\u00e9l\u00e9gu\u00e9 r\u00e9gional a exprim\u00e9 toute sa \u00ab <strong>gratitude envers Coralie Roger<\/strong> pour le legs qu\u2019elle a r\u00e9alis\u00e9 au b\u00e9n\u00e9fice du patrimoine religieux. Lors de sa fin de vie difficile, elle a trouv\u00e9 beaucoup d\u2019apaisement \u00e0 venir se recueillir dans les \u00e9glises \u00bb, a-t-il confi\u00e9.<\/p>\n<p>Votre r\u00e9gion, votre actu !<\/p>\n<p>Recevez chaque jour les infos qui comptent pour vous.<\/p>\n<p>\t<a href=\"https:\/\/actu.fr\/newsletter\" class=\"ac-btn ac-btn--corner ac-btn--medium ac-btn--blue800\" target=\"_blank\" rel=\"noopener\">S&rsquo;incrire<\/a><br \/>\nUn diagnostic pour fl\u00e9cher les travaux d\u2019urgence<\/p>\n<p class=\" wall-content\">Gr\u00e2ce \u00e0 la somme l\u00e9gu\u00e9e par cette bienfaitrice, des travaux d\u2019urgence vont pouvoir \u00eatre d\u00e9cid\u00e9s pour l\u2019\u00e9glise, au terme du diagnostic qui va \u00eatre r\u00e9alis\u00e9 et d\u00e9terminera les priorit\u00e9s.<\/p>\n<p class=\" wall-content\">Les b\u00e9n\u00e9voles de l\u2019association dioc\u00e9saine rappellent ainsi que la toiture est \u00e0 refaire, et que des interventions seraient n\u00e9cessaires sur les vitraux et autres boiseries de la charpente, ainsi que sur le porche\u2026 <strong>les 50 000\u00a0euros<\/strong> l\u00e9gu\u00e9s n\u2019y suffiront peut-\u00eatre pas, d\u2019o\u00f9 l\u2019importance de d\u00e9finir des priorit\u00e9s.<\/p>\n<p>La cloche dissoci\u00e9e de l\u2019\u00e9glise\u2026<\/p>\n<p class=\" wall-content\">\u00ab C\u2019est une \u00e9glise r\u00e9cente : l\u2019ancienne, qui se trouvait dans le cimeti\u00e8re, \u00e9tait une structure en bois, et elle a \u00e9t\u00e9 d\u00e9truite \u00bb, rappelle le maire<strong> Roland Gueville<\/strong>, qui souligne une autre particularit\u00e9 de l\u2019\u00e9glise d\u2019Eslettes, \u00e9rig\u00e9e en 1925 : la cloche est en effet dissoci\u00e9e de l\u2019\u00e9glise.<\/p>\n<p class=\" wall-content\">Elle a \u00e9t\u00e9 install\u00e9e pr\u00e8s de l\u2019\u00e9glise, mais sur le sol, apr\u00e8s que le clocher s\u2019est effondr\u00e9 il y a quelques ann\u00e9es. On vous le disait : l\u2019\u00e9glise d\u2019Eslettes est particuli\u00e8re.<\/p>\n<p>Suivez l\u2019actualit\u00e9 de Rouen <a href=\"https:\/\/www.whatsapp.com\/channel\/0029VaKfnf99hXF2ddApFB1D\" target=\"_blank\" rel=\"noopener\">sur notre cha\u00eene WhatsApp<\/a> et <a href=\"https:\/\/www.tiktok.com\/@76actu.fr?lang=fr\" target=\"_blank\" rel=\"noopener\">sur notre compte TikTok<\/a><\/p>\n<p class=\" wall-content\">Personnalisez votre actualit\u00e9 en ajoutant vos villes et m\u00e9dias en favori avec <a href=\"https:\/\/moncompte.actu.fr\" title=\"D\u00e9couvez Mon Actu\" rel=\"nofollow noopener\" data-trk=\"{&quot;cta&quot;:{&quot;action&quot;:&quot;https:\\\/\\\/moncompte.actu.fr&quot;,&quot;category&quot;:&quot;mon compte&quot;,&quot;from&quot;:&quot;article footer&quot;,&quot;name&quot;:&quot;Mon actu&quot;,&quot;type&quot;:&quot;cta&quot;}}\" target=\"_blank\">Mon Actu<\/a>.<\/p>\n<p>                    <script async src=\"\/\/www.tiktok.com\/embed.js\"><\/script><\/p>\n","protected":false},"excerpt":{"rendered":"Par Isabelle Villy Publi\u00e9 le 26 sept. 2025 \u00e0 18h34 Coralie Roger est d\u00e9c\u00e9d\u00e9e en 2019. Originaire du&hellip;\n","protected":false},"author":2,"featured_media":419420,"comment_status":"","ping_status":"","sticky":false,"template":"","format":"standard","meta":{"footnotes":""},"categories":[9587],"tags":[1111,11,1777,674,53847,1011,27,12,5161,2551,25,9590,104],"class_list":{"0":"post-419419","1":"post","2":"type-post","3":"status-publish","4":"format-standard","5":"has-post-thumbnail","7":"category-rouen","8":"tag-actu","9":"tag-actualites","10":"tag-eu","11":"tag-europe","12":"tag-fondation-du-patrimoine","13":"tag-fr","14":"tag-france","15":"tag-news","16":"tag-normandie","17":"tag-patrimoine","18":"tag-republique-francaise","19":"tag-rouen","20":"tag-societe"},"share_on_mastodon":{"url":"https:\/\/pubeurope.com\/@fr\/115271774488372948","error":""},"_links":{"self":[{"href":"https:\/\/www.europesays.com\/fr\/wp-json\/wp\/v2\/posts\/419419","targetHints":{"allow":["GET"]}}],"collection":[{"href":"https:\/\/www.europesays.com\/fr\/wp-json\/wp\/v2\/posts"}],"about":[{"href":"https:\/\/www.europesays.com\/fr\/wp-json\/wp\/v2\/types\/post"}],"author":[{"embeddable":true,"href":"https:\/\/www.europesays.com\/fr\/wp-json\/wp\/v2\/users\/2"}],"replies":[{"embeddable":true,"href":"https:\/\/www.europesays.com\/fr\/wp-json\/wp\/v2\/comments?post=419419"}],"version-history":[{"count":0,"href":"https:\/\/www.europesays.com\/fr\/wp-json\/wp\/v2\/posts\/419419\/revisions"}],"wp:featuredmedia":[{"embeddable":true,"href":"https:\/\/www.europesays.com\/fr\/wp-json\/wp\/v2\/media\/419420"}],"wp:attachment":[{"href":"https:\/\/www.europesays.com\/fr\/wp-json\/wp\/v2\/media?parent=419419"}],"wp:term":[{"taxonomy":"category","embeddable":true,"href":"https:\/\/www.europesays.com\/fr\/wp-json\/wp\/v2\/categories?post=419419"},{"taxonomy":"post_tag","embeddable":true,"href":"https:\/\/www.europesays.com\/fr\/wp-json\/wp\/v2\/tags?post=419419"}],"curies":[{"name":"wp","href":"https:\/\/api.w.org\/{rel}","templated":true}]}}